{"id":7232,"date":"2026-01-22T13:45:36","date_gmt":"2026-01-22T16:45:36","guid":{"rendered":"https:\/\/www.redeinspiraeducadores.com.br\/?p=7232"},"modified":"2026-01-22T13:45:36","modified_gmt":"2026-01-22T16:45:36","slug":"inspira-celebra-novas-certificacao-ib-em-escolas-da-rede","status":"publish","type":"post","link":"https:\/\/www.redeinspiraeducadores.com.br\/en\/inspira-celebra-novas-certificacao-ib-em-escolas-da-rede\/","title":{"rendered":"Certifica\u00e7\u00e3o IB fortalece a educa\u00e7\u00e3o internacional na Inspira"},"content":{"rendered":"<p><span style=\"font-weight: 400;\">Na Inspira Rede de Educadores, cada nova certifica\u00e7\u00e3o IB \u00e9 motivo de orgulho coletivo. Ver escolas da nossa Rede avan\u00e7ando em processos rigorosos de certifica\u00e7\u00e3o internacional refor\u00e7a a certeza de que estamos no caminho certo: investindo em qualidade pedag\u00f3gica, desenvolvimento humano e forma\u00e7\u00e3o conectada ao mundo. As novas certifica\u00e7\u00f5es IB representam o resultado de um trabalho consistente, constru\u00eddo por educadores, gestores e comunidades escolares comprometidas com uma educa\u00e7\u00e3o que prepara nossas crian\u00e7as para um futuro global.<\/span><\/p>\n<p><span style=\"font-weight: 400;\">O IB \u00e9 uma das certifica\u00e7\u00f5es educacionais mais respeitadas do mundo, reconhecida pela forma\u00e7\u00e3o integral dos estudantes e pelo incentivo \u00e0 autonomia, ao pensamento cr\u00edtico e \u00e0 mentalidade global. A obten\u00e7\u00e3o dessa certifica\u00e7\u00e3o envolve um processo cuidadoso, que exige alinhamento pedag\u00f3gico, forma\u00e7\u00e3o cont\u00ednua e compromisso com altos padr\u00f5es de qualidade.<\/span><\/p>\n<p><a href=\"https:\/\/www.redeinspiraeducadores.com.br\/en\/blog\/ib-internacionais-e-bilingues-diferencas-e-impacto-na-formacao\/\"><span style=\"font-weight: 400;\">Entenda as diferen\u00e7as e os impactos na forma\u00e7\u00e3o entre escolas IB, internacionais e bil\u00edngues.<\/span><\/a><\/p>\n<p>&nbsp;<\/p>\n<h2><b>Novas escolas da Rede certificadas pelo IB<\/b><\/h2>\n<p><span style=\"font-weight: 400;\">As seguintes marcas da Inspira passaram a integrar o grupo de escolas certificadas pelo IB, fortalecendo ainda mais a presen\u00e7a da Rede em programas internacionais:<\/span><\/p>\n<p>&nbsp;<\/p>\n<p><a href=\"https:\/\/www.crescimento.com.br\/\"><b>Escola Crescimento<\/b><\/a><span style=\"font-weight: 400;\"> \u2013 Programa PYP (Primary Years Programme)<\/span><\/p>\n<p><a href=\"https:\/\/www.colegioecursouniversitario.com.br\/\"><b>Col\u00e9gio Universit\u00e1rio<\/b><\/a><span style=\"font-weight: 400;\"> \u2013 Programa PYP (Primary Years Programme)<\/span><\/p>\n<p><a href=\"https:\/\/globalme.com.br\/\"><b>Global Me<\/b><\/a><span style=\"font-weight: 400;\"> \u2013 Programa PYP (Primary Years Programme)<\/span><\/p>\n<p><a href=\"https:\/\/www.escolacanadensedebrasilia.com.br\/\"><b>Escola Canadense de Bras\u00edlia<\/b><\/a><span style=\"font-weight: 400;\"> &#8211; Programa MYP (Middle Years Programme)<\/span><\/p>\n<p><a href=\"https:\/\/www.cspba.com.br\/\"><b>Col\u00e9gio S\u00e3o Paulo<\/b><\/a><span style=\"font-weight: 400;\"> \u2013 Programa DP (Diploma Programme)<\/span><\/p>\n<p><a href=\"https:\/\/www.anchietaba.com.br\/\"><b>Col\u00e9gio Anchieta<\/b><\/a><span style=\"font-weight: 400;\"> \u2013 Programa DP (Diploma Programme)<\/span><\/p>\n<p>&nbsp;<\/p>\n<p><span style=\"font-weight: 400;\">Cada certifica\u00e7\u00e3o representa o amadurecimento pedag\u00f3gico dessas escolas e o fortalecimento de propostas educacionais alinhadas a pr\u00e1ticas internacionais, sempre respeitando a identidade e o projeto pedag\u00f3gico de cada unidade.<\/span><\/p>\n<p>&nbsp;<\/p>\n<h2><b>Entendendo as diferen\u00e7as entre os programas PYP, MYP DP<\/b><\/h2>\n<p><span style=\"font-weight: 400;\">O PYP (Primary Years Programme) \u00e9 voltado para a Educa\u00e7\u00e3o Infantil e os Anos Iniciais do Ensino Fundamental. Seu foco est\u00e1 no aprendizado por investiga\u00e7\u00e3o, no desenvolvimento da curiosidade, da autonomia e da compreens\u00e3o do mundo a partir de experi\u00eancias significativas. O aluno \u00e9 incentivado a perguntar, explorar e construir conhecimento de forma ativa, desenvolvendo desde cedo uma mentalidade aberta e investigativa.<\/span><\/p>\n<p><span style=\"font-weight: 400;\">O MYP (Middle Years Programme) atende estudantes dos anos intermedi\u00e1rios da educa\u00e7\u00e3o b\u00e1sica. Nesse programa, o aprendizado se torna ainda mais estruturado e interdisciplinar, estimulando o pensamento cr\u00edtico, a aplica\u00e7\u00e3o pr\u00e1tica do conhecimento e a conex\u00e3o entre diferentes \u00e1reas. O MYP fortalece habilidades como pesquisa, comunica\u00e7\u00e3o, colabora\u00e7\u00e3o e reflex\u00e3o, preparando os alunos para desafios acad\u00eamicos mais complexos e para escolhas conscientes ao longo de sua trajet\u00f3ria escolar.<\/span><\/p>\n<p><span style=\"font-weight: 400;\">J\u00e1 o DP (Diploma Programme) \u00e9 destinado aos anos finais da educa\u00e7\u00e3o b\u00e1sica e tem como diferencial o rigor acad\u00eamico aliado \u00e0 forma\u00e7\u00e3o \u00e9tica e cr\u00edtica. O programa prepara os estudantes para os desafios do ensino superior, estimulando a pesquisa, o pensamento anal\u00edtico, a gest\u00e3o do tempo e o protagonismo intelectual, al\u00e9m de ser amplamente reconhecido por universidades no Brasil e no exterior.<\/span><\/p>\n<p><span style=\"font-weight: 400;\">Todos os programas compartilham a mesma ess\u00eancia: formar estudantes completos, conscientes de seu papel no mundo e preparados para atuar em contextos globais.<\/span><\/p>\n<p>&nbsp;<\/p>\n<h2><b>Forma\u00e7\u00e3o docente: base para uma educa\u00e7\u00e3o internacional de qualidade<\/b><\/h2>\n<p><span style=\"font-weight: 400;\">N\u00e3o apenas nossos alunos desfrutam dos benef\u00edcios da certifica\u00e7\u00e3o IB. Ao credenciarmos nossas escolas, olhamos tamb\u00e9m para os educadores que diariamente est\u00e3o em nossas salas de aula. Mais de 200 professores da Inspira receberam certifica\u00e7\u00e3o internacional, ampliando seus conhecimentos e pr\u00e1ticas pedag\u00f3gicas, alinhadas aos princ\u00edpios do IB.<\/span><\/p>\n<p><span style=\"font-weight: 400;\">Ter uma certifica\u00e7\u00e3o IB representa um diferencial importante na trajet\u00f3ria acad\u00eamica dos educadores. Al\u00e9m de ampliar repert\u00f3rios metodol\u00f3gicos e pedag\u00f3gicos, essa forma\u00e7\u00e3o fortalece compet\u00eancias como planejamento interdisciplinar, avalia\u00e7\u00e3o formativa e ensino centrado no aluno. Para o professor, \u00e9 uma oportunidade de crescimento profissional cont\u00ednuo; para a escola, a garantia de uma pr\u00e1tica alinhada a padr\u00f5es internacionais de excel\u00eancia; e para os alunos mais uma porta aberta para o futuro.<\/span><\/p>\n<p>&nbsp;<\/p>\n<h2><b>Internacionaliza\u00e7\u00e3o como caminho, n\u00e3o como ponto de chegada<\/b><\/h2>\n<p><span style=\"font-weight: 400;\">A Inspira entende a internacionaliza\u00e7\u00e3o da educa\u00e7\u00e3o como um processo cont\u00ednuo. Ao ampliar a certifica\u00e7\u00e3o IB, a Rede fortalece sua miss\u00e3o de formar cidad\u00e3os preparados para atuar em um mundo globalizado, sem abrir m\u00e3o da identidade local e dos valores que orientam cada comunidade escolar.<\/span><\/p>\n<p><span style=\"font-weight: 400;\">As novas certifica\u00e7\u00f5es ampliam esse caminho e refor\u00e7am o compromisso da Inspira com uma educa\u00e7\u00e3o que transforma e prepara para o futuro.<\/span><\/p>\n<p>Quer saber mais sobre a certifica\u00e7\u00e3o IB e seus programas? Acesse o site oficial do International Baccalaureate e conhe\u00e7a em detalhes o PYP, MYP e DP:<br \/>\n<a href=\"https:\/\/www.ibo.org\">https:\/\/www.ibo.org<\/a><\/p>","protected":false},"excerpt":{"rendered":"<p>Na Inspira Rede de Educadores, cada nova certifica\u00e7\u00e3o IB \u00e9 motivo de orgulho coletivo. Ver escolas da nossa Rede avan\u00e7ando [&hellip;]<\/p>\n","protected":false},"author":1,"featured_media":7237,"comment_status":"open","ping_status":"open","sticky":false,"template":"","format":"standard","meta":{"site-sidebar-layout":"default","site-content-layout":"","ast-site-content-layout":"default","site-content-style":"default","site-sidebar-style":"default","ast-global-header-display":"","ast-banner-title-visibility":"","ast-main-header-display":"","ast-hfb-above-header-display":"","ast-hfb-below-header-display":"","ast-hfb-mobile-header-display":"","site-post-title":"","ast-breadcrumbs-content":"","ast-featured-img":"","footer-sml-layout":"","ast-disable-related-posts":"","theme-transparent-header-meta":"","adv-header-id-meta":"","stick-header-meta":"","header-above-stick-meta":"","header-main-stick-meta":"","header-below-stick-meta":"","astra-migrate-meta-layouts":"default","ast-page-background-enabled":"default","ast-page-background-meta":{"desktop":{"background-color":"var(--ast-global-color-5)","background-image":"","background-repeat":"repeat","background-position":"center center","background-size":"auto","background-attachment":"scroll","background-type":"","background-media":"","overlay-type":"","overlay-color":"","overlay-opacity":"","overlay-gradient":""},"tablet":{"background-color":"","background-image":"","background-repeat":"repeat","background-position":"center center","background-size":"auto","background-attachment":"scroll","background-type":"","background-media":"","overlay-type":"","overlay-color":"","overlay-opacity":"","overlay-gradient":""},"mobile":{"background-color":"","background-image":"","background-repeat":"repeat","background-position":"center center","background-size":"auto","background-attachment":"scroll","background-type":"","background-media":"","overlay-type":"","overlay-color":"","overlay-opacity":"","overlay-gradient":""}},"ast-content-background-meta":{"desktop":{"background-color":"var(--ast-global-color-4)","background-image":"","background-repeat":"repeat","background-position":"center center","background-size":"auto","background-attachment":"scroll","background-type":"","background-media":"","overlay-type":"","overlay-color":"","overlay-opacity":"","overlay-gradient":""},"tablet":{"background-color":"var(--ast-global-color-4)","background-image":"","background-repeat":"repeat","background-position":"center center","background-size":"auto","background-attachment":"scroll","background-type":"","background-media":"","overlay-type":"","overlay-color":"","overlay-opacity":"","overlay-gradient":""},"mobile":{"background-color":"var(--ast-global-color-4)","background-image":"","background-repeat":"repeat","background-position":"center center","background-size":"auto","background-attachment":"scroll","background-type":"","background-media":"","overlay-type":"","overlay-color":"","overlay-opacity":"","overlay-gradient":""}},"footnotes":""},"categories":[1],"tags":[],"class_list":["post-7232","post","type-post","status-publish","format-standard","has-post-thumbnail","hentry","category-uncategorized"],"_links":{"self":[{"href":"https:\/\/www.redeinspiraeducadores.com.br\/en\/wp-json\/wp\/v2\/posts\/7232","targetHints":{"allow":["GET"]}}],"collection":[{"href":"https:\/\/www.redeinspiraeducadores.com.br\/en\/wp-json\/wp\/v2\/posts"}],"about":[{"href":"https:\/\/www.redeinspiraeducadores.com.br\/en\/wp-json\/wp\/v2\/types\/post"}],"author":[{"embeddable":true,"href":"https:\/\/www.redeinspiraeducadores.com.br\/en\/wp-json\/wp\/v2\/users\/1"}],"replies":[{"embeddable":true,"href":"https:\/\/www.redeinspiraeducadores.com.br\/en\/wp-json\/wp\/v2\/comments?post=7232"}],"version-history":[{"count":0,"href":"https:\/\/www.redeinspiraeducadores.com.br\/en\/wp-json\/wp\/v2\/posts\/7232\/revisions"}],"wp:featuredmedia":[{"embeddable":true,"href":"https:\/\/www.redeinspiraeducadores.com.br\/en\/wp-json\/wp\/v2\/media\/7237"}],"wp:attachment":[{"href":"https:\/\/www.redeinspiraeducadores.com.br\/en\/wp-json\/wp\/v2\/media?parent=7232"}],"wp:term":[{"taxonomy":"category","embeddable":true,"href":"https:\/\/www.redeinspiraeducadores.com.br\/en\/wp-json\/wp\/v2\/categories?post=7232"},{"taxonomy":"post_tag","embeddable":true,"href":"https:\/\/www.redeinspiraeducadores.com.br\/en\/wp-json\/wp\/v2\/tags?post=7232"}],"curies":[{"name":"wp","href":"https:\/\/api.w.org\/{rel}","templated":true}]}}