{"id":7151,"date":"2025-12-15T18:00:42","date_gmt":"2025-12-15T21:00:42","guid":{"rendered":"https:\/\/www.redeinspiraeducadores.com.br\/?p=7147"},"modified":"2025-12-15T18:00:42","modified_gmt":"2025-12-15T21:00:42","slug":"novo-episodio-inspiracast","status":"publish","type":"post","link":"https:\/\/www.redeinspiraeducadores.com.br\/en\/novo-episodio-inspiracast\/","title":{"rendered":"Novo Epis\u00f3dio do InspiraCast dispon\u00edvel! Global minds, global students."},"content":{"rendered":"<p><span style=\"font-weight: 400;\">O InspiraCast retorna com um epis\u00f3dio que mergulha em um dos temas mais atuais e necess\u00e1rios da educa\u00e7\u00e3o contempor\u00e2nea: a forma\u00e7\u00e3o de cidad\u00e3os globais. Muito al\u00e9m de conte\u00fados did\u00e1ticos, este epis\u00f3dio revela como curr\u00edculos internacionais, viv\u00eancias multiculturais e programas como o Go Global t\u00eam redefinido o sucesso escolar e ampliado horizontes para nossos alunos. Novo Epis\u00f3dio do InspiraCast dispon\u00edvel: Assista agora.<\/span><\/p>\n<p><span style=\"font-weight: 400;\">Educa\u00e7\u00e3o sem fronteiras: um convite para pais, estudantes, educadores e gestores que desejam compreender como a escola pode ser um espa\u00e7o completo de forma\u00e7\u00e3o ao unir desenvolvimento acad\u00eamico, prop\u00f3sito e experi\u00eancias internacionais.<\/span><\/p>\n<p>&nbsp;<\/p>\n<p><b>Painel de Especialistas: Internacionaliza\u00e7\u00e3o e Forma\u00e7\u00e3o Global<\/b><\/p>\n<p><span style=\"font-weight: 400;\">O bate-papo \u00e9 mediado por Alexandre Say\u00e3o, Diretor de Internacionaliza\u00e7\u00e3o da Inspira Rede de Educadores, que traz a vis\u00e3o estrat\u00e9gica de uma Rede plural, composta por escolas humanistas, internacionais, bil\u00edngues, tradicionais e institui\u00e7\u00f5es reconhecidas pela alta performance acad\u00eamica.<\/span><\/p>\n<p><span style=\"font-weight: 400;\">Para enriquecer o debate, dois convidados especiais se unem ao di\u00e1logo: Rodrigo Porto, Diretor Regional de Escolas Internacionais, trazendo a perspectiva sobre bilinguismo, imers\u00e3o cultural e curr\u00edculo internacional no dia a dia escolar; e Beatriz Alvarenga, Coordenadora do Go Global &#8211; Programa de Counseling da Inspira, que compartilha como o apoio \u00e0s fam\u00edlias e alunos abre portas para universidades no exterior e fortalece a autonomia e resili\u00eancia dos estudantes.<\/span><\/p>\n<p><span style=\"font-weight: 400;\">A uni\u00e3o dessas vozes mostra que excel\u00eancia acad\u00eamica e internacionaliza\u00e7\u00e3o n\u00e3o s\u00e3o opostos, mas sim pilares insepar\u00e1veis da educa\u00e7\u00e3o que prepara para a vida.<\/span><\/p>\n<p>&nbsp;<\/p>\n<p><b><img fetchpriority=\"high\" decoding=\"async\" class=\"alignnone size-full wp-image-7149\" src=\"https:\/\/www.redeinspiraeducadores.com.br\/wp-content\/uploads\/2025\/12\/WhatsApp-Image-2025-11-13-at-15.26.21.jpeg\" alt=\"\" width=\"1280\" height=\"854\" \/><\/b><\/p>\n<p><b>Forma\u00e7\u00e3o Integral: do curr\u00edculo ao mundo<\/b><\/p>\n<p><span style=\"font-weight: 400;\">O epis\u00f3dio destaca a trajet\u00f3ria de escolas voltadas para a internacionaliza\u00e7\u00e3o e como elas v\u00eam expandindo seu olhar para al\u00e9m da sala de aula. Traz \u00e0 luz temas como interc\u00e2mbios, parcerias com escolas estrangeiras, atividades multiculturais e o desenvolvimento de compet\u00eancias globais desde os primeiros anos escolares para criar bases s\u00f3lidas tamb\u00e9m no desenvolvimento acad\u00eamico e pessoal a longo prazo.<\/span><\/p>\n<p><span style=\"font-weight: 400;\">&#x1f3a7; Ou\u00e7a o novo epis\u00f3dio do InspiraCast:<\/span><\/p>\n<div class=\"ast-oembed-container\" style=\"height: 100%;\"><iframe title=\"Inspira Cast - GLOBAL MINDS, GLOBAL STUDENTS : EDUCA\u00c7\u00c3O SEM FRONTEIRAS\" width=\"500\" height=\"281\" src=\"https:\/\/www.youtube.com\/embed\/mcvhR54wIPw?feature=oembed\" frameborder=\"0\" allow=\"accelerometer; autoplay; clipboard-write; encrypted-media; gyroscope; picture-in-picture; web-share\" referrerpolicy=\"strict-origin-when-cross-origin\" allowfullscreen><\/iframe><\/div>\n<p><span style=\"font-weight: 400;\">Quer continuar aprendendo sobre educa\u00e7\u00e3o, internacionaliza\u00e7\u00e3o e futuro profissional? Acesse o <a href=\"https:\/\/www.redeinspiraeducadores.com.br\/en\/blog\/\">Blog<\/a> da Inspira Rede de Educadores e descubra conte\u00fados exclusivos sobre inova\u00e7\u00e3o, bem-estar, forma\u00e7\u00e3o integral e estrat\u00e9gias que transformam a jornada escolar.<\/span><\/p>","protected":false},"excerpt":{"rendered":"<p>O InspiraCast retorna com um epis\u00f3dio que mergulha em um dos temas mais atuais e necess\u00e1rios da educa\u00e7\u00e3o contempor\u00e2nea: a [&hellip;]<\/p>\n","protected":false},"author":1,"featured_media":7236,"comment_status":"open","ping_status":"open","sticky":false,"template":"","format":"standard","meta":{"site-sidebar-layout":"default","site-content-layout":"","ast-site-content-layout":"default","site-content-style":"default","site-sidebar-style":"default","ast-global-header-display":"","ast-banner-title-visibility":"","ast-main-header-display":"","ast-hfb-above-header-display":"","ast-hfb-below-header-display":"","ast-hfb-mobile-header-display":"","site-post-title":"","ast-breadcrumbs-content":"","ast-featured-img":"","footer-sml-layout":"","ast-disable-related-posts":"","theme-transparent-header-meta":"","adv-header-id-meta":"","stick-header-meta":"","header-above-stick-meta":"","header-main-stick-meta":"","header-below-stick-meta":"","astra-migrate-meta-layouts":"default","ast-page-background-enabled":"default","ast-page-background-meta":{"desktop":{"background-color":"var(--ast-global-color-5)","background-image":"","background-repeat":"repeat","background-position":"center center","background-size":"auto","background-attachment":"scroll","background-type":"","background-media":"","overlay-type":"","overlay-color":"","overlay-opacity":"","overlay-gradient":""},"tablet":{"background-color":"","background-image":"","background-repeat":"repeat","background-position":"center center","background-size":"auto","background-attachment":"scroll","background-type":"","background-media":"","overlay-type":"","overlay-color":"","overlay-opacity":"","overlay-gradient":""},"mobile":{"background-color":"","background-image":"","background-repeat":"repeat","background-position":"center center","background-size":"auto","background-attachment":"scroll","background-type":"","background-media":"","overlay-type":"","overlay-color":"","overlay-opacity":"","overlay-gradient":""}},"ast-content-background-meta":{"desktop":{"background-color":"var(--ast-global-color-4)","background-image":"","background-repeat":"repeat","background-position":"center center","background-size":"auto","background-attachment":"scroll","background-type":"","background-media":"","overlay-type":"","overlay-color":"","overlay-opacity":"","overlay-gradient":""},"tablet":{"background-color":"var(--ast-global-color-4)","background-image":"","background-repeat":"repeat","background-position":"center center","background-size":"auto","background-attachment":"scroll","background-type":"","background-media":"","overlay-type":"","overlay-color":"","overlay-opacity":"","overlay-gradient":""},"mobile":{"background-color":"var(--ast-global-color-4)","background-image":"","background-repeat":"repeat","background-position":"center center","background-size":"auto","background-attachment":"scroll","background-type":"","background-media":"","overlay-type":"","overlay-color":"","overlay-opacity":"","overlay-gradient":""}},"footnotes":""},"categories":[1],"tags":[],"class_list":["post-7151","post","type-post","status-publish","format-standard","has-post-thumbnail","hentry","category-uncategorized"],"_links":{"self":[{"href":"https:\/\/www.redeinspiraeducadores.com.br\/en\/wp-json\/wp\/v2\/posts\/7151","targetHints":{"allow":["GET"]}}],"collection":[{"href":"https:\/\/www.redeinspiraeducadores.com.br\/en\/wp-json\/wp\/v2\/posts"}],"about":[{"href":"https:\/\/www.redeinspiraeducadores.com.br\/en\/wp-json\/wp\/v2\/types\/post"}],"author":[{"embeddable":true,"href":"https:\/\/www.redeinspiraeducadores.com.br\/en\/wp-json\/wp\/v2\/users\/1"}],"replies":[{"embeddable":true,"href":"https:\/\/www.redeinspiraeducadores.com.br\/en\/wp-json\/wp\/v2\/comments?post=7151"}],"version-history":[{"count":0,"href":"https:\/\/www.redeinspiraeducadores.com.br\/en\/wp-json\/wp\/v2\/posts\/7151\/revisions"}],"wp:featuredmedia":[{"embeddable":true,"href":"https:\/\/www.redeinspiraeducadores.com.br\/en\/wp-json\/wp\/v2\/media\/7236"}],"wp:attachment":[{"href":"https:\/\/www.redeinspiraeducadores.com.br\/en\/wp-json\/wp\/v2\/media?parent=7151"}],"wp:term":[{"taxonomy":"category","embeddable":true,"href":"https:\/\/www.redeinspiraeducadores.com.br\/en\/wp-json\/wp\/v2\/categories?post=7151"},{"taxonomy":"post_tag","embeddable":true,"href":"https:\/\/www.redeinspiraeducadores.com.br\/en\/wp-json\/wp\/v2\/tags?post=7151"}],"curies":[{"name":"wp","href":"https:\/\/api.w.org\/{rel}","templated":true}]}}