{"id":7139,"date":"2025-11-26T14:51:59","date_gmt":"2025-11-26T17:51:59","guid":{"rendered":"https:\/\/www.redeinspiraeducadores.com.br\/?p=7139"},"modified":"2025-11-26T14:51:59","modified_gmt":"2025-11-26T17:51:59","slug":"inspirando-o-futuro-relatorio-de-sustentabilidade-inspira","status":"publish","type":"post","link":"https:\/\/www.redeinspiraeducadores.com.br\/en\/inspirando-o-futuro-relatorio-de-sustentabilidade-inspira\/","title":{"rendered":"Inspirando o Futuro: Relat\u00f3rio de Sustentabilidade Inspira"},"content":{"rendered":"<p><span style=\"font-weight: 400;\">O Relat\u00f3rio Anual de Sustentabilidade 2024 da Inspira Rede de Educadores re\u00fane avan\u00e7os, conquistas e iniciativas que refletem um ano marcado por crescimento, inova\u00e7\u00e3o e compromisso. Com uma comunidade de mais de <strong>60 mil pessoas entre estudantes e colaboradores<\/strong>, a Inspira reafirma sua miss\u00e3o de transformar vidas por meio da educa\u00e7\u00e3o de qualidade, unindo excel\u00eancia acad\u00eamica, impacto social, governan\u00e7a e sustentabilidade.\u00a0 <\/span><span style=\"font-weight: 400;\">A seguir, voc\u00ea confere os principais destaques que mostram como a Rede segue ampliando <strong>seu impacto, fortalecendo valores e inspirando o futuro.<\/strong><\/span><\/p>\n<p>&nbsp;<\/p>\n<p><b>Governan\u00e7a: Transpar\u00eancia, \u00e9tica e padr\u00e3o global<\/b><\/p>\n<p><span style=\"font-weight: 400;\">A governan\u00e7a corporativa da Inspira avan\u00e7ou significativamente, fortalecendo a transpar\u00eancia e as pr\u00e1ticas respons\u00e1veis que norteiam a Rede.<\/span><\/p>\n<p><span style=\"font-weight: 400;\">A chegada da Advent International, fundo global reconhecido pela excel\u00eancia em gest\u00e3o, marcou um novo momento de robustez institucional. O Conselho de Administra\u00e7\u00e3o passou a contar com dois membros independentes, Anama\u00edra Souza e Igor Lima, ampliando a diversidade de olhares, an\u00e1lises e decis\u00f5es estrat\u00e9gicas.<\/span><\/p>\n<p><span style=\"font-weight: 400;\">Outro marco importante foi a ades\u00e3o ao Pacto Global da ONU, consolidando publicamente o compromisso da Inspira com princ\u00edpios relacionados \u00e0 sustentabilidade, direitos humanos, combate \u00e0 corrup\u00e7\u00e3o e prote\u00e7\u00e3o ambiental.<\/span><\/p>\n<p><span style=\"font-weight: 400;\">Hoje, mesmo sem ser companhia aberta, a Inspira divulga balan\u00e7os auditados trimestralmente com base em diretrizes da B3, posicionando-se como refer\u00eancia em governan\u00e7a dentro do ensino b\u00e1sico.<\/span><\/p>\n<p>&nbsp;<\/p>\n<p><b>Internacionaliza\u00e7\u00e3o: Formando cidad\u00e3os do mundo<\/b><\/p>\n<p><span style=\"font-weight: 400;\">Educar para o futuro exige preparar os estudantes para um mundo global. Por isso, a Inspira consolidou seu eixo de Internacionaliza\u00e7\u00e3o em tr\u00eas frentes principais:<\/span><\/p>\n<ul>\n<li style=\"font-weight: 400;\" aria-level=\"1\"><span style=\"font-weight: 400;\">Bilinguismo<\/span><\/li>\n<li style=\"font-weight: 400;\" aria-level=\"1\"><span style=\"font-weight: 400;\">Internacionaliza\u00e7\u00e3o Curricular<\/span><\/li>\n<li style=\"font-weight: 400;\" aria-level=\"1\"><span style=\"font-weight: 400;\">Internacionaliza\u00e7\u00e3o at Home<\/span><\/li>\n<\/ul>\n<p><span style=\"font-weight: 400;\">Com investimento de 15 milh\u00f5es de reais, oito escolas ampliaram seus programas internacionais, e o n\u00famero de certifica\u00e7\u00f5es IB (International Baccalaureate) e Cambridge International cresceu.<\/span><\/p>\n<p><span style=\"font-weight: 400;\">Foram realizadas 1.360 horas de forma\u00e7\u00e3o para o IB, envolvendo 60 professores e 24 gestores, al\u00e9m de 97 alunos aprovados em universidades internacionais.<\/span><\/p>\n<p>&nbsp;<\/p>\n<p><b>Pessoas: Cultura, desenvolvimento e valoriza\u00e7\u00e3o<\/b><\/p>\n<p><span style=\"font-weight: 400;\">As pessoas s\u00e3o o maior ativo da Inspira. Em 2024, a \u00e1rea de Gente e Gest\u00e3o consolidou um ciclo de desenvolvimento com foco no clima organizacional e na valoriza\u00e7\u00e3o de talentos.<\/span><\/p>\n<p><span style=\"font-weight: 400;\">O eNPS atingiu 57,3, posicionando a Rede na zona de qualidade. As Academias de Diretores e Coordenadores promoveram conex\u00f5es e forma\u00e7\u00f5es para todo o Brasil, somando 990 minutos de capacita\u00e7\u00e3o e alcan\u00e7ando um NPS de 96.<\/span><\/p>\n<p><span style=\"font-weight: 400;\">A Inspira tamb\u00e9m estruturou sua Proposta de Valor ao Colaborador (EVP) e ampliou benef\u00edcios estrat\u00e9gicos, como o Total Pass e o acesso gratuito ao apoio em sa\u00fade mental.<\/span><\/p>\n<p>&nbsp;<\/p>\n<p><b>Social: Educa\u00e7\u00e3o que transforma comunidades<\/b><\/p>\n<p><span style=\"font-weight: 400;\">Comprometida com impacto social, a Inspira criou, em 2024, a \u00e1rea de Performance Acad\u00eamica e Oportunidade, dedicada \u00e0 oferta de bolsas integrais para crian\u00e7as\u00a0 talentosas e altamente engajadas nos estudos, mas sem condi\u00e7\u00f5es financeiras de acessar uma educa\u00e7\u00e3o de qualidade \u2014 um movimento que ser\u00e1 ampliado a partir de 2025.<\/span><\/p>\n<p><span style=\"font-weight: 400;\">Mais de 50 bolsas integrais foram concedidas, em parceria com organiza\u00e7\u00f5es como Ismart, Instituto Ponte, Instituto Ser T\u00e3o Grande, Instituto Apontar e Programa Bom Aluno.<\/span><\/p>\n<p><span style=\"font-weight: 400;\">A Inspira tamb\u00e9m destinou mais de 85 mil reais a <\/span><a href=\"https:\/\/www.redeinspiraeducadores.com.br\/en\/blog\/impacto-social\/\"><span style=\"font-weight: 400;\">Projetos Incentivados<\/span><\/a><span style=\"font-weight: 400;\"> via leis de incentivo fiscal, apoiando iniciativas de esporte, cidadania e cultura, incluindo:<\/span><\/p>\n<p>&nbsp;<\/p>\n<ul>\n<li style=\"font-weight: 400;\" aria-level=\"1\"><span style=\"font-weight: 400;\">Embarque das Cidades Parceiras<\/span><\/li>\n<li style=\"font-weight: 400;\" aria-level=\"1\"><span style=\"font-weight: 400;\">L\u00e1 Vem Hist\u00f3ria<\/span><\/li>\n<li style=\"font-weight: 400;\" aria-level=\"1\"><span style=\"font-weight: 400;\">WimBelemDon<\/span><\/li>\n<li style=\"font-weight: 400;\" aria-level=\"1\"><span style=\"font-weight: 400;\">Cultura, Sa\u00fade e Paz<\/span><\/li>\n<\/ul>\n<p>&nbsp;<\/p>\n<p><b>Parcerias que geram impacto<\/b><\/p>\n<p><span style=\"font-weight: 400;\">Duas grandes alian\u00e7as marcaram o ano:<\/span><\/p>\n<p>&nbsp;<\/p>\n<p><b>Instituto Gon\u00e7alves Dias (IGD):<\/b><\/p>\n<p><span style=\"font-weight: 400;\">Apoio \u00e0 constru\u00e7\u00e3o da sede, ao projeto Afazeres e ao Madrinha Social, que beneficiou 15 crian\u00e7as.<\/span><\/p>\n<p>&nbsp;<\/p>\n<p><b>Fraternidade Sem Fronteiras (FSF):<\/b><\/p>\n<p><a href=\"https:\/\/www.redeinspiraeducadores.com.br\/en\/blog\/do-brasil-ao-malawi-construindo-pontes-pela-educacao\/\"><span style=\"font-weight: 400;\">Fortalecimento da Ubuntu School<\/span><\/a><span style=\"font-weight: 400;\">, no Malawi, com melhorias estruturais, aquisi\u00e7\u00e3o de materiais e forma\u00e7\u00e3o em L\u00edngua de Sinais.<\/span><\/p>\n<p>&nbsp;<\/p>\n<p><b>Projetos que nascem dentro das escolas<\/b><\/p>\n<p><span style=\"font-weight: 400;\">As unidades da Rede desenvolvem projetos pr\u00f3prios de impacto comunit\u00e1rio, como:<\/span><\/p>\n<p>&nbsp;<\/p>\n<ul>\n<li aria-level=\"1\"><b>Simbiose que Alimenta \u2013 <\/b><span style=\"font-weight: 400;\">Col\u00e9gio Simbios (GO): arrecada\u00e7\u00e3o de 13 toneladas de alimentos, transformadas em 850 cestas b\u00e1sicas.<\/span><\/li>\n<\/ul>\n<ul>\n<li aria-level=\"1\"><b>Blood Donation \u2013 <\/b><span style=\"font-weight: 400;\">Col\u00e9gio 7 de Setembro (CE): estudantes mobilizaram a doa\u00e7\u00e3o de 69 bolsas de sangue, beneficiando mais de 270 pessoas.<\/span><\/li>\n<\/ul>\n<ul>\n<li aria-level=\"1\"><b>A\u00e7\u00e3o e Vida \u2013 <\/b><span style=\"font-weight: 400;\">Col\u00e9gio Universit\u00e1rio (PR): 2 toneladas de donativos para o Rio Grande do Sul e 35 mil reais arrecadados em feira de empreendedorismo.<\/span><\/li>\n<\/ul>\n<ul>\n<li aria-level=\"1\"><b>Natal Solid\u00e1rio \u2013 <\/b><span style=\"font-weight: 400;\">Col\u00e9gio Physics (PA): mais de 3 toneladas de alimentos, al\u00e9m de brinquedos e kits de higiene para fam\u00edlias em vulnerabilidade.<\/span><\/li>\n<\/ul>\n<ul>\n<li aria-level=\"1\"><b>Terra do Nunca \u2013 <\/b><span style=\"font-weight: 400;\">Escola Crescimento Calhau (MA): cria\u00e7\u00e3o de uma sala de leitura que beneficiou 150 pessoas e 92 alunos da zona rural.<\/span><\/li>\n<\/ul>\n<p>&nbsp;<\/p>\n<p><b>Meio Ambiente: Sustentabilidade como pr\u00e1tica di\u00e1ria<\/b><\/p>\n<p><span style=\"font-weight: 400;\">A Inspira avan\u00e7ou fortemente em iniciativas ambientais, assumindo metas claras e alcan\u00e7ando resultados expressivos.<\/span><\/p>\n<p>&nbsp;<\/p>\n<p><b>Renewable energy<\/b><\/p>\n<p><span style=\"font-weight: 400;\">22 escolas passaram a operar com energia 100% limpa, evitando a emiss\u00e3o de 33 toneladas de CO\u2082. A meta \u00e9 alcan\u00e7ar 40% de energia renov\u00e1vel em toda a rede at\u00e9 o final de 2025.<\/span><\/p>\n<p>&nbsp;<\/p>\n<p><b>Uso consciente da \u00e1gua<\/b><\/p>\n<p><span style=\"font-weight: 400;\">Com V\u00e1lvulas Controladoras de Vaz\u00e3o em 80% das escolas, a Rede reduziu em 54% o consumo de \u00e1gua, conquista reconhecida com o Selo Blue World.<\/span><\/p>\n<p>&nbsp;<\/p>\n<p><b>Res\u00edduos e economia circular<\/b><\/p>\n<p><span style=\"font-weight: 400;\">A Rede alcan\u00e7ou 100% de papel reciclado certificado em materiais did\u00e1ticos e ampliou significativamente a gest\u00e3o de res\u00edduos.<\/span><\/p>\n<p>&nbsp;<\/p>\n<p><span style=\"font-weight: 400;\">O Projeto Recicle nas Escolas cresceu 900%, totalizando:<\/span><\/p>\n<p>&nbsp;<\/p>\n<ul>\n<li style=\"font-weight: 400;\" aria-level=\"1\"><span style=\"font-weight: 400;\">7 toneladas de pl\u00e1sticos reciclados<\/span><\/li>\n<li style=\"font-weight: 400;\" aria-level=\"1\"><span style=\"font-weight: 400;\">1.110.183 litros de \u00e1gua economizados<\/span><\/li>\n<li style=\"font-weight: 400;\" aria-level=\"1\"><span style=\"font-weight: 400;\">33.243 kWh de energia poupados<\/span><\/li>\n<li style=\"font-weight: 400;\" aria-level=\"1\"><span style=\"font-weight: 400;\">24.958 kg de CO\u2082 evitados<\/span><\/li>\n<\/ul>\n<p>&nbsp;<\/p>\n<p><b>Um futuro sustent\u00e1vel come\u00e7a agora<\/b><\/p>\n<p><span style=\"font-weight: 400;\">O Relat\u00f3rio de Sustentabilidade 2024 reafirma o compromisso da Inspira com um modelo educacional que une excel\u00eancia acad\u00eamica, impacto social, governan\u00e7a s\u00f3lida e responsabilidade ambiental.<\/span><\/p>\n<p><span style=\"font-weight: 400;\">Cada conquista, parceria e iniciativa revela o prop\u00f3sito que nos move: inspirar o futuro por meio da educa\u00e7\u00e3o.<\/span><\/p>\n<p><span style=\"font-weight: 400;\">Para conhecer todos os dados, a\u00e7\u00f5es e resultados, acesse o Relat\u00f3rio Anual de Sustentabilidade completo da Inspira Rede de Educadores.<\/span><\/p>\n<p>&nbsp;<\/p>\n<p>Crescer com responsabilidade, educar com prop\u00f3sito e promover uma educa\u00e7\u00e3o que transforma s\u00e3o pilares que sustentam o trabalho da Inspira Rede de Educadores. Nosso compromisso \u00e9 transformar o presente para garantir um futuro mais equilibrado, humano e sustent\u00e1vel. Seguimos juntos Inspirando o futuro<\/p>\n<p>&nbsp;<\/p>\n<p><a href=\"https:\/\/t9013779330.p.clickup-attachments.com\/t9013779330\/12e1e9a4-bbe8-436e-82e3-4f562b2c7b9a\/RAS24_Inspira.pdf?view=open\"><span style=\"font-weight: 400;\">Acesse o Relat\u00f3rio de Sustentabilidade completo da Inspira Rede de Educadores e conhe\u00e7a em detalhes nossos avan\u00e7os, conquistas e compromissos.<\/span><\/a><\/p>","protected":false},"excerpt":{"rendered":"<p>O Relat\u00f3rio Anual de Sustentabilidade 2024 da Inspira Rede de Educadores re\u00fane avan\u00e7os, conquistas e iniciativas que refletem um ano [&hellip;]<\/p>\n","protected":false},"author":1,"featured_media":7113,"comment_status":"open","ping_status":"open","sticky":false,"template":"","format":"image","meta":{"site-sidebar-layout":"default","site-content-layout":"","ast-site-content-layout":"default","site-content-style":"default","site-sidebar-style":"default","ast-global-header-display":"","ast-banner-title-visibility":"","ast-main-header-display":"","ast-hfb-above-header-display":"","ast-hfb-below-header-display":"","ast-hfb-mobile-header-display":"","site-post-title":"","ast-breadcrumbs-content":"","ast-featured-img":"","footer-sml-layout":"","ast-disable-related-posts":"","theme-transparent-header-meta":"","adv-header-id-meta":"","stick-header-meta":"","header-above-stick-meta":"","header-main-stick-meta":"","header-below-stick-meta":"","astra-migrate-meta-layouts":"default","ast-page-background-enabled":"default","ast-page-background-meta":{"desktop":{"background-color":"var(--ast-global-color-5)","background-image":"","background-repeat":"repeat","background-position":"center center","background-size":"auto","background-attachment":"scroll","background-type":"","background-media":"","overlay-type":"","overlay-color":"","overlay-opacity":"","overlay-gradient":""},"tablet":{"background-color":"","background-image":"","background-repeat":"repeat","background-position":"center center","background-size":"auto","background-attachment":"scroll","background-type":"","background-media":"","overlay-type":"","overlay-color":"","overlay-opacity":"","overlay-gradient":""},"mobile":{"background-color":"","background-image":"","background-repeat":"repeat","background-position":"center center","background-size":"auto","background-attachment":"scroll","background-type":"","background-media":"","overlay-type":"","overlay-color":"","overlay-opacity":"","overlay-gradient":""}},"ast-content-background-meta":{"desktop":{"background-color":"var(--ast-global-color-4)","background-image":"","background-repeat":"repeat","background-position":"center center","background-size":"auto","background-attachment":"scroll","background-type":"","background-media":"","overlay-type":"","overlay-color":"","overlay-opacity":"","overlay-gradient":""},"tablet":{"background-color":"var(--ast-global-color-4)","background-image":"","background-repeat":"repeat","background-position":"center center","background-size":"auto","background-attachment":"scroll","background-type":"","background-media":"","overlay-type":"","overlay-color":"","overlay-opacity":"","overlay-gradient":""},"mobile":{"background-color":"var(--ast-global-color-4)","background-image":"","background-repeat":"repeat","background-position":"center center","background-size":"auto","background-attachment":"scroll","background-type":"","background-media":"","overlay-type":"","overlay-color":"","overlay-opacity":"","overlay-gradient":""}},"footnotes":""},"categories":[1],"tags":[],"class_list":["post-7139","post","type-post","status-publish","format-image","has-post-thumbnail","hentry","category-uncategorized","post_format-post-format-image"],"_links":{"self":[{"href":"https:\/\/www.redeinspiraeducadores.com.br\/en\/wp-json\/wp\/v2\/posts\/7139","targetHints":{"allow":["GET"]}}],"collection":[{"href":"https:\/\/www.redeinspiraeducadores.com.br\/en\/wp-json\/wp\/v2\/posts"}],"about":[{"href":"https:\/\/www.redeinspiraeducadores.com.br\/en\/wp-json\/wp\/v2\/types\/post"}],"author":[{"embeddable":true,"href":"https:\/\/www.redeinspiraeducadores.com.br\/en\/wp-json\/wp\/v2\/users\/1"}],"replies":[{"embeddable":true,"href":"https:\/\/www.redeinspiraeducadores.com.br\/en\/wp-json\/wp\/v2\/comments?post=7139"}],"version-history":[{"count":0,"href":"https:\/\/www.redeinspiraeducadores.com.br\/en\/wp-json\/wp\/v2\/posts\/7139\/revisions"}],"wp:featuredmedia":[{"embeddable":true,"href":"https:\/\/www.redeinspiraeducadores.com.br\/en\/wp-json\/wp\/v2\/media\/7113"}],"wp:attachment":[{"href":"https:\/\/www.redeinspiraeducadores.com.br\/en\/wp-json\/wp\/v2\/media?parent=7139"}],"wp:term":[{"taxonomy":"category","embeddable":true,"href":"https:\/\/www.redeinspiraeducadores.com.br\/en\/wp-json\/wp\/v2\/categories?post=7139"},{"taxonomy":"post_tag","embeddable":true,"href":"https:\/\/www.redeinspiraeducadores.com.br\/en\/wp-json\/wp\/v2\/tags?post=7139"}],"curies":[{"name":"wp","href":"https:\/\/api.w.org\/{rel}","templated":true}]}}