{"id":7106,"date":"2025-11-24T17:00:45","date_gmt":"2025-11-24T20:00:45","guid":{"rendered":"https:\/\/www.redeinspiraeducadores.com.br\/?p=7106"},"modified":"2025-11-24T17:00:45","modified_gmt":"2025-11-24T20:00:45","slug":"equilibrio-socioemocional-e-performance-inspiracast","status":"publish","type":"post","link":"https:\/\/www.redeinspiraeducadores.com.br\/en\/equilibrio-socioemocional-e-performance-inspiracast\/","title":{"rendered":"Equil\u00edbrio que inspira: socioemocional e performance acad\u00eamica"},"content":{"rendered":"<p><span style=\"font-weight: 400;\">Como o equil\u00edbrio entre socioemocional e performance acad\u00eamica se conectam para transformar a jornada escolar nas escolas da Inspira Rede de Educadores?<\/span><\/p>\n<p><span style=\"font-weight: 400;\">O InspiraCast retorna com um epis\u00f3dio que mergulha em um dos temas mais atuais e necess\u00e1rios da educa\u00e7\u00e3o contempor\u00e2nea: o encontro entre desempenho acad\u00eamico e compet\u00eancias socioemocionais. Muito al\u00e9m de uma vis\u00e3o tradicional pautada apenas em notas e aprova\u00e7\u00f5es, este epis\u00f3dio revela como o equil\u00edbrio entre foco, presen\u00e7a e sa\u00fade emocional tem redefinido o sucesso escolar.<\/span><\/p>\n<p>&nbsp;<\/p>\n<p><span style=\"font-weight: 400;\">O \u201cEquil\u00edbrio que inspira\u201d traz um convite para pais, estudantes, educadores e gestores que desejam compreender como a escola pode ser um espa\u00e7o completo de forma\u00e7\u00e3o ao unir rigor acad\u00eamico, prop\u00f3sito e cuidado humano.<\/span><\/p>\n<p>&nbsp;<\/p>\n<p><b>Painel de Especialistas: Performance, Presen\u00e7a e Prop\u00f3sito<\/b><\/p>\n<p><span style=\"font-weight: 400;\">O bate-papo \u00e9 mediado por Andr\u00e9 Aguiar, CEO da Inspira Rede de Educadores, que traz a vis\u00e3o estrat\u00e9gica de uma Rede plural, composta por escolas humanistas, internacionais, bil\u00edngues, tradicionais e institui\u00e7\u00f5es reconhecidas pela alta performance acad\u00eamica.<\/span><\/p>\n<p>&nbsp;<\/p>\n<p><span style=\"font-weight: 400;\">Para enriquecer o debate, dois convidados especiais se unem ao di\u00e1logo:<\/span><\/p>\n<p>&nbsp;<\/p>\n<ul>\n<li style=\"font-weight: 400;\" aria-level=\"1\"><span style=\"font-weight: 400;\">Hugo Almeida, Diretor de Marca do PB Col\u00e9gio e Curso \u2014 refer\u00eancia em performance e aprova\u00e7\u00f5es nos principais vestibulares,<\/span><\/li>\n<li style=\"font-weight: 400;\" aria-level=\"1\"><span style=\"font-weight: 400;\">Jaime Ribeiro, CEO da Educa by Rossandro Klinjey, parceira da Inspira na \u00e1rea socioemocional.<\/span><\/li>\n<\/ul>\n<p>&nbsp;<\/p>\n<p><span style=\"font-weight: 400;\">A uni\u00e3o dessas vozes mostra que excel\u00eancia acad\u00eamica e sa\u00fade emocional n\u00e3o s\u00e3o opostos, mas pilares insepar\u00e1veis da educa\u00e7\u00e3o que prepara para uma vida de equil\u00edbrio entre socioemocional e performance acad\u00eamica.\u00a0<\/span><\/p>\n<p>&nbsp;<\/p>\n<p><b>Forma\u00e7\u00e3o Integral: do foco extremo ao equil\u00edbrio<\/b><\/p>\n<p><span style=\"font-weight: 400;\">O epis\u00f3dio destaca a trajet\u00f3ria de escolas voltadas para a performance, como o PB, e como elas v\u00eam expandindo seu olhar para al\u00e9m da aprova\u00e7\u00e3o no vestibular. Traz \u00e0 luz temas como o uso consciente de telas e do celular, e o desenvolvimento de compet\u00eancias socioemocionais desde os primeiros anos escolares para criar bases s\u00f3lidas tamb\u00e9m no desenvolvimento acad\u00eamico e pessoal \u00e0 longo prazo.<\/span><\/p>\n<p>&nbsp;<\/p>\n<p><b>Ou\u00e7a o epis\u00f3dio completo do InspiraCast:<\/b><\/p>\n<div class=\"ast-oembed-container\" style=\"height: 100%;\"><iframe title=\"Inspira Cast - Equil\u00edbrio que inspira: o socioemocional na forma\u00e7\u00e3o e o novo olhar sobre performance\" width=\"500\" height=\"281\" src=\"https:\/\/www.youtube.com\/embed\/YO3LKpHdg-I?feature=oembed\" frameborder=\"0\" allow=\"accelerometer; autoplay; clipboard-write; encrypted-media; gyroscope; picture-in-picture; web-share\" referrerpolicy=\"strict-origin-when-cross-origin\" allowfullscreen><\/iframe><\/div>\n<p><span style=\"font-weight: 400;\">Quer continuar aprendendo sobre educa\u00e7\u00e3o, prop\u00f3sito e performance?<\/span><\/p>\n<p><span style=\"font-weight: 400;\">Se inscreva no canal do <a href=\"https:\/\/www.youtube.com\/channel\/UCm0g-uOYy615Nj6baPIcQcA\">Youtube<\/a> e acesse o <a href=\"https:\/\/www.redeinspiraeducadores.com.br\/en\/blog\/\">Blog da Inspira Rede de Educadores<\/a> e descubra conte\u00fados exclusivos sobre inova\u00e7\u00e3o, bem-estar, forma\u00e7\u00e3o integral e estrat\u00e9gias que transformam a jornada escolar.\u00a0<\/span><\/p>\n<p>&nbsp;<\/p>","protected":false},"excerpt":{"rendered":"<p>Como o equil\u00edbrio entre socioemocional e performance acad\u00eamica se conectam para transformar a jornada escolar nas escolas da Inspira Rede [&hellip;]<\/p>\n","protected":false},"author":1,"featured_media":7107,"comment_status":"open","ping_status":"open","sticky":false,"template":"","format":"image","meta":{"site-sidebar-layout":"default","site-content-layout":"","ast-site-content-layout":"default","site-content-style":"default","site-sidebar-style":"default","ast-global-header-display":"","ast-banner-title-visibility":"","ast-main-header-display":"","ast-hfb-above-header-display":"","ast-hfb-below-header-display":"","ast-hfb-mobile-header-display":"","site-post-title":"","ast-breadcrumbs-content":"","ast-featured-img":"","footer-sml-layout":"","ast-disable-related-posts":"","theme-transparent-header-meta":"","adv-header-id-meta":"","stick-header-meta":"","header-above-stick-meta":"","header-main-stick-meta":"","header-below-stick-meta":"","astra-migrate-meta-layouts":"default","ast-page-background-enabled":"default","ast-page-background-meta":{"desktop":{"background-color":"var(--ast-global-color-5)","background-image":"","background-repeat":"repeat","background-position":"center center","background-size":"auto","background-attachment":"scroll","background-type":"","background-media":"","overlay-type":"","overlay-color":"","overlay-opacity":"","overlay-gradient":""},"tablet":{"background-color":"","background-image":"","background-repeat":"repeat","background-position":"center center","background-size":"auto","background-attachment":"scroll","background-type":"","background-media":"","overlay-type":"","overlay-color":"","overlay-opacity":"","overlay-gradient":""},"mobile":{"background-color":"","background-image":"","background-repeat":"repeat","background-position":"center center","background-size":"auto","background-attachment":"scroll","background-type":"","background-media":"","overlay-type":"","overlay-color":"","overlay-opacity":"","overlay-gradient":""}},"ast-content-background-meta":{"desktop":{"background-color":"var(--ast-global-color-4)","background-image":"","background-repeat":"repeat","background-position":"center center","background-size":"auto","background-attachment":"scroll","background-type":"","background-media":"","overlay-type":"","overlay-color":"","overlay-opacity":"","overlay-gradient":""},"tablet":{"background-color":"var(--ast-global-color-4)","background-image":"","background-repeat":"repeat","background-position":"center center","background-size":"auto","background-attachment":"scroll","background-type":"","background-media":"","overlay-type":"","overlay-color":"","overlay-opacity":"","overlay-gradient":""},"mobile":{"background-color":"var(--ast-global-color-4)","background-image":"","background-repeat":"repeat","background-position":"center center","background-size":"auto","background-attachment":"scroll","background-type":"","background-media":"","overlay-type":"","overlay-color":"","overlay-opacity":"","overlay-gradient":""}},"footnotes":""},"categories":[8],"tags":[],"class_list":["post-7106","post","type-post","status-publish","format-image","has-post-thumbnail","hentry","category-blog","post_format-post-format-image"],"_links":{"self":[{"href":"https:\/\/www.redeinspiraeducadores.com.br\/en\/wp-json\/wp\/v2\/posts\/7106","targetHints":{"allow":["GET"]}}],"collection":[{"href":"https:\/\/www.redeinspiraeducadores.com.br\/en\/wp-json\/wp\/v2\/posts"}],"about":[{"href":"https:\/\/www.redeinspiraeducadores.com.br\/en\/wp-json\/wp\/v2\/types\/post"}],"author":[{"embeddable":true,"href":"https:\/\/www.redeinspiraeducadores.com.br\/en\/wp-json\/wp\/v2\/users\/1"}],"replies":[{"embeddable":true,"href":"https:\/\/www.redeinspiraeducadores.com.br\/en\/wp-json\/wp\/v2\/comments?post=7106"}],"version-history":[{"count":0,"href":"https:\/\/www.redeinspiraeducadores.com.br\/en\/wp-json\/wp\/v2\/posts\/7106\/revisions"}],"wp:featuredmedia":[{"embeddable":true,"href":"https:\/\/www.redeinspiraeducadores.com.br\/en\/wp-json\/wp\/v2\/media\/7107"}],"wp:attachment":[{"href":"https:\/\/www.redeinspiraeducadores.com.br\/en\/wp-json\/wp\/v2\/media?parent=7106"}],"wp:term":[{"taxonomy":"category","embeddable":true,"href":"https:\/\/www.redeinspiraeducadores.com.br\/en\/wp-json\/wp\/v2\/categories?post=7106"},{"taxonomy":"post_tag","embeddable":true,"href":"https:\/\/www.redeinspiraeducadores.com.br\/en\/wp-json\/wp\/v2\/tags?post=7106"}],"curies":[{"name":"wp","href":"https:\/\/api.w.org\/{rel}","templated":true}]}}