{"id":7095,"date":"2025-11-19T18:00:03","date_gmt":"2025-11-19T21:00:03","guid":{"rendered":"https:\/\/www.redeinspiraeducadores.com.br\/?p=7095"},"modified":"2025-11-19T18:00:03","modified_gmt":"2025-11-19T21:00:03","slug":"nosso-pais-inspira-amazonia","status":"publish","type":"post","link":"https:\/\/www.redeinspiraeducadores.com.br\/en\/nosso-pais-inspira-amazonia\/","title":{"rendered":"Nosso Pa\u00eds Inspira. E a Amaz\u00f4nia \u00e9 uma das partes que comp\u00f5em o nosso DNA."},"content":{"rendered":"<p><span style=\"font-weight: 400;\">A Amaz\u00f4nia \u00e9 territ\u00f3rio de vida, conhecimento e trabalho de milh\u00f5es de brasileiros. <\/span><span style=\"font-weight: 400;\">\u00c9 um espa\u00e7o onde a natureza se encontra com a diversidade cultural, e onde a educa\u00e7\u00e3o se torna ponte entre o presente e o futuro \u2014 um lugar onde, de tantas formas, nosso pa\u00eds inspira. <\/span><em><span style=\"font-weight: 400;\">\u00c9 tamb\u00e9m o ponto de partida da trajet\u00f3ria da Inspira Rede de Educadores pelo Brasil.<\/span><\/em><\/p>\n<p><span style=\"font-weight: 400;\">Quando a Inspira iniciou sua caminhada pela regi\u00e3o amaz\u00f4nica, deu um passo decisivo rumo a um prop\u00f3sito que vai al\u00e9m da sala de aula: transformar realidades por meio da educa\u00e7\u00e3o de excel\u00eancia, com respeito \u00e0s identidades locais e compromisso com o desenvolvimento sustent\u00e1vel.<\/span><\/p>\n<p><b>Educa\u00e7\u00e3o que gera pertencimento e oportunidades<\/b><\/p>\n<p><span style=\"font-weight: 400;\">Nas escolas da regi\u00e3o amaz\u00f4nica, a educa\u00e7\u00e3o ganha cores, vozes e ritmos pr\u00f3prios. Alunos compartilham suas culturas com as comunidades escolares e encontram, nesse espa\u00e7o, reconhecimento e pertencimento. Cada hist\u00f3ria vivida dentro dessas escolas \u00e9 um reflexo da for\u00e7a da diversidade e da riqueza humana que fazem da Amaz\u00f4nia um territ\u00f3rio \u00fanico.<\/span><\/p>\n<p><span style=\"font-weight: 400;\">Mais do que formar estudantes, a Inspira fortalece comunidades inteiras. O investimento em educa\u00e7\u00e3o de qualidade impulsiona o desenvolvimento local, movimenta a economia e abre caminhos para novas oportunidades. Na Amaz\u00f4nia, a educa\u00e7\u00e3o inspira descobertas, e cada descoberta se transforma em conquista.<\/span><\/p>\n<p><b>A presen\u00e7a que transforma<\/b><\/p>\n<p><span style=\"font-weight: 400;\">A Inspira \u00e9 hoje a maior rede de ensino privada na regi\u00e3o Amaz\u00f4nica. S\u00e3o 18 escolas, distribu\u00eddas em 7 munic\u00edpios, pertencentes a 4 marcas, que juntas atendem mais de 11 mil alunos.<\/span><\/p>\n<p><span style=\"font-weight: 400;\">Desde a chegada \u00e0 regi\u00e3o, a atua\u00e7\u00e3o da Inspira j\u00e1 gerou mais de R$ 500 milh\u00f5es em impacto econ\u00f4mico, sendo R$ 100 milh\u00f5es somente em 2025. Esses n\u00fameros traduzem o alcance de uma presen\u00e7a que gera oportunidades, movimenta a economia e transforma vidas por meio da educa\u00e7\u00e3o.<\/span><\/p>\n<p><span style=\"font-weight: 400;\">Entre <a href=\"https:\/\/www.redeinspiraeducadores.com.br\/en\/nossas-escolas\/\">as escolas<\/a> que integram essa regi\u00e3o est\u00e3o o Col\u00e9gio Physics, o Col\u00e9gio Intera\u00e7\u00e3o Vozes Ativas, a Escola IDAAM, o Col\u00e9gio Canadense de Bel\u00e9m, o Primeiro Mundo Cana\u00e3 e o Primeiro Mundo Ouril\u00e2ndia. Cada uma delas \u00e9 um exemplo vivo do compromisso da Rede com o desenvolvimento humano, a valoriza\u00e7\u00e3o das culturas locais e a constru\u00e7\u00e3o de um futuro mais pr\u00f3spero.<\/span><\/p>\n<p><b><img fetchpriority=\"high\" decoding=\"async\" class=\"wp-image-7096 aligncenter\" src=\"https:\/\/www.redeinspiraeducadores.com.br\/wp-content\/uploads\/2025\/11\/A1A7948-scaled-1.jpg\" alt=\"Estudante sorrindo em sala de aula, representando como a presen\u00e7a da Inspira na Amaz\u00f4nia transforma vidas pela educa\u00e7\u00e3o.\" width=\"552\" height=\"368\" srcset=\"https:\/\/www.redeinspiraeducadores.com.br\/wp-content\/uploads\/2025\/11\/A1A7948-scaled-1.jpg 2560w, https:\/\/www.redeinspiraeducadores.com.br\/wp-content\/uploads\/2025\/11\/A1A7948-scaled-1-300x200.jpg 300w, https:\/\/www.redeinspiraeducadores.com.br\/wp-content\/uploads\/2025\/11\/A1A7948-scaled-1-1024x683.jpg 1024w, https:\/\/www.redeinspiraeducadores.com.br\/wp-content\/uploads\/2025\/11\/A1A7948-scaled-1-768x512.jpg 768w, https:\/\/www.redeinspiraeducadores.com.br\/wp-content\/uploads\/2025\/11\/A1A7948-scaled-1-1536x1024.jpg 1536w, https:\/\/www.redeinspiraeducadores.com.br\/wp-content\/uploads\/2025\/11\/A1A7948-scaled-1-2048x1366.jpg 2048w\" sizes=\"(max-width: 552px) 100vw, 552px\" \/><\/b><\/p>\n<p>&nbsp;<\/p>\n<p><b>Nosso pa\u00eds inspira. E a Amaz\u00f4nia \u00e9 parte do nosso DNA.<\/b><\/p>\n<p><span style=\"font-weight: 400;\">\u201cNosso Pa\u00eds Inspira\u201d nasce para celebrar a diversidade e reconhecer o impacto da educa\u00e7\u00e3o em cada canto do Brasil. A Amaz\u00f4nia \u00e9 o primeiro cap\u00edtulo dessa jornada, uma regi\u00e3o que inspira, acolhe e ensina a olhar o futuro com esperan\u00e7a.<\/span><\/p>\n<p><span style=\"font-weight: 400;\">Nosso pa\u00eds inspira. E a Amaz\u00f4nia \u00e9 uma das partes que comp\u00f5em o nosso DNA.<\/span><\/p>\n<p><b>Assista ao v\u00eddeo completo:<\/b><\/p>\n<div class=\"ast-oembed-container\" style=\"height: 100%;\"><iframe title=\"Nosso pa\u00eds inspira. E a Amaz\u00f4nia \u00e9 uma das partes que comp\u00f5em o nosso DNA.\" width=\"500\" height=\"281\" src=\"https:\/\/www.youtube.com\/embed\/75NsIiDppFk?feature=oembed\" frameborder=\"0\" allow=\"accelerometer; autoplay; clipboard-write; encrypted-media; gyroscope; picture-in-picture; web-share\" referrerpolicy=\"strict-origin-when-cross-origin\" allowfullscreen><\/iframe><\/div>","protected":false},"excerpt":{"rendered":"<p>A Amaz\u00f4nia \u00e9 territ\u00f3rio de vida, conhecimento e trabalho de milh\u00f5es de brasileiros. \u00c9 um espa\u00e7o onde a natureza se [&hellip;]<\/p>\n","protected":false},"author":1,"featured_media":7103,"comment_status":"open","ping_status":"open","sticky":false,"template":"","format":"image","meta":{"site-sidebar-layout":"default","site-content-layout":"","ast-site-content-layout":"default","site-content-style":"default","site-sidebar-style":"default","ast-global-header-display":"","ast-banner-title-visibility":"","ast-main-header-display":"","ast-hfb-above-header-display":"","ast-hfb-below-header-display":"","ast-hfb-mobile-header-display":"","site-post-title":"","ast-breadcrumbs-content":"","ast-featured-img":"","footer-sml-layout":"","ast-disable-related-posts":"","theme-transparent-header-meta":"","adv-header-id-meta":"","stick-header-meta":"","header-above-stick-meta":"","header-main-stick-meta":"","header-below-stick-meta":"","astra-migrate-meta-layouts":"default","ast-page-background-enabled":"default","ast-page-background-meta":{"desktop":{"background-color":"var(--ast-global-color-5)","background-image":"","background-repeat":"repeat","background-position":"center center","background-size":"auto","background-attachment":"scroll","background-type":"","background-media":"","overlay-type":"","overlay-color":"","overlay-opacity":"","overlay-gradient":""},"tablet":{"background-color":"","background-image":"","background-repeat":"repeat","background-position":"center center","background-size":"auto","background-attachment":"scroll","background-type":"","background-media":"","overlay-type":"","overlay-color":"","overlay-opacity":"","overlay-gradient":""},"mobile":{"background-color":"","background-image":"","background-repeat":"repeat","background-position":"center center","background-size":"auto","background-attachment":"scroll","background-type":"","background-media":"","overlay-type":"","overlay-color":"","overlay-opacity":"","overlay-gradient":""}},"ast-content-background-meta":{"desktop":{"background-color":"var(--ast-global-color-4)","background-image":"","background-repeat":"repeat","background-position":"center center","background-size":"auto","background-attachment":"scroll","background-type":"","background-media":"","overlay-type":"","overlay-color":"","overlay-opacity":"","overlay-gradient":""},"tablet":{"background-color":"var(--ast-global-color-4)","background-image":"","background-repeat":"repeat","background-position":"center center","background-size":"auto","background-attachment":"scroll","background-type":"","background-media":"","overlay-type":"","overlay-color":"","overlay-opacity":"","overlay-gradient":""},"mobile":{"background-color":"var(--ast-global-color-4)","background-image":"","background-repeat":"repeat","background-position":"center center","background-size":"auto","background-attachment":"scroll","background-type":"","background-media":"","overlay-type":"","overlay-color":"","overlay-opacity":"","overlay-gradient":""}},"footnotes":""},"categories":[8,12,1],"tags":[13,14,37,17],"class_list":["post-7095","post","type-post","status-publish","format-image","has-post-thumbnail","hentry","category-blog","category-noticias","category-uncategorized","tag-educacao","tag-escolas","tag-esg","tag-qualidade-pedagogica","post_format-post-format-image"],"_links":{"self":[{"href":"https:\/\/www.redeinspiraeducadores.com.br\/en\/wp-json\/wp\/v2\/posts\/7095","targetHints":{"allow":["GET"]}}],"collection":[{"href":"https:\/\/www.redeinspiraeducadores.com.br\/en\/wp-json\/wp\/v2\/posts"}],"about":[{"href":"https:\/\/www.redeinspiraeducadores.com.br\/en\/wp-json\/wp\/v2\/types\/post"}],"author":[{"embeddable":true,"href":"https:\/\/www.redeinspiraeducadores.com.br\/en\/wp-json\/wp\/v2\/users\/1"}],"replies":[{"embeddable":true,"href":"https:\/\/www.redeinspiraeducadores.com.br\/en\/wp-json\/wp\/v2\/comments?post=7095"}],"version-history":[{"count":0,"href":"https:\/\/www.redeinspiraeducadores.com.br\/en\/wp-json\/wp\/v2\/posts\/7095\/revisions"}],"wp:featuredmedia":[{"embeddable":true,"href":"https:\/\/www.redeinspiraeducadores.com.br\/en\/wp-json\/wp\/v2\/media\/7103"}],"wp:attachment":[{"href":"https:\/\/www.redeinspiraeducadores.com.br\/en\/wp-json\/wp\/v2\/media?parent=7095"}],"wp:term":[{"taxonomy":"category","embeddable":true,"href":"https:\/\/www.redeinspiraeducadores.com.br\/en\/wp-json\/wp\/v2\/categories?post=7095"},{"taxonomy":"post_tag","embeddable":true,"href":"https:\/\/www.redeinspiraeducadores.com.br\/en\/wp-json\/wp\/v2\/tags?post=7095"}],"curies":[{"name":"wp","href":"https:\/\/api.w.org\/{rel}","templated":true}]}}