{"id":7079,"date":"2025-10-27T10:33:41","date_gmt":"2025-10-27T13:33:41","guid":{"rendered":"https:\/\/www.redeinspiraeducadores.com.br\/?p=7079"},"modified":"2025-10-27T10:33:41","modified_gmt":"2025-10-27T13:33:41","slug":"inspira-pelo-mundo-estonia-diretor-de-internacionalizacao","status":"publish","type":"post","link":"https:\/\/www.redeinspiraeducadores.com.br\/en\/inspira-pelo-mundo-estonia-diretor-de-internacionalizacao\/","title":{"rendered":"Inspira pelo mundo: Diretor de Internacionaliza\u00e7\u00e3o embarca em viagem imersiva pela Est\u00f4nia"},"content":{"rendered":"<p><span style=\"font-weight: 400;\">A Est\u00f4nia vem conquistando destaque global por seu desempenho excepcional no Programa Internacional de Avalia\u00e7\u00e3o de Alunos (PISA), liderando o ranking europeu e figurando entre os primeiros colocados no mundo. Com um modelo educacional que une excel\u00eancia acad\u00eamica, inova\u00e7\u00e3o tecnol\u00f3gica e equidade, o pa\u00eds se tornou refer\u00eancia em sistemas de ensino ao redor do globo.<\/span><\/p>\n<p><span style=\"font-weight: 400;\">Para conhecer de perto essa realidade transformadora, nosso Diretor de Internacionaliza\u00e7\u00e3o, Alexandre Say\u00e3o, embarcou em uma jornada de imers\u00e3o na rotina escolar estoniana, acompanhado por um grupo de educadores brasileiros. O objetivo? Identificar pr\u00e1ticas pedag\u00f3gicas que possam ser adaptadas \u00e0 nossa realidade. Portanto, enriquecemos a proposta educacional da Inspira Rede de Educadores.<\/span><\/p>\n<h3><b><img fetchpriority=\"high\" decoding=\"async\" class=\"alignnone wp-image-7084\" src=\"https:\/\/www.redeinspiraeducadores.com.br\/wp-content\/uploads\/2025\/10\/WhatsApp-Image-2025-10-24-at-14.27.34-1.jpeg\" alt=\"\" width=\"765\" height=\"510\" srcset=\"https:\/\/www.redeinspiraeducadores.com.br\/wp-content\/uploads\/2025\/10\/WhatsApp-Image-2025-10-24-at-14.27.34-1.jpeg 1280w, https:\/\/www.redeinspiraeducadores.com.br\/wp-content\/uploads\/2025\/10\/WhatsApp-Image-2025-10-24-at-14.27.34-1-300x200.jpeg 300w, https:\/\/www.redeinspiraeducadores.com.br\/wp-content\/uploads\/2025\/10\/WhatsApp-Image-2025-10-24-at-14.27.34-1-1024x682.jpeg 1024w, https:\/\/www.redeinspiraeducadores.com.br\/wp-content\/uploads\/2025\/10\/WhatsApp-Image-2025-10-24-at-14.27.34-1-768x512.jpeg 768w\" sizes=\"(max-width: 765px) 100vw, 765px\" \/><\/b><\/h3>\n<h3><b>Educa\u00e7\u00e3o e Inova\u00e7\u00e3o foram destaques da viagem<\/b><\/h3>\n<p><span style=\"font-weight: 400;\">A recep\u00e7\u00e3o ao grupo contou com a presen\u00e7a da embaixada brasileira e de uma professora de uma das principais universidades estonianas. Os primeiros debates abordaram o uso da Intelig\u00eancia Artificial (AI) na educa\u00e7\u00e3o, com destaque para:<\/span><\/p>\n<ul>\n<li style=\"font-weight: 400;\" aria-level=\"1\"><b>Letramento digital dos professores<\/b><span style=\"font-weight: 400;\">: forma\u00e7\u00e3o cr\u00edtica para uso de tecnologias, incluindo uma vers\u00e3o do ChatGPT adaptada para contexto educacional;<\/span><\/li>\n<li style=\"font-weight: 400;\" aria-level=\"1\"><b>Testes institucionais com IA nas escolas<\/b><span style=\"font-weight: 400;\">: iniciativas recentes que apontam para personaliza\u00e7\u00e3o do ensino e gest\u00e3o eficiente<\/span><\/li>\n<\/ul>\n<p><span style=\"font-weight: 400;\">No segundo dia, o grupo conheceu o projeto <\/span><b>e-Estonia<\/b><span style=\"font-weight: 400;\">, uma infraestrutura digital pioneira que h\u00e1 15 anos promove interoperabilidade entre sistemas e equidade no acesso aos servi\u00e7os p\u00fablicos, inclusive na educa\u00e7\u00e3o, possibilitando um melhor acompanhamento e gest\u00e3o pedag\u00f3gica a n\u00edvel nacional.<\/span><\/p>\n<h3><b><img decoding=\"async\" class=\"alignnone size-full wp-image-7087\" src=\"https:\/\/www.redeinspiraeducadores.com.br\/wp-content\/uploads\/2025\/10\/WhatsApp-Image-2025-10-20-at-17.45.58-4.jpeg\" alt=\"\" width=\"1600\" height=\"890\" srcset=\"https:\/\/www.redeinspiraeducadores.com.br\/wp-content\/uploads\/2025\/10\/WhatsApp-Image-2025-10-20-at-17.45.58-4.jpeg 1600w, https:\/\/www.redeinspiraeducadores.com.br\/wp-content\/uploads\/2025\/10\/WhatsApp-Image-2025-10-20-at-17.45.58-4-300x167.jpeg 300w, https:\/\/www.redeinspiraeducadores.com.br\/wp-content\/uploads\/2025\/10\/WhatsApp-Image-2025-10-20-at-17.45.58-4-1024x570.jpeg 1024w, https:\/\/www.redeinspiraeducadores.com.br\/wp-content\/uploads\/2025\/10\/WhatsApp-Image-2025-10-20-at-17.45.58-4-768x427.jpeg 768w, https:\/\/www.redeinspiraeducadores.com.br\/wp-content\/uploads\/2025\/10\/WhatsApp-Image-2025-10-20-at-17.45.58-4-1536x854.jpeg 1536w\" sizes=\"(max-width: 1600px) 100vw, 1600px\" \/>Encontro com a Secretaria de Educa\u00e7\u00e3o<\/b><\/h3>\n<p><span style=\"font-weight: 400;\">No terceiro dia de viagem, Alexandre Say\u00e3o se reuniu com o Minist\u00e9rio da Educa\u00e7\u00e3o da Est\u00f4nia, respons\u00e1vel por ser refer\u00eancias em\u00a0sistemas de ensino majoritariamente p\u00fablico (94%). O di\u00e1logo abordou a <\/span><b>gest\u00e3o escolar descentralizada<\/b><span style=\"font-weight: 400;\"> com foco na autonomia para definir curr\u00edculos e hor\u00e1rios conforme a identidade regional \u2014 modelo que se conecta \u00e0 <\/span><a href=\"https:\/\/www.redeinspiraeducadores.com.br\/en\/quem-somos\/\"><span style=\"font-weight: 400;\">proposta da Inspira<\/span><\/a><span style=\"font-weight: 400;\"> que possui como base manter o legado pedag\u00f3gico das escolas e atender \u00e0s necessidades locais com excel\u00eancia acad\u00eamica.<\/span><\/p>\n<p><span style=\"font-weight: 400;\">O dia foi encerrado com uma visita a uma escola particular de alto desempenho, que valoriza atividades extracurriculares e experi\u00eancias fora da sala de aula, promovendo uma forma\u00e7\u00e3o integral dos alunos.<\/span><\/p>\n<p><span style=\"font-weight: 400;\">Ao longo da viagem, o grupo tamb\u00e9m visitou outras cinco escolas p\u00fablicas estonianas, de diferentes tamanhos, propostas pedag\u00f3gicas e perfis de alunados \u2014 incluindo duas de reconhecimento internacional.\u00a0<\/span><\/p>\n<p><span style=\"font-weight: 400;\">\u201cUma caracter\u00edstica que salta aos olhos \u00e9 a promo\u00e7\u00e3o de uma educa\u00e7\u00e3o integral que vai al\u00e9m das disciplinas tradicionais. Todas oferecem cursos extras e escolinhas, chamados de clubes ou hobbies na Est\u00f4nia. Seja esportes, artes, m\u00fasica, rob\u00f3tica, xadrez, olimp\u00edadas ou o aprendizado de um segundo ou terceiro idioma \u2014 todo estoniano experimenta desde cedo diferentes possibilidades\u201d, comenta Alexandre.<\/span><\/p>\n<p><span style=\"font-weight: 400;\">Para ele, essas experi\u00eancias promovem uma forma\u00e7\u00e3o ampla e cidad\u00e3 desde a inf\u00e2ncia, prioridade tamb\u00e9m compartilhada pelas escolas da Inspira.<\/span><\/p>\n<h3><strong><img decoding=\"async\" class=\"alignnone size-full wp-image-7088\" src=\"https:\/\/www.redeinspiraeducadores.com.br\/wp-content\/uploads\/2025\/10\/WhatsApp-Image-2025-10-20-at-17.45.40-4.jpeg\" alt=\"\" width=\"1600\" height=\"900\" srcset=\"https:\/\/www.redeinspiraeducadores.com.br\/wp-content\/uploads\/2025\/10\/WhatsApp-Image-2025-10-20-at-17.45.40-4.jpeg 1600w, https:\/\/www.redeinspiraeducadores.com.br\/wp-content\/uploads\/2025\/10\/WhatsApp-Image-2025-10-20-at-17.45.40-4-300x169.jpeg 300w, https:\/\/www.redeinspiraeducadores.com.br\/wp-content\/uploads\/2025\/10\/WhatsApp-Image-2025-10-20-at-17.45.40-4-1024x576.jpeg 1024w, https:\/\/www.redeinspiraeducadores.com.br\/wp-content\/uploads\/2025\/10\/WhatsApp-Image-2025-10-20-at-17.45.40-4-768x432.jpeg 768w, https:\/\/www.redeinspiraeducadores.com.br\/wp-content\/uploads\/2025\/10\/WhatsApp-Image-2025-10-20-at-17.45.40-4-1536x864.jpeg 1536w\" sizes=\"(max-width: 1600px) 100vw, 1600px\" \/>O Programa Internacional de Avalia\u00e7\u00e3o de Estudantes<\/strong><\/h3>\n<p><span style=\"font-weight: 400;\">O PISA, do ingl\u00eas <\/span><i><span style=\"font-weight: 400;\">Programme for International Student Assessment<\/span><\/i><span style=\"font-weight: 400;\">, criado em 2000, \u00e9 uma iniciativa da Organiza\u00e7\u00e3o para a Coopera\u00e7\u00e3o e Desenvolvimento Econ\u00f4mico (OCDE) aplicada a cada tr\u00eas anos. O exame avalia alunos de diferentes origens e sistemas de ensino em tr\u00eas \u00e1reas principais: Leitura, Matem\u00e1tica e Ci\u00eancias. Os resultados orientam pol\u00edticas p\u00fablicas e estrat\u00e9gias pedag\u00f3gicas em diversos pa\u00edses.<\/span><\/p>\n<p><span style=\"font-weight: 400;\">Mesmo diante dos desafios da pandemia, a Est\u00f4nia manteve sua excel\u00eancia educacional. Na \u00faltima edi\u00e7\u00e3o, em 2022, o pa\u00eds conquistou:<\/span><\/p>\n<ul>\n<li style=\"font-weight: 400;\" aria-level=\"1\"><span style=\"font-weight: 400;\">\u00a01\u00ba lugar em Ci\u00eancias na Europa<\/span><\/li>\n<li style=\"font-weight: 400;\" aria-level=\"1\"><span style=\"font-weight: 400;\">\u00a0Lideran\u00e7a em Matem\u00e1tica (junto \u00e0 Su\u00ed\u00e7a)<\/span><\/li>\n<li style=\"font-weight: 400;\" aria-level=\"1\"><span style=\"font-weight: 400;\">\u00a0Dom\u00ednio absoluto em Leitura (ao lado da Irlanda)<\/span><\/li>\n<\/ul>\n<p>Apesar de muitos pa\u00edses enfrentarem quedas significativas no desempenho, a Est\u00f4nia, em contrapartida, manteve uma evolu\u00e7\u00e3o consistente, alcan\u00e7ando a 6\u00aa posi\u00e7\u00e3o no mundo e a 1\u00aa coloca\u00e7\u00e3o na Europa e pa\u00edses Ocidentais. Isso evidencia a for\u00e7a de seu sistema educacional descentralizado, digitalizado e resiliente.<\/p>\n<p><span style=\"font-weight: 400;\">No mesmo ano, as escolas da Inspira apresentaram resultados surpreendentes. Os col\u00e9gios Jo\u00e3o Paulo, Universit\u00e1rio, e o Leonardo da Vinci, por exemplo, quando comparados com as m\u00e9dias dos pa\u00edses participantes, alcan\u00e7aram a 4\u00aa maior nota do ranking PISA Global, passando as m\u00e9dias da Coreia, Finl\u00e2ndia e Canad\u00e1, pa\u00edses que tamb\u00e9m s\u00e3o refer\u00eancia em sistemas de ensino. <\/span><a href=\"https:\/\/exame.com\/bussola\/pisa-escolas-brasileiras-alcancaram-media-superior-a-525-pontos\/\"><span style=\"font-weight: 400;\">Saiba mais!\u00a0<\/span><\/a><\/p>\n<h3>Inspira no Cen\u00e1rio Internacional<\/h3>\n<p><span style=\"font-weight: 400;\">Entender de perto as melhores pr\u00e1ticas pedag\u00f3gicas internacionais e visitar pa\u00edses refer\u00eancias em excel\u00eancia acad\u00eamica, nos ajuda a promover movimentos semelhantes em nossas escolas. Por isso,\u00a0 de 23 a 25 de outubro, a Inspira esteve no <\/span><b>International Baccalaureate Global Conference 2025<\/b><span style=\"font-weight: 400;\">, em Haia, na Holanda, evento que re\u00fane educadores de todo o mundo para discutir tend\u00eancias, desafios e inova\u00e7\u00f5es no ensino internacional.<\/span><\/p>\n<p><span style=\"font-weight: 400;\">Quer saber mais sobre escolas IB e como elas transformam a educa\u00e7\u00e3o? Explore nosso <\/span><a href=\"https:\/\/www.redeinspiraeducadores.com.br\/en\/blog\/ib-internacionais-e-bilingues-diferencas-e-impacto-na-formacao\/\"><span style=\"font-weight: 400;\">blog<\/span><\/a><span style=\"font-weight: 400;\"> e acompanhe as novidades da Inspira Rede de Educadores.<\/span><\/p>\n<p>&nbsp;<\/p>","protected":false},"excerpt":{"rendered":"<p>A Est\u00f4nia vem conquistando destaque global por seu desempenho excepcional no Programa Internacional de Avalia\u00e7\u00e3o de Alunos (PISA), liderando o [&hellip;]<\/p>\n","protected":false},"author":1,"featured_media":7081,"comment_status":"open","ping_status":"open","sticky":false,"template":"","format":"standard","meta":{"site-sidebar-layout":"default","site-content-layout":"","ast-site-content-layout":"default","site-content-style":"default","site-sidebar-style":"default","ast-global-header-display":"","ast-banner-title-visibility":"","ast-main-header-display":"","ast-hfb-above-header-display":"","ast-hfb-below-header-display":"","ast-hfb-mobile-header-display":"","site-post-title":"","ast-breadcrumbs-content":"","ast-featured-img":"","footer-sml-layout":"","ast-disable-related-posts":"","theme-transparent-header-meta":"","adv-header-id-meta":"","stick-header-meta":"","header-above-stick-meta":"","header-main-stick-meta":"","header-below-stick-meta":"","astra-migrate-meta-layouts":"default","ast-page-background-enabled":"default","ast-page-background-meta":{"desktop":{"background-color":"var(--ast-global-color-5)","background-image":"","background-repeat":"repeat","background-position":"center center","background-size":"auto","background-attachment":"scroll","background-type":"","background-media":"","overlay-type":"","overlay-color":"","overlay-opacity":"","overlay-gradient":""},"tablet":{"background-color":"","background-image":"","background-repeat":"repeat","background-position":"center center","background-size":"auto","background-attachment":"scroll","background-type":"","background-media":"","overlay-type":"","overlay-color":"","overlay-opacity":"","overlay-gradient":""},"mobile":{"background-color":"","background-image":"","background-repeat":"repeat","background-position":"center center","background-size":"auto","background-attachment":"scroll","background-type":"","background-media":"","overlay-type":"","overlay-color":"","overlay-opacity":"","overlay-gradient":""}},"ast-content-background-meta":{"desktop":{"background-color":"var(--ast-global-color-4)","background-image":"","background-repeat":"repeat","background-position":"center center","background-size":"auto","background-attachment":"scroll","background-type":"","background-media":"","overlay-type":"","overlay-color":"","overlay-opacity":"","overlay-gradient":""},"tablet":{"background-color":"var(--ast-global-color-4)","background-image":"","background-repeat":"repeat","background-position":"center center","background-size":"auto","background-attachment":"scroll","background-type":"","background-media":"","overlay-type":"","overlay-color":"","overlay-opacity":"","overlay-gradient":""},"mobile":{"background-color":"var(--ast-global-color-4)","background-image":"","background-repeat":"repeat","background-position":"center center","background-size":"auto","background-attachment":"scroll","background-type":"","background-media":"","overlay-type":"","overlay-color":"","overlay-opacity":"","overlay-gradient":""}},"footnotes":""},"categories":[1],"tags":[13,14,43,17,25],"class_list":["post-7079","post","type-post","status-publish","format-standard","has-post-thumbnail","hentry","category-uncategorized","tag-educacao","tag-escolas","tag-internacionalizacao","tag-qualidade-pedagogica","tag-ranking-internacional"],"_links":{"self":[{"href":"https:\/\/www.redeinspiraeducadores.com.br\/en\/wp-json\/wp\/v2\/posts\/7079","targetHints":{"allow":["GET"]}}],"collection":[{"href":"https:\/\/www.redeinspiraeducadores.com.br\/en\/wp-json\/wp\/v2\/posts"}],"about":[{"href":"https:\/\/www.redeinspiraeducadores.com.br\/en\/wp-json\/wp\/v2\/types\/post"}],"author":[{"embeddable":true,"href":"https:\/\/www.redeinspiraeducadores.com.br\/en\/wp-json\/wp\/v2\/users\/1"}],"replies":[{"embeddable":true,"href":"https:\/\/www.redeinspiraeducadores.com.br\/en\/wp-json\/wp\/v2\/comments?post=7079"}],"version-history":[{"count":0,"href":"https:\/\/www.redeinspiraeducadores.com.br\/en\/wp-json\/wp\/v2\/posts\/7079\/revisions"}],"wp:featuredmedia":[{"embeddable":true,"href":"https:\/\/www.redeinspiraeducadores.com.br\/en\/wp-json\/wp\/v2\/media\/7081"}],"wp:attachment":[{"href":"https:\/\/www.redeinspiraeducadores.com.br\/en\/wp-json\/wp\/v2\/media?parent=7079"}],"wp:term":[{"taxonomy":"category","embeddable":true,"href":"https:\/\/www.redeinspiraeducadores.com.br\/en\/wp-json\/wp\/v2\/categories?post=7079"},{"taxonomy":"post_tag","embeddable":true,"href":"https:\/\/www.redeinspiraeducadores.com.br\/en\/wp-json\/wp\/v2\/tags?post=7079"}],"curies":[{"name":"wp","href":"https:\/\/api.w.org\/{rel}","templated":true}]}}