{"id":7063,"date":"2025-10-07T18:00:46","date_gmt":"2025-10-07T21:00:46","guid":{"rendered":"https:\/\/www.redeinspiraeducadores.com.br\/?p=7063"},"modified":"2025-10-07T18:00:46","modified_gmt":"2025-10-07T21:00:46","slug":"inspiracast-preparacao-academica-trajetoria-profissional-enem","status":"publish","type":"post","link":"https:\/\/www.redeinspiraeducadores.com.br\/en\/inspiracast-preparacao-academica-trajetoria-profissional-enem\/","title":{"rendered":"Novo epis\u00f3dio do InspiraCast no ar: prepara\u00e7\u00e3o Acad\u00eamica e Trajet\u00f3ria Profissional"},"content":{"rendered":"<p><em>Como a prepara\u00e7\u00e3o acad\u00eamica e o futuro profissional se conectam para transformar trajet\u00f3rias de alunos da Inspira Rede de Educadores<\/em><\/p>\n<p><span style=\"font-weight: 400;\">O <\/span><b>InspiraCast<\/b><span style=\"font-weight: 400;\">, o podcast da <\/span><b>Inspira Rede de Educadores<\/b><span style=\"font-weight: 400;\">, est\u00e1 de volta com um epis\u00f3dio que toca em um tema central e transformador: a import\u00e2ncia da <\/span><b>prepara\u00e7\u00e3o acad\u00eamica<\/b><span style=\"font-weight: 400;\"> como alicerce para o sucesso profissional e pessoal. Longe de focar apenas na aprova\u00e7\u00e3o imediata, o novo epis\u00f3dio mergulha no futuro, discutindo como o investimento na jornada escolar molda carreiras e vidas.<\/span><\/p>\n<p><span style=\"font-weight: 400;\">Com o t\u00edtulo <\/span><b>&#8220;Da sala de aula ao futuro: como a prepara\u00e7\u00e3o transforma trajet\u00f3rias profissionais&#8221;<\/b><span style=\"font-weight: 400;\">, a conversa \u00e9 essencial para pais, estudantes e educadores que buscam entender o valor da educa\u00e7\u00e3o que vai <\/span><b>al\u00e9m do conte\u00fado curricular<\/b><span style=\"font-weight: 400;\">.<\/span><\/p>\n<h3><b>Painel de Especialistas: Estrat\u00e9gia, Performance e Realidade na Escola<\/b><\/h3>\n<p><span style=\"font-weight: 400;\">A for\u00e7a deste epis\u00f3dio est\u00e1 na reuni\u00e3o de vozes estrat\u00e9gicas que oferecem uma vis\u00e3o 360\u00ba sobre o ciclo educacional de alta performance. A conversa \u00e9 conduzida por <\/span><b>Andr\u00e9 Aguiar<\/b><span style=\"font-weight: 400;\">, CEO da Inspira, que atua como <\/span><i><span style=\"font-weight: 400;\">host<\/span><\/i><span style=\"font-weight: 400;\">, trazendo a vis\u00e3o estrat\u00e9gica e de lideran\u00e7a da Rede. Ao seu lado, <\/span><b>R\u00f4mulo Duarte<\/b><span style=\"font-weight: 400;\">, Diretor de Produto da Inspira Rede de Educadores, detalha as iniciativas de <\/span><b>alta performance<\/b><span style=\"font-weight: 400;\"> baseadas em <\/span><b>dados<\/b><span style=\"font-weight: 400;\">. Ele compartilha como a Inspira investe em estrat\u00e9gias robustas, como turmas de <\/span><b>Isoladas<\/b><span style=\"font-weight: 400;\">, preparat\u00f3rios espec\u00edficos e o uso estrat\u00e9gico de <\/span><b>simulados<\/b><span style=\"font-weight: 400;\"> alinhados \u00e0 <\/span><b>Teoria de Resposta ao Item (TRI)<\/b><span style=\"font-weight: 400;\">, elevando o desempenho dos alunos. Complementando o debate com a <\/span><b>viv\u00eancia pr\u00e1tica<\/b><span style=\"font-weight: 400;\">, <\/span><b>Patr\u00edcia Debus<\/b><span style=\"font-weight: 400;\">, Diretora de Marca da Escola Crescimento, apresenta exemplos concretos de como essas estrat\u00e9gias se convertem em <\/span><b>conquistas reais<\/b><span style=\"font-weight: 400;\">, como medalhas em olimp\u00edadas do conhecimento e aprova\u00e7\u00f5es nos vestibulares mais concorridos do pa\u00eds.<\/span><\/p>\n<p><span style=\"font-weight: 400;\">A uni\u00e3o dessas perspectivas \u2013 <\/span><b>Estrat\u00e9gia, Performance e Realidade Escolar<\/b><span style=\"font-weight: 400;\"> \u2013 prova que a prepara\u00e7\u00e3o acad\u00eamica \u00e9 um <\/span><b>trampolim robusto<\/b><span style=\"font-weight: 400;\"> e mensur\u00e1vel para o futuro de cada aluno.<\/span><\/p>\n<h3><b><img fetchpriority=\"high\" decoding=\"async\" class=\"wp-image-7067 aligncenter\" src=\"https:\/\/www.redeinspiraeducadores.com.br\/wp-content\/uploads\/2025\/10\/WhatsApp-Image-2025-09-26-at-17.07.44.jpeg\" alt=\"\" width=\"819\" height=\"452\" srcset=\"https:\/\/www.redeinspiraeducadores.com.br\/wp-content\/uploads\/2025\/10\/WhatsApp-Image-2025-09-26-at-17.07.44.jpeg 1600w, https:\/\/www.redeinspiraeducadores.com.br\/wp-content\/uploads\/2025\/10\/WhatsApp-Image-2025-09-26-at-17.07.44-300x166.jpeg 300w, https:\/\/www.redeinspiraeducadores.com.br\/wp-content\/uploads\/2025\/10\/WhatsApp-Image-2025-09-26-at-17.07.44-1024x566.jpeg 1024w, https:\/\/www.redeinspiraeducadores.com.br\/wp-content\/uploads\/2025\/10\/WhatsApp-Image-2025-09-26-at-17.07.44-768x424.jpeg 768w, https:\/\/www.redeinspiraeducadores.com.br\/wp-content\/uploads\/2025\/10\/WhatsApp-Image-2025-09-26-at-17.07.44-1536x849.jpeg 1536w\" sizes=\"(max-width: 819px) 100vw, 819px\" \/><\/b><\/h3>\n<h3><b>Forma\u00e7\u00e3o Integral: Al\u00e9m da Nota, Rumo \u00e0 Cidadania<\/b><\/h3>\n<p><span style=\"font-weight: 400;\">Embora a performance acad\u00eamica seja crucial (e tema central das estrat\u00e9gias de Romulo Duarte), a Inspira defende uma <\/span><b>jornada de transforma\u00e7\u00e3o<\/b><span style=\"font-weight: 400;\"> que vai muito al\u00e9m das notas. O epis\u00f3dio destaca o papel das compet\u00eancias <\/span><b>socioemocionais<\/b><span style=\"font-weight: 400;\">, desenvolvidas por meio de metodologias <\/span><b>interdisciplinares<\/b><span style=\"font-weight: 400;\">.<\/span><\/p>\n<p><span style=\"font-weight: 400;\">O foco \u00e9 a <\/span><b>forma\u00e7\u00e3o integral de cidad\u00e3os<\/b><span style=\"font-weight: 400;\">, estimulando:<\/span><\/p>\n<ul>\n<li style=\"font-weight: 400;\" aria-level=\"1\"><b>Pensamento Cr\u00edtico<\/b><\/li>\n<li style=\"font-weight: 400;\" aria-level=\"1\"><b>Trabalho em Equipe<\/b><\/li>\n<li style=\"font-weight: 400;\" aria-level=\"1\"><b>Resilience<\/b><\/li>\n<li style=\"font-weight: 400;\" aria-level=\"1\"><b>Protagonismo Estudantil<\/b><\/li>\n<li style=\"font-weight: 400;\" aria-level=\"1\"><b>Empreendedorismo Jovem e Lideran\u00e7a<\/b><\/li>\n<\/ul>\n<p><span style=\"font-weight: 400;\">Ao incentivar esses pilares, a Inspira prepara os alunos n\u00e3o s\u00f3 para o <\/span><b>ENEM<\/b><span style=\"font-weight: 400;\"> e vestibulares, mas para os desafios complexos da vida adulta e do <\/span><b>mercado de trabalho<\/b><span style=\"font-weight: 400;\"> em constante evolu\u00e7\u00e3o.<\/span><\/p>\n<h3><b>N\u00e3o Perca! Ou\u00e7a o Epis\u00f3dio Completo do InspiraCast<\/b><\/h3>\n<p>Quer ter acesso a essas reflex\u00f5es aprofundadas, conhecer os dados sobre o impacto dos simulados de alta fidelidade e receber dicas valiosas para a reta final do Enem e para a prepara\u00e7\u00e3o de longo prazo?<\/p>\n<p>Clique aqui e ou\u00e7a\/assista ao epis\u00f3dio completo: <a href=\"https:\/\/www.youtube.com\/@InspiraRededeEducadores\">https:\/\/www.youtube.com\/@InspiraRededeEducadores<\/a><\/p>\n<h6>Quer continuar aprendendo sobre prepara\u00e7\u00e3o acad\u00eamica e futuro profissional?<br \/>\n<strong><a href=\"https:\/\/www.redeinspiraeducadores.com.br\/en\/blog\/\">Acesse o Blog da Inspira Rede de Educadores<\/a> e descubra conte\u00fados exclusivos sobre educa\u00e7\u00e3o, inova\u00e7\u00e3o e estrat\u00e9gias que transformam o aprendizado em resultados reais.<\/strong><\/h6>","protected":false},"excerpt":{"rendered":"<p>Como a prepara\u00e7\u00e3o acad\u00eamica e o futuro profissional se conectam para transformar trajet\u00f3rias de alunos da Inspira Rede de Educadores [&hellip;]<\/p>\n","protected":false},"author":1,"featured_media":7064,"comment_status":"open","ping_status":"open","sticky":false,"template":"","format":"standard","meta":{"site-sidebar-layout":"default","site-content-layout":"","ast-site-content-layout":"default","site-content-style":"default","site-sidebar-style":"default","ast-global-header-display":"","ast-banner-title-visibility":"","ast-main-header-display":"","ast-hfb-above-header-display":"","ast-hfb-below-header-display":"","ast-hfb-mobile-header-display":"","site-post-title":"","ast-breadcrumbs-content":"","ast-featured-img":"","footer-sml-layout":"","ast-disable-related-posts":"","theme-transparent-header-meta":"","adv-header-id-meta":"","stick-header-meta":"","header-above-stick-meta":"","header-main-stick-meta":"","header-below-stick-meta":"","astra-migrate-meta-layouts":"default","ast-page-background-enabled":"default","ast-page-background-meta":{"desktop":{"background-color":"var(--ast-global-color-5)","background-image":"","background-repeat":"repeat","background-position":"center center","background-size":"auto","background-attachment":"scroll","background-type":"","background-media":"","overlay-type":"","overlay-color":"","overlay-opacity":"","overlay-gradient":""},"tablet":{"background-color":"","background-image":"","background-repeat":"repeat","background-position":"center center","background-size":"auto","background-attachment":"scroll","background-type":"","background-media":"","overlay-type":"","overlay-color":"","overlay-opacity":"","overlay-gradient":""},"mobile":{"background-color":"","background-image":"","background-repeat":"repeat","background-position":"center center","background-size":"auto","background-attachment":"scroll","background-type":"","background-media":"","overlay-type":"","overlay-color":"","overlay-opacity":"","overlay-gradient":""}},"ast-content-background-meta":{"desktop":{"background-color":"var(--ast-global-color-4)","background-image":"","background-repeat":"repeat","background-position":"center center","background-size":"auto","background-attachment":"scroll","background-type":"","background-media":"","overlay-type":"","overlay-color":"","overlay-opacity":"","overlay-gradient":""},"tablet":{"background-color":"var(--ast-global-color-4)","background-image":"","background-repeat":"repeat","background-position":"center center","background-size":"auto","background-attachment":"scroll","background-type":"","background-media":"","overlay-type":"","overlay-color":"","overlay-opacity":"","overlay-gradient":""},"mobile":{"background-color":"var(--ast-global-color-4)","background-image":"","background-repeat":"repeat","background-position":"center center","background-size":"auto","background-attachment":"scroll","background-type":"","background-media":"","overlay-type":"","overlay-color":"","overlay-opacity":"","overlay-gradient":""}},"footnotes":""},"categories":[1],"tags":[],"class_list":["post-7063","post","type-post","status-publish","format-standard","has-post-thumbnail","hentry","category-uncategorized"],"_links":{"self":[{"href":"https:\/\/www.redeinspiraeducadores.com.br\/en\/wp-json\/wp\/v2\/posts\/7063","targetHints":{"allow":["GET"]}}],"collection":[{"href":"https:\/\/www.redeinspiraeducadores.com.br\/en\/wp-json\/wp\/v2\/posts"}],"about":[{"href":"https:\/\/www.redeinspiraeducadores.com.br\/en\/wp-json\/wp\/v2\/types\/post"}],"author":[{"embeddable":true,"href":"https:\/\/www.redeinspiraeducadores.com.br\/en\/wp-json\/wp\/v2\/users\/1"}],"replies":[{"embeddable":true,"href":"https:\/\/www.redeinspiraeducadores.com.br\/en\/wp-json\/wp\/v2\/comments?post=7063"}],"version-history":[{"count":0,"href":"https:\/\/www.redeinspiraeducadores.com.br\/en\/wp-json\/wp\/v2\/posts\/7063\/revisions"}],"wp:featuredmedia":[{"embeddable":true,"href":"https:\/\/www.redeinspiraeducadores.com.br\/en\/wp-json\/wp\/v2\/media\/7064"}],"wp:attachment":[{"href":"https:\/\/www.redeinspiraeducadores.com.br\/en\/wp-json\/wp\/v2\/media?parent=7063"}],"wp:term":[{"taxonomy":"category","embeddable":true,"href":"https:\/\/www.redeinspiraeducadores.com.br\/en\/wp-json\/wp\/v2\/categories?post=7063"},{"taxonomy":"post_tag","embeddable":true,"href":"https:\/\/www.redeinspiraeducadores.com.br\/en\/wp-json\/wp\/v2\/tags?post=7063"}],"curies":[{"name":"wp","href":"https:\/\/api.w.org\/{rel}","templated":true}]}}