{"id":6871,"date":"2025-09-11T15:30:26","date_gmt":"2025-09-11T18:30:26","guid":{"rendered":"https:\/\/www.redeinspiraeducadores.com.br\/?p=6871"},"modified":"2025-09-11T15:30:26","modified_gmt":"2025-09-11T18:30:26","slug":"inspira-rede-de-educadores-da-boas-vindas-ao-multiplo-international-school-e-fortalece-estrategia-de-internacionalizacao","status":"publish","type":"post","link":"https:\/\/www.redeinspiraeducadores.com.br\/en\/inspira-rede-de-educadores-da-boas-vindas-ao-multiplo-international-school-e-fortalece-estrategia-de-internacionalizacao\/","title":{"rendered":"Inspira Rede de Educadores d\u00e1 boas-vindas ao M\u00faltiplo International School e fortalece estrat\u00e9gia de internacionaliza\u00e7\u00e3o"},"content":{"rendered":"<p><span style=\"font-weight: 400;\">H\u00e1 25 anos, o <\/span><a href=\"https:\/\/colegiomultiplo.com.br\/\"><b>M\u00faltiplo International School<\/b><\/a><span style=\"font-weight: 400;\"> transforma vidas em Campinas\/SP com uma proposta educacional \u00fanica: excel\u00eancia acad\u00eamica, flu\u00eancia em ingl\u00eas e forma\u00e7\u00e3o humanista, sempre com um olhar atento para o mundo.<\/span><\/p>\n<p><span style=\"font-weight: 400;\">Hoje, anunciamos com entusiasmo que a escola passa a integrar a <\/span><b>Inspira Rede de Educadores.<\/b><span style=\"font-weight: 400;\"> Essa uni\u00e3o representa um mais passo para fortalecer a miss\u00e3o da Inspira: preparar cidad\u00e3os globais, com qualidade acad\u00eamica, inova\u00e7\u00e3o pedag\u00f3gica e compromisso com o futuro, mantendo o legado pedag\u00f3gico de escolas de excel\u00eancia.<\/span><\/p>\n<p><span style=\"font-weight: 400;\">Segundo <\/span><b>Andr\u00e9 Aguiar<\/b><span style=\"font-weight: 400;\">, CEO da Inspira Rede de Educadores, a chegada do M\u00faltiplo refor\u00e7a um dos pilares estrat\u00e9gicos da rede: a <\/span><b>internacionaliza\u00e7\u00e3o<\/b><span style=\"font-weight: 400;\">.<\/span><\/p>\n<p><span style=\"font-weight: 400;\">\u201cO ingresso do M\u00faltiplo na Inspira refor\u00e7a nosso compromisso de reunir escolas de excel\u00eancia em todo o Brasil, sempre respeitando sua identidade e hist\u00f3ria. A institui\u00e7\u00e3o \u00e9 pioneira na proposta de ensino internacional e com foco global, e estamos entusiasmados em caminhar juntos para ampliar ainda mais o impacto da educa\u00e7\u00e3o em Campinas\u201d, afirma.<\/span><\/p>\n<p><span style=\"font-weight: 400;\">O M\u00faltiplo j\u00e1 conta com <\/span><b>certifica\u00e7\u00e3o Cognia<\/b><span style=\"font-weight: 400;\"> e est\u00e1 em processo de credenciamento para o <\/span><b>International Baccalaureate (IB)<\/b><span style=\"font-weight: 400;\">, o programa internacional mais reconhecido do mundo. Isso reafirma sua voca\u00e7\u00e3o global e seu compromisso com uma educa\u00e7\u00e3o conectada \u00e0s demandas contempor\u00e2neas.<\/span><\/p>\n<p><span style=\"font-weight: 400;\">Para a diretora <\/span><b>Marina Azevedo<\/b><span style=\"font-weight: 400;\">, a parceria representa <\/span><b>continuidade e fortalecimento<\/b><span style=\"font-weight: 400;\">:<\/span><\/p>\n<p><span style=\"font-weight: 400;\">\u201cSeguimos comprometidos em oferecer uma educa\u00e7\u00e3o de excel\u00eancia, com o mesmo acolhimento e dedica\u00e7\u00e3o que sempre marcaram nossa hist\u00f3ria. Agora, com a Inspira, teremos ainda mais condi\u00e7\u00f5es de investir no futuro dos nossos alunos\u201d.<\/span><\/p>\n<p><span style=\"font-weight: 400;\">Com essa integra\u00e7\u00e3o, a Inspira d\u00e1 mais um passo na constru\u00e7\u00e3o de uma rede de escolas de vanguarda, que alia tradi\u00e7\u00e3o, inova\u00e7\u00e3o e impacto social.<\/span><\/p>\n<p><b>\u00c9 uma honra receber o M\u00faltiplo International School na Inspira Rede de Educadores. Juntos, seguimos inspirando o futuro com educa\u00e7\u00e3o transformadora.<\/b><\/p>","protected":false},"excerpt":{"rendered":"<p>M\u00faltiplo International School transforma vidas em Campinas\/SP com uma proposta educacional \u00fanica: excel\u00eancia acad\u00eamica, flu\u00eancia em ingl\u00eas e forma\u00e7\u00e3o humanista, sempre com um olhar atento para o mundo.<br \/>\nAgora, a escola passa a integrar a Inspira Rede de Educadores, uma das maiores redes de educa\u00e7\u00e3o privada do Brasil<\/p>","protected":false},"author":1,"featured_media":6872,"comment_status":"open","ping_status":"open","sticky":false,"template":"","format":"standard","meta":{"site-sidebar-layout":"default","site-content-layout":"","ast-site-content-layout":"default","site-content-style":"default","site-sidebar-style":"default","ast-global-header-display":"","ast-banner-title-visibility":"","ast-main-header-display":"","ast-hfb-above-header-display":"","ast-hfb-below-header-display":"","ast-hfb-mobile-header-display":"","site-post-title":"","ast-breadcrumbs-content":"","ast-featured-img":"","footer-sml-layout":"","ast-disable-related-posts":"","theme-transparent-header-meta":"","adv-header-id-meta":"","stick-header-meta":"","header-above-stick-meta":"","header-main-stick-meta":"","header-below-stick-meta":"","astra-migrate-meta-layouts":"default","ast-page-background-enabled":"default","ast-page-background-meta":{"desktop":{"background-color":"var(--ast-global-color-5)","background-image":"","background-repeat":"repeat","background-position":"center center","background-size":"auto","background-attachment":"scroll","background-type":"","background-media":"","overlay-type":"","overlay-color":"","overlay-opacity":"","overlay-gradient":""},"tablet":{"background-color":"","background-image":"","background-repeat":"repeat","background-position":"center center","background-size":"auto","background-attachment":"scroll","background-type":"","background-media":"","overlay-type":"","overlay-color":"","overlay-opacity":"","overlay-gradient":""},"mobile":{"background-color":"","background-image":"","background-repeat":"repeat","background-position":"center center","background-size":"auto","background-attachment":"scroll","background-type":"","background-media":"","overlay-type":"","overlay-color":"","overlay-opacity":"","overlay-gradient":""}},"ast-content-background-meta":{"desktop":{"background-color":"var(--ast-global-color-4)","background-image":"","background-repeat":"repeat","background-position":"center center","background-size":"auto","background-attachment":"scroll","background-type":"","background-media":"","overlay-type":"","overlay-color":"","overlay-opacity":"","overlay-gradient":""},"tablet":{"background-color":"var(--ast-global-color-4)","background-image":"","background-repeat":"repeat","background-position":"center center","background-size":"auto","background-attachment":"scroll","background-type":"","background-media":"","overlay-type":"","overlay-color":"","overlay-opacity":"","overlay-gradient":""},"mobile":{"background-color":"var(--ast-global-color-4)","background-image":"","background-repeat":"repeat","background-position":"center center","background-size":"auto","background-attachment":"scroll","background-type":"","background-media":"","overlay-type":"","overlay-color":"","overlay-opacity":"","overlay-gradient":""}},"footnotes":""},"categories":[8,12],"tags":[38,43],"class_list":["post-6871","post","type-post","status-publish","format-standard","has-post-thumbnail","hentry","category-blog","category-noticias","tag-ib","tag-internacionalizacao"],"_links":{"self":[{"href":"https:\/\/www.redeinspiraeducadores.com.br\/en\/wp-json\/wp\/v2\/posts\/6871","targetHints":{"allow":["GET"]}}],"collection":[{"href":"https:\/\/www.redeinspiraeducadores.com.br\/en\/wp-json\/wp\/v2\/posts"}],"about":[{"href":"https:\/\/www.redeinspiraeducadores.com.br\/en\/wp-json\/wp\/v2\/types\/post"}],"author":[{"embeddable":true,"href":"https:\/\/www.redeinspiraeducadores.com.br\/en\/wp-json\/wp\/v2\/users\/1"}],"replies":[{"embeddable":true,"href":"https:\/\/www.redeinspiraeducadores.com.br\/en\/wp-json\/wp\/v2\/comments?post=6871"}],"version-history":[{"count":0,"href":"https:\/\/www.redeinspiraeducadores.com.br\/en\/wp-json\/wp\/v2\/posts\/6871\/revisions"}],"wp:featuredmedia":[{"embeddable":true,"href":"https:\/\/www.redeinspiraeducadores.com.br\/en\/wp-json\/wp\/v2\/media\/6872"}],"wp:attachment":[{"href":"https:\/\/www.redeinspiraeducadores.com.br\/en\/wp-json\/wp\/v2\/media?parent=6871"}],"wp:term":[{"taxonomy":"category","embeddable":true,"href":"https:\/\/www.redeinspiraeducadores.com.br\/en\/wp-json\/wp\/v2\/categories?post=6871"},{"taxonomy":"post_tag","embeddable":true,"href":"https:\/\/www.redeinspiraeducadores.com.br\/en\/wp-json\/wp\/v2\/tags?post=6871"}],"curies":[{"name":"wp","href":"https:\/\/api.w.org\/{rel}","templated":true}]}}