{"id":6860,"date":"2025-09-04T12:12:04","date_gmt":"2025-09-04T15:12:04","guid":{"rendered":"https:\/\/www.redeinspiraeducadores.com.br\/?p=6860"},"modified":"2025-09-04T12:12:04","modified_gmt":"2025-09-04T15:12:04","slug":"ib-internacionais-e-bilingues-diferencas-e-impacto-na-formacao","status":"publish","type":"post","link":"https:\/\/www.redeinspiraeducadores.com.br\/en\/ib-internacionais-e-bilingues-diferencas-e-impacto-na-formacao\/","title":{"rendered":"IB, internacionais e bil\u00edngues: diferen\u00e7as e impacto na forma\u00e7\u00e3o"},"content":{"rendered":"<p><span style=\"font-weight: 400;\">Na Inspira Rede de Educadores, acreditamos em uma educa\u00e7\u00e3o que rompe fronteiras. E, para isso, oferecemos diferentes caminhos de internacionaliza\u00e7\u00e3o da aprendizagem, respeitando o perfil de cada comunidade escolar e buscando sempre excel\u00eancia, inova\u00e7\u00e3o e forma\u00e7\u00e3o integral dos nossos estudantes.<\/span><\/p>\n<p><span style=\"font-weight: 400;\">Mas voc\u00ea sabe qual \u00e9 a diferen\u00e7a entre uma escola <\/span><b>IB<\/b><span style=\"font-weight: 400;\">, <\/span><b>internacional<\/b><span style=\"font-weight: 400;\"> e <\/span><b>bil\u00edngue<\/b><span style=\"font-weight: 400;\">? A seguir, explicamos essas classifica\u00e7\u00f5es e mostramos quais escolas da Rede se enquadram em cada uma delas.<\/span><\/p>\n<h3><b>Escolas IB: uma forma\u00e7\u00e3o com vis\u00e3o global<\/b><\/h3>\n<p><span style=\"font-weight: 400;\">As escolas IB (<a href=\"https:\/\/www.redeinspiraeducadores.com.br\/en\/blog\/ib\/\">International Baccalaureate<\/a>) seguem um curr\u00edculo internacionalmente reconhecido, focado no desenvolvimento acad\u00eamico, emocional e \u00e9tico dos alunos. A Inspira Rede de Educadores conta com escolas certificadas e outras em processo de candidatura, mostrando nosso compromisso com uma educa\u00e7\u00e3o de alto padr\u00e3o e com mentalidade global.<\/span><\/p>\n<p>&nbsp;<\/p>\n<h4><b>Escolas Inspira que j\u00e1 s\u00e3o IB:<\/b><\/h4>\n<ul>\n<li style=\"font-weight: 400;\" aria-level=\"1\"><b>Escola Canadense de Bras\u00edlia <\/b><span style=\"font-weight: 400;\">(BSB) \u2013 MYP (Middle Years Programme)<\/span><\/li>\n<li style=\"font-weight: 400;\" aria-level=\"1\"><b>Col\u00e9gio 7 de Setembro <\/b><span style=\"font-weight: 400;\">(CE) \u2013 MYP (Middle Years Programme)<\/span><\/li>\n<\/ul>\n<p>&nbsp;<\/p>\n<h4><b>Escolas da Inspira candidatas ao IB:<\/b><\/h4>\n<ul>\n<li style=\"font-weight: 400;\" aria-level=\"1\"><b>Col\u00e9gio Universit\u00e1rio <\/b><span style=\"font-weight: 400;\">(PR) \u2013 PYP (Primary Years Programme)<\/span><\/li>\n<li style=\"font-weight: 400;\" aria-level=\"1\"><b>Centro Educacional Primeiro Mundo<\/b><span style=\"font-weight: 400;\"> (ES) \u2013 PYP (Primary Years Programme)<\/span><\/li>\n<li style=\"font-weight: 400;\" aria-level=\"1\"><b>Col\u00e9gio Anchieta<\/b><span style=\"font-weight: 400;\"> (BA) \u2013 PYP (Primary Years Programme)<\/span><\/li>\n<li style=\"font-weight: 400;\" aria-level=\"1\"><b>Escola Crescimento<\/b><span style=\"font-weight: 400;\"> (MA) \u2013 PYP (Primary Years Programme)<\/span><\/li>\n<li style=\"font-weight: 400;\" aria-level=\"1\"><b>Global Me School<\/b><span style=\"font-weight: 400;\"> (SP) \u2013 PYP (Primary Years Programme)<\/span><\/li>\n<li style=\"font-weight: 400;\" aria-level=\"1\"><b>Canadian School of Niter\u00f3i<\/b><span style=\"font-weight: 400;\"> (RJ) \u2013 PYP(Primary Years Programme)<\/span><\/li>\n<li style=\"font-weight: 400;\" aria-level=\"1\"><b>Col\u00e9gio S\u00e3o Paulo<\/b><span style=\"font-weight: 400;\"> (BA) \u2013 DP (Diploma Programme)<\/span><\/li>\n<\/ul>\n<p>&nbsp;<\/p>\n<p><b>Escolas internacionais: curr\u00edculo global, identidade local<\/b><\/p>\n<p><span style=\"font-weight: 400;\">As escolas chamadas de <\/span><b>internacionais<\/b><span style=\"font-weight: 400;\"> adotam modelos educacionais de outros pa\u00edses, com forte presen\u00e7a da l\u00edngua inglesa no dia a dia e uma proposta pedag\u00f3gica voltada para a cidadania global. Al\u00e9m de oferecerem o curr\u00edculo brasileiro, essas escolas incorporam pr\u00e1ticas e conte\u00fados que ampliam o repert\u00f3rio cultural e acad\u00eamico dos alunos.<\/span><\/p>\n<p><span style=\"font-weight: 400;\">Na Rede, s\u00e3o escolas internacionais: <\/span><b>Escola Canadense de Bel\u00e9m <\/b><span style=\"font-weight: 400;\">(PA), <\/span><b>Anglo Leonardo Da Vinci<\/b><span style=\"font-weight: 400;\"> (SP), <\/span><b>Pequeno Pr\u00edncipe Studium<\/b><span style=\"font-weight: 400;\"> (GO), <\/span><b>Col\u00e9gio C\u00e2ndido Portinari<\/b><span style=\"font-weight: 400;\"> (BA), <\/span><b>Col\u00e9gio Stella Maris<\/b><span style=\"font-weight: 400;\"> (PR), al\u00e9m de todas as escolas IB e tamb\u00e9m as candidatas.<\/span><\/p>\n<p>&nbsp;<\/p>\n<p><b>Escolas bil\u00edngues: dois idiomas, um mundo de possibilidades<\/b><\/p>\n<p><span style=\"font-weight: 400;\">Em todas as escolas da Inspira Rede de Educadores, o ensino bil\u00edngue \u00e9 parte do projeto pedag\u00f3gico. Nossos estudantes vivenciam o ingl\u00eas como segunda l\u00edngua desde cedo, de forma contextualizada e integrada ao curr\u00edculo. Isso amplia as possibilidades de comunica\u00e7\u00e3o, aprendizado e inser\u00e7\u00e3o em um mundo globalizado, sem perder de vista os valores locais e a cultura brasileira.\u00a0<\/span><\/p>\n<h3><b>Internacionaliza\u00e7\u00e3o para todos os caminhos<\/b><\/h3>\n<p><span style=\"font-weight: 400;\"><img fetchpriority=\"high\" decoding=\"async\" class=\"aligncenter wp-image-6806\" src=\"https:\/\/www.redeinspiraeducadores.com.br\/wp-content\/uploads\/2025\/06\/Escola-Canadense-de-Brasilia.jpeg\" alt=\"\" width=\"900\" height=\"675\" srcset=\"https:\/\/www.redeinspiraeducadores.com.br\/wp-content\/uploads\/2025\/06\/Escola-Canadense-de-Brasilia.jpeg 1024w, https:\/\/www.redeinspiraeducadores.com.br\/wp-content\/uploads\/2025\/06\/Escola-Canadense-de-Brasilia-300x225.jpeg 300w, https:\/\/www.redeinspiraeducadores.com.br\/wp-content\/uploads\/2025\/06\/Escola-Canadense-de-Brasilia-768x576.jpeg 768w\" sizes=\"(max-width: 900px) 100vw, 900px\" \/><\/span><\/p>\n<p><span style=\"font-weight: 400;\">Seja com programas internacionais como o IB, com projetos bil\u00edngues ou com curr\u00edculos duplos que dialogam com o mundo, a Inspira Rede de Educadores investe na forma\u00e7\u00e3o de cidad\u00e3os preparados para atuar com consci\u00eancia, empatia e compet\u00eancia em qualquer lugar do planeta.<\/span><\/p>\n<p>final, aprender com o mundo \u00e9 tamb\u00e9m aprender para o mundo. Esse \u00e9 o nosso compromisso di\u00e1rio. Quer ver mais sobre essa jornada? Siga a Inspira no <a href=\"https:\/\/www.instagram.com\/inspiraredeeducadores\/\">Instagram<\/a>.<\/p>\n<p>&nbsp;<\/p>","protected":false},"excerpt":{"rendered":"<p>Na Inspira Rede de Educadores, acreditamos em uma educa\u00e7\u00e3o que rompe fronteiras. E, para isso, oferecemos diferentes caminhos de internacionaliza\u00e7\u00e3o [&hellip;]<\/p>\n","protected":false},"author":1,"featured_media":6809,"comment_status":"open","ping_status":"open","sticky":false,"template":"","format":"standard","meta":{"site-sidebar-layout":"default","site-content-layout":"","ast-site-content-layout":"default","site-content-style":"default","site-sidebar-style":"default","ast-global-header-display":"","ast-banner-title-visibility":"","ast-main-header-display":"","ast-hfb-above-header-display":"","ast-hfb-below-header-display":"","ast-hfb-mobile-header-display":"","site-post-title":"","ast-breadcrumbs-content":"","ast-featured-img":"","footer-sml-layout":"","ast-disable-related-posts":"","theme-transparent-header-meta":"","adv-header-id-meta":"","stick-header-meta":"","header-above-stick-meta":"","header-main-stick-meta":"","header-below-stick-meta":"","astra-migrate-meta-layouts":"default","ast-page-background-enabled":"default","ast-page-background-meta":{"desktop":{"background-color":"var(--ast-global-color-5)","background-image":"","background-repeat":"repeat","background-position":"center center","background-size":"auto","background-attachment":"scroll","background-type":"","background-media":"","overlay-type":"","overlay-color":"","overlay-opacity":"","overlay-gradient":""},"tablet":{"background-color":"","background-image":"","background-repeat":"repeat","background-position":"center center","background-size":"auto","background-attachment":"scroll","background-type":"","background-media":"","overlay-type":"","overlay-color":"","overlay-opacity":"","overlay-gradient":""},"mobile":{"background-color":"","background-image":"","background-repeat":"repeat","background-position":"center center","background-size":"auto","background-attachment":"scroll","background-type":"","background-media":"","overlay-type":"","overlay-color":"","overlay-opacity":"","overlay-gradient":""}},"ast-content-background-meta":{"desktop":{"background-color":"var(--ast-global-color-4)","background-image":"","background-repeat":"repeat","background-position":"center center","background-size":"auto","background-attachment":"scroll","background-type":"","background-media":"","overlay-type":"","overlay-color":"","overlay-opacity":"","overlay-gradient":""},"tablet":{"background-color":"var(--ast-global-color-4)","background-image":"","background-repeat":"repeat","background-position":"center center","background-size":"auto","background-attachment":"scroll","background-type":"","background-media":"","overlay-type":"","overlay-color":"","overlay-opacity":"","overlay-gradient":""},"mobile":{"background-color":"var(--ast-global-color-4)","background-image":"","background-repeat":"repeat","background-position":"center center","background-size":"auto","background-attachment":"scroll","background-type":"","background-media":"","overlay-type":"","overlay-color":"","overlay-opacity":"","overlay-gradient":""}},"footnotes":""},"categories":[8,42],"tags":[],"class_list":["post-6860","post","type-post","status-publish","format-standard","has-post-thumbnail","hentry","category-blog","category-curriculo-internacional"],"_links":{"self":[{"href":"https:\/\/www.redeinspiraeducadores.com.br\/en\/wp-json\/wp\/v2\/posts\/6860","targetHints":{"allow":["GET"]}}],"collection":[{"href":"https:\/\/www.redeinspiraeducadores.com.br\/en\/wp-json\/wp\/v2\/posts"}],"about":[{"href":"https:\/\/www.redeinspiraeducadores.com.br\/en\/wp-json\/wp\/v2\/types\/post"}],"author":[{"embeddable":true,"href":"https:\/\/www.redeinspiraeducadores.com.br\/en\/wp-json\/wp\/v2\/users\/1"}],"replies":[{"embeddable":true,"href":"https:\/\/www.redeinspiraeducadores.com.br\/en\/wp-json\/wp\/v2\/comments?post=6860"}],"version-history":[{"count":0,"href":"https:\/\/www.redeinspiraeducadores.com.br\/en\/wp-json\/wp\/v2\/posts\/6860\/revisions"}],"wp:featuredmedia":[{"embeddable":true,"href":"https:\/\/www.redeinspiraeducadores.com.br\/en\/wp-json\/wp\/v2\/media\/6809"}],"wp:attachment":[{"href":"https:\/\/www.redeinspiraeducadores.com.br\/en\/wp-json\/wp\/v2\/media?parent=6860"}],"wp:term":[{"taxonomy":"category","embeddable":true,"href":"https:\/\/www.redeinspiraeducadores.com.br\/en\/wp-json\/wp\/v2\/categories?post=6860"},{"taxonomy":"post_tag","embeddable":true,"href":"https:\/\/www.redeinspiraeducadores.com.br\/en\/wp-json\/wp\/v2\/tags?post=6860"}],"curies":[{"name":"wp","href":"https:\/\/api.w.org\/{rel}","templated":true}]}}