{"id":6851,"date":"2025-08-28T08:00:32","date_gmt":"2025-08-28T11:00:32","guid":{"rendered":"https:\/\/www.redeinspiraeducadores.com.br\/?p=6851"},"modified":"2025-08-28T08:00:32","modified_gmt":"2025-08-28T11:00:32","slug":"do-brasil-ao-malawi-construindo-pontes-pela-educacao","status":"publish","type":"post","link":"https:\/\/www.redeinspiraeducadores.com.br\/en\/do-brasil-ao-malawi-construindo-pontes-pela-educacao\/","title":{"rendered":"Do Brasil ao Malawi: Construindo Pontes Pela Educa\u00e7\u00e3o"},"content":{"rendered":"<p><span style=\"font-weight: 400;\">Na Inspira Rede de Educadores, acreditamos que a educa\u00e7\u00e3o ultrapassa\u00a0 fronteiras. E essa convic\u00e7\u00e3o ganhou um novo cap\u00edtulo com o fortalecimento da parceria com a Ubuntu School, localizada em Dzaleka, no Malawi.\u00a0<\/span><\/p>\n<p><span style=\"font-weight: 400;\">Mais do que uma parceria entre institui\u00e7\u00f5es, essa uni\u00e3o de prop\u00f3sitos busca oferecer uma educa\u00e7\u00e3o de qualidade, acolhedora e transformadora para crian\u00e7as e jovens de diferentes origens. O elo com a Ubuntu School \u00e9 poss\u00edvel gra\u00e7as \u00e0 <\/span><a href=\"https:\/\/www.fraternidadesemfronteiras.org.br\/fsf\/\"><span style=\"font-weight: 400;\">Fraternidade Sem Fronteiras<\/span><\/a><span style=\"font-weight: 400;\"> (FSF), uma organiza\u00e7\u00e3o humanit\u00e1ria brasileira fundada em 2009 que atua em projetos socioeducativos e assistenciais na \u00c1frica e no Brasil. Seu prop\u00f3sito \u00e9 viver e inspirar a fraternidade sem barreiras, oferecendo apoio integral a quem mais precisa.<\/span><\/p>\n<p><span style=\"font-weight: 400;\">No Malawi, a FSF mant\u00e9m projetos que garantem educa\u00e7\u00e3o, alimenta\u00e7\u00e3o, moradia e cuidados essenciais para centenas de crian\u00e7as e adolescentes. E \u00e9 nesse cen\u00e1rio que a Inspira apoia a institui\u00e7\u00e3o, com a convic\u00e7\u00e3o de que investir em educa\u00e7\u00e3o \u00e9 investir em um futuro melhor para todos.<\/span><\/p>\n<h3><b>Um compromisso que pulsa em toda a Rede<\/b><\/h3>\n<p>&nbsp;<\/p>\n<p><span style=\"font-weight: 400;\"><img fetchpriority=\"high\" decoding=\"async\" class=\"aligncenter wp-image-6853\" src=\"https:\/\/www.redeinspiraeducadores.com.br\/wp-content\/uploads\/2025\/08\/foto-1-bp-ubuntu-2-450x450.jpeg\" alt=\"\" width=\"700\" height=\"933\" \/><\/span><\/p>\n<p><span style=\"font-weight: 400;\">Desde 2023, a Inspira mant\u00e9m apoio cont\u00ednuo \u00e0 Fraternidade Sem Fronteiras, e esse compromisso \u00e9 fortalecido pela ess\u00eancia das nossas escolas. Cada unidade, com sua cultura, suas a\u00e7\u00f5es e sua comunidade escolar, carrega o mesmo prop\u00f3sito de acolher, educar e transformar. \u00c9 como se cada sala de aula, aqui no Brasil, ecoasse at\u00e9 as salas da Ubuntu School e, que, mesmo distantes, fazemos parte da mesma miss\u00e3o de levar mais oportunidades e esperan\u00e7a a quem mais precisa.<\/span><\/p>\n<p><strong>Gra\u00e7as a esse apoio coletivo, j\u00e1 foi poss\u00edvel:<\/strong><\/p>\n<ul>\n<li style=\"font-weight: 400;\" aria-level=\"1\"><span style=\"font-weight: 400;\">Garantir materiais did\u00e1ticos e recursos pedag\u00f3gicos;<\/span><\/li>\n<li style=\"font-weight: 400;\" aria-level=\"1\"><span style=\"font-weight: 400;\">Capacitar professores e incentivar metodologias inovadoras;<\/span><\/li>\n<li style=\"font-weight: 400;\" aria-level=\"1\"><span style=\"font-weight: 400;\">Melhorar a infraestrutura da escola;<\/span><\/li>\n<li style=\"font-weight: 400;\" aria-level=\"1\"><span style=\"font-weight: 400;\">Implementar a\u00e7\u00f5es de inclus\u00e3o, como o ensino de Libras;<\/span><\/li>\n<li style=\"font-weight: 400;\" aria-level=\"1\"><span style=\"font-weight: 400;\">E, em 2025, ampliar o suporte para a alimenta\u00e7\u00e3o di\u00e1ria das crian\u00e7as e a constru\u00e7\u00e3o de novos espa\u00e7os de aprendizado.<\/span><\/li>\n<\/ul>\n<h3><b>Uma viagem que se torna encontro<\/b><\/h3>\n<p><span style=\"font-weight: 400;\">Neste ano, Helton Moreira, Diretor de Performance Acad\u00eamica da Inspira, foi ao Malawi para vivenciar de perto essa realidade. Ao chegar \u00e0 Ubuntu School, encontrou uma energia contagiante que preenche cada sala de aula.<\/span><\/p>\n<p><i><span style=\"font-weight: 400;\"><img decoding=\"async\" class=\"aligncenter wp-image-6854\" src=\"https:\/\/www.redeinspiraeducadores.com.br\/wp-content\/uploads\/2025\/08\/foto-2-bp-ubuntu-450x450.jpeg\" alt=\"\" width=\"700\" height=\"933\" \/><\/span><\/i><\/p>\n<p><i><span style=\"font-weight: 400;\">\u201cAo pisar na escola, a sensa\u00e7\u00e3o \u00e9 que estamos sendo transportados para um universo m\u00e1gico dentro do campo de refugiados, uma esp\u00e9cie de o\u00e1sis no meio do deserto. No primeiro contato com as crian\u00e7as, \u00e9 percept\u00edvel o quanto a escola significa tudo para eles. Alunos, professores e fam\u00edlias enxergam a oportunidade de estudar na Ubuntu como um passaporte para um futuro vi\u00e1vel e esperan\u00e7oso. Ver o brilho nos olhos, o carinho e a dedica\u00e7\u00e3o de todos os professores me deu a certeza do poder transformador da Ubuntu.\u201d, <\/span><\/i><span style=\"font-weight: 400;\">Compartilha Helton<\/span><\/p>\n<h3><b>A coragem em meio ao desafios\u00a0<\/b><\/h3>\n<p><span style=\"font-weight: 400;\">Entre conversas com educadores da escola, hist\u00f3rias de supera\u00e7\u00e3o e o conv\u00edvio com as crian\u00e7as, Helton percebeu o quanto a Inspira, mesmo distante fisicamente, est\u00e1 presente no dia a dia daquela comunidade. Ele conta que foi profundamente tocado ao observar a dedica\u00e7\u00e3o incr\u00edvel dos professores, mesmo diante de condi\u00e7\u00f5es extremamente desafiadoras. Alguns deles vivem em casas improvisadas doadas pela ONU, muitas vezes dormindo no ch\u00e3o batido. Durante uma caminhada pelo campo, Helton conheceu um desses professores pessoalmente e relata que, ao v\u00ea-lo t\u00e3o engajado apesar das dificuldades, sentiu um \u201c<\/span><i><span style=\"font-weight: 400;\">enorme n\u00f3 na garganta<\/span><\/i><span style=\"font-weight: 400;\">\u201d e mobilizou imediatamente a equipe da Ubuntu para providenciar um colch\u00e3o para ele.<\/span><\/p>\n<p><span style=\"font-weight: 400;\">Essa aproxima\u00e7\u00e3o n\u00e3o trouxe apenas reflex\u00e3o, mas tamb\u00e9m inspira\u00e7\u00e3o para o futuro desse trabalho colaborativo.\u00a0<\/span><\/p>\n<p><span style=\"font-weight: 400;\"><img decoding=\"async\" class=\"aligncenter wp-image-6855\" src=\"https:\/\/www.redeinspiraeducadores.com.br\/wp-content\/uploads\/2025\/08\/foto-3-pb-ubuntu-450x450.jpeg\" alt=\"\" width=\"700\" height=\"933\" \/><\/span><\/p>\n<p><span style=\"font-weight: 400;\">Ao ser questionado sobre como enxerga os pr\u00f3ximos passos da parceria, Helton destacou que v\u00ea um oceano de oportunidades para desenvolver projetos que envolvam alunos, escolas e colaboradores. Para ele, conectar as comunidades escolares da Inspira com a Ubuntu significa potencializar iniciativas j\u00e1 existentes e ampliar o impacto transformador tanto no Malawi quanto no Brasil.<\/span><\/p>\n<h3>Como voc\u00ea pode ajudar a transformar vidas<\/h3>\n<p>Na Ubuntu School, os professores s\u00e3o verdadeiros pilares de esperan\u00e7a. Mesmo diante de tantas dificuldades, seguem firmes, ensinando e inspirando crian\u00e7as e jovens diariamente. Para fortalecer essa miss\u00e3o, unimos for\u00e7as para criar o Fundo para Professores, que garante suporte direto a esses educadores corajosos e dedicados.<\/p>\n<p>Voc\u00ea tamb\u00e9m pode fazer parte dessa transforma\u00e7\u00e3o com um gesto simples de solidariedade, contribuindo pelo PIX <strong>fundoprofessoresubuntu@fraternidadesemfronteiras.org.br<\/strong><\/p>\n<h3><b>Um reconhecimento que nos orgulha<\/b><\/h3>\n<p>Al\u00e9m da viagem feita, nossa jornada com a FSF ganhou um marco especial: neste ano, recebemos oficialmente o Selo de Empresa Solid\u00e1ria da Fraternidade Sem Fronteiras. Mais do que um reconhecimento, ele representa a confirma\u00e7\u00e3o de que estamos no caminho certo e a motiva\u00e7\u00e3o para ampliar ainda mais o nosso impacto.<\/p>\n<p><span style=\"font-weight: 400;\"><img loading=\"lazy\" decoding=\"async\" class=\"aligncenter wp-image-6863\" src=\"https:\/\/www.redeinspiraeducadores.com.br\/wp-content\/uploads\/2025\/08\/DSC02942-450x450.jpg\" alt=\"\" width=\"700\" height=\"525\" \/>\u00a0<\/span><\/p>\n<p><span style=\"font-weight: 400;\">O selo foi recebido com muito carinho e honra pelo nosso CEO Andr\u00e9 Aguiar, refor\u00e7ando o compromisso da Inspira Rede de Educadores com iniciativas que transformam vidas e fortalecem <a href=\"https:\/\/www.redeinspiraeducadores.com.br\/en\/blog\/impacto-social\/\">parcerias de impacto social<\/a>.<\/span><\/p>\n<h3><b>Quer ver mais?\u00a0<\/b><\/h3>\n<p><span style=\"font-weight: 400;\">Para conferir fotos e momentos da viagem ao Malawi, acompanhe tamb\u00e9m o Instagram da <\/span><a href=\"https:\/\/www.instagram.com\/inspiraredeeducadores\/\"><span style=\"font-weight: 400;\">Inspira Rede de Educadores<\/span><\/a><span style=\"font-weight: 400;\"> e veja de perto os registros dessa experi\u00eancia!<\/span><\/p>","protected":false},"excerpt":{"rendered":"<p>Na Inspira Rede de Educadores, acreditamos que a educa\u00e7\u00e3o ultrapassa\u00a0 fronteiras. E essa convic\u00e7\u00e3o ganhou um novo cap\u00edtulo com o [&hellip;]<\/p>\n","protected":false},"author":1,"featured_media":6852,"comment_status":"open","ping_status":"open","sticky":false,"template":"","format":"standard","meta":{"site-sidebar-layout":"default","site-content-layout":"","ast-site-content-layout":"default","site-content-style":"default","site-sidebar-style":"default","ast-global-header-display":"","ast-banner-title-visibility":"","ast-main-header-display":"","ast-hfb-above-header-display":"","ast-hfb-below-header-display":"","ast-hfb-mobile-header-display":"","site-post-title":"","ast-breadcrumbs-content":"","ast-featured-img":"","footer-sml-layout":"","ast-disable-related-posts":"","theme-transparent-header-meta":"","adv-header-id-meta":"","stick-header-meta":"","header-above-stick-meta":"","header-main-stick-meta":"","header-below-stick-meta":"","astra-migrate-meta-layouts":"default","ast-page-background-enabled":"default","ast-page-background-meta":{"desktop":{"background-color":"var(--ast-global-color-5)","background-image":"","background-repeat":"repeat","background-position":"center center","background-size":"auto","background-attachment":"scroll","background-type":"","background-media":"","overlay-type":"","overlay-color":"","overlay-opacity":"","overlay-gradient":""},"tablet":{"background-color":"","background-image":"","background-repeat":"repeat","background-position":"center center","background-size":"auto","background-attachment":"scroll","background-type":"","background-media":"","overlay-type":"","overlay-color":"","overlay-opacity":"","overlay-gradient":""},"mobile":{"background-color":"","background-image":"","background-repeat":"repeat","background-position":"center center","background-size":"auto","background-attachment":"scroll","background-type":"","background-media":"","overlay-type":"","overlay-color":"","overlay-opacity":"","overlay-gradient":""}},"ast-content-background-meta":{"desktop":{"background-color":"var(--ast-global-color-4)","background-image":"","background-repeat":"repeat","background-position":"center center","background-size":"auto","background-attachment":"scroll","background-type":"","background-media":"","overlay-type":"","overlay-color":"","overlay-opacity":"","overlay-gradient":""},"tablet":{"background-color":"var(--ast-global-color-4)","background-image":"","background-repeat":"repeat","background-position":"center center","background-size":"auto","background-attachment":"scroll","background-type":"","background-media":"","overlay-type":"","overlay-color":"","overlay-opacity":"","overlay-gradient":""},"mobile":{"background-color":"var(--ast-global-color-4)","background-image":"","background-repeat":"repeat","background-position":"center center","background-size":"auto","background-attachment":"scroll","background-type":"","background-media":"","overlay-type":"","overlay-color":"","overlay-opacity":"","overlay-gradient":""}},"footnotes":""},"categories":[1],"tags":[],"class_list":["post-6851","post","type-post","status-publish","format-standard","has-post-thumbnail","hentry","category-uncategorized"],"_links":{"self":[{"href":"https:\/\/www.redeinspiraeducadores.com.br\/en\/wp-json\/wp\/v2\/posts\/6851","targetHints":{"allow":["GET"]}}],"collection":[{"href":"https:\/\/www.redeinspiraeducadores.com.br\/en\/wp-json\/wp\/v2\/posts"}],"about":[{"href":"https:\/\/www.redeinspiraeducadores.com.br\/en\/wp-json\/wp\/v2\/types\/post"}],"author":[{"embeddable":true,"href":"https:\/\/www.redeinspiraeducadores.com.br\/en\/wp-json\/wp\/v2\/users\/1"}],"replies":[{"embeddable":true,"href":"https:\/\/www.redeinspiraeducadores.com.br\/en\/wp-json\/wp\/v2\/comments?post=6851"}],"version-history":[{"count":0,"href":"https:\/\/www.redeinspiraeducadores.com.br\/en\/wp-json\/wp\/v2\/posts\/6851\/revisions"}],"wp:featuredmedia":[{"embeddable":true,"href":"https:\/\/www.redeinspiraeducadores.com.br\/en\/wp-json\/wp\/v2\/media\/6852"}],"wp:attachment":[{"href":"https:\/\/www.redeinspiraeducadores.com.br\/en\/wp-json\/wp\/v2\/media?parent=6851"}],"wp:term":[{"taxonomy":"category","embeddable":true,"href":"https:\/\/www.redeinspiraeducadores.com.br\/en\/wp-json\/wp\/v2\/categories?post=6851"},{"taxonomy":"post_tag","embeddable":true,"href":"https:\/\/www.redeinspiraeducadores.com.br\/en\/wp-json\/wp\/v2\/tags?post=6851"}],"curies":[{"name":"wp","href":"https:\/\/api.w.org\/{rel}","templated":true}]}}