{"id":6831,"date":"2025-07-16T11:00:29","date_gmt":"2025-07-16T14:00:29","guid":{"rendered":"https:\/\/www.redeinspiraeducadores.com.br\/?p=6831"},"modified":"2025-07-16T11:00:29","modified_gmt":"2025-07-16T14:00:29","slug":"impacto-social","status":"publish","type":"post","link":"https:\/\/www.redeinspiraeducadores.com.br\/en\/impacto-social\/","title":{"rendered":"Impacto social na educa\u00e7\u00e3o: O compromisso da Inspira com um futuro mais justo"},"content":{"rendered":"<p><span style=\"font-weight: 400;\">Em um cen\u00e1rio de recursos limitados e desafios globais, o papel das empresas na sociedade se transformou. Hoje, gerar impacto positivo \u00e9 t\u00e3o crucial quanto a atividade principal de uma organiza\u00e7\u00e3o. \u00c9 nesse contexto que o conceito de ESG ganha for\u00e7a, e na Inspira Rede de Educadores n\u00e3o \u00e9 diferente. Acreditamos que nosso dever \u00e9 pensar no futuro das pr\u00f3ximas gera\u00e7\u00f5es dentro e fora da sala de aula.<\/span><\/p>\n<p><span style=\"font-weight: 400;\">Mais do que uma tend\u00eancia, agir com responsabilidade social \u00e9 parte essencial do nosso compromisso com o futuro. \u00c9 a forma que encontramos de mostrar, na pr\u00e1tica, que \u00e9 poss\u00edvel crescer cuidando das pessoas e do planeta. Por isso, a Inspira apoia ativamente institui\u00e7\u00f5es que compartilham desses valores, estendendo nossa miss\u00e3o educadora para muito al\u00e9m dos muros das escolas e inspirando nossos alunos a fazerem o mesmo.<\/span><\/p>\n<h2><b>Compromisso com o impacto positivo<\/b><\/h2>\n<p><span style=\"font-weight: 400;\">A Inspira Rede de Educadores acredita que construir um mundo melhor \u00e9 um compromisso que ultrapassa os muros da escola. Nossa atua\u00e7\u00e3o em responsabilidade social \u00e9 um pilar estrat\u00e9gico que se soma \u00e0s nossas <\/span><a href=\"https:\/\/www.redeinspiraeducadores.com.br\/en\/blog\/meio-ambiente\/\"><span style=\"font-weight: 400;\">pr\u00e1ticas ambientais<\/span><\/a><span style=\"font-weight: 400;\"> e de governan\u00e7a (ESG), refletindo nossa miss\u00e3o de gerar um legado positivo<\/span><\/p>\n<p><span style=\"font-weight: 400;\">Mais do que um conceito, investimos em a\u00e7\u00f5es pr\u00e1ticas. Por isso, apoiamos e fortalecemos iniciativas que promovem cultura, cidadania, sa\u00fade e educa\u00e7\u00e3o em diversas comunidades. Conhe\u00e7a a seguir alguns dos projetos que fazem parte da nossa rede de impacto.<\/span><\/p>\n<h2><b>Construindo o Futuro: Projetos de Transforma\u00e7\u00e3o Apoiados pela Inspira<\/b><\/h2>\n<p><span style=\"font-weight: 400;\">Cada projeto apoiado \u00e9 uma semente de mudan\u00e7a que ajudamos a regar. Conhe\u00e7a as frentes de atua\u00e7\u00e3o que est\u00e3o transformando realidades pelo Brasil.<\/span><\/p>\n<h2><b>L\u00e1 Vem Hist\u00f3ria (RJ): despertando o prazer pela leitura<\/b><\/h2>\n<p><span style=\"font-weight: 400;\"><img fetchpriority=\"high\" decoding=\"async\" class=\"alignnone wp-image-6836\" src=\"https:\/\/www.redeinspiraeducadores.com.br\/wp-content\/uploads\/2025\/07\/la-vem-historia.webp\" alt=\"\" width=\"841\" height=\"561\" srcset=\"https:\/\/www.redeinspiraeducadores.com.br\/wp-content\/uploads\/2025\/07\/la-vem-historia.webp 800w, https:\/\/www.redeinspiraeducadores.com.br\/wp-content\/uploads\/2025\/07\/la-vem-historia-300x200.webp 300w, https:\/\/www.redeinspiraeducadores.com.br\/wp-content\/uploads\/2025\/07\/la-vem-historia-768x513.webp 768w\" sizes=\"(max-width: 841px) 100vw, 841px\" \/><\/span><\/p>\n<p><span style=\"font-weight: 400;\">No Rio de Janeiro, o projeto <\/span><b>L\u00e1 Vem Hist\u00f3ria<\/b><span style=\"font-weight: 400;\"> leva a magia da conta\u00e7\u00e3o de hist\u00f3rias, m\u00fasica e oficinas art\u00edsticas para escolas p\u00fablicas. A iniciativa tem um objetivo claro: despertar o prazer pela leitura em crian\u00e7as e adolescentes, fortalecendo o v\u00ednculo fundamental com a arte e a imagina\u00e7\u00e3o.<\/span><\/p>\n<p><span style=\"font-weight: 400;\">No Rio de Janeiro, o projeto <\/span><a href=\"https:\/\/parceirosdaeducacaorj.org.br\/nossos-programas\/\"><span style=\"font-weight: 400;\">L\u00e1 Vem Hist\u00f3ria<\/span><\/a><span style=\"font-weight: 400;\"> leva a magia da conta\u00e7\u00e3o de hist\u00f3rias, m\u00fasica e oficinas art\u00edsticas para escolas p\u00fablicas. A iniciativa tem um objetivo claro: despertar o prazer pela leitura em crian\u00e7as e adolescentes, fortalecendo o v\u00ednculo fundamental com a arte e a imagina\u00e7\u00e3o, por meio de oficinas de teatro, dan\u00e7a, m\u00fasica e artes pl\u00e1sticas, al\u00e9m de apresenta\u00e7\u00f5es e passeios culturais que ampliam o repert\u00f3rio dos alunos. O L\u00e1 Vem Hist\u00f3ria reafirma o poder transformador da educa\u00e7\u00e3o \u2014 um compromisso que a Inspira tem orgulho de apoiar.<\/span><\/p>\n<h2><b>Embarque das Cidades Parceiras (BR): cidadania e valores ol\u00edmpicos<\/b><\/h2>\n<p><span style=\"font-weight: 400;\"><img decoding=\"async\" class=\"alignnone wp-image-6834\" src=\"https:\/\/www.redeinspiraeducadores.com.br\/wp-content\/uploads\/2025\/07\/Imagem-Cactus-1-2.jpg\" alt=\"\" width=\"841\" height=\"561\" srcset=\"https:\/\/www.redeinspiraeducadores.com.br\/wp-content\/uploads\/2025\/07\/Imagem-Cactus-1-2.jpg 2048w, https:\/\/www.redeinspiraeducadores.com.br\/wp-content\/uploads\/2025\/07\/Imagem-Cactus-1-2-300x200.jpg 300w, https:\/\/www.redeinspiraeducadores.com.br\/wp-content\/uploads\/2025\/07\/Imagem-Cactus-1-2-1024x683.jpg 1024w, https:\/\/www.redeinspiraeducadores.com.br\/wp-content\/uploads\/2025\/07\/Imagem-Cactus-1-2-768x512.jpg 768w, https:\/\/www.redeinspiraeducadores.com.br\/wp-content\/uploads\/2025\/07\/Imagem-Cactus-1-2-1536x1025.jpg 1536w\" sizes=\"(max-width: 841px) 100vw, 841px\" \/><\/span><\/p>\n<p><span style=\"font-weight: 400;\">Idealizado pela <\/span><a href=\"https:\/\/associacaocactus.org.br\/\"><span style=\"font-weight: 400;\">Associa\u00e7\u00e3o Cactus<\/span><\/a><span style=\"font-weight: 400;\">, este projeto de alcance nacional foca na forma\u00e7\u00e3o de professores com base em valores ol\u00edmpicos como \u00e9tica, respeito e coopera\u00e7\u00e3o. A metodologia promove o protagonismo juvenil e a cidadania, j\u00e1 tendo impactado mais de 1,8 milh\u00e3o de estudantes em 16 estados e mais de 60 cidades brasileiras.<\/span><\/p>\n<p>&nbsp;<\/p>\n<h2><b>WimBelemDon (RS)<\/b><b>: <\/b><b>transformando realidades pelo esporte<\/b><\/h2>\n<p><span style=\"font-weight: 400;\"><img decoding=\"async\" class=\"alignnone wp-image-6832\" src=\"https:\/\/www.redeinspiraeducadores.com.br\/wp-content\/uploads\/2025\/07\/Slackline-2-scaled.jpg\" alt=\"\" width=\"841\" height=\"631\" \/><\/span><\/p>\n<p><span style=\"font-weight: 400;\">Localizado na zona sul de Porto Alegre (RS), o <\/span><a href=\"https:\/\/www.wimbelemdon.com.br\/\"><span style=\"font-weight: 400;\">WimBelemDon<\/span><\/a><span style=\"font-weight: 400;\"> \u00e9 um porto seguro para crian\u00e7as e adolescentes em situa\u00e7\u00e3o de vulnerabilidade social. Por meio do esporte, da cultura e do apoio psicossocial, o projeto transforma realidades e cria novas oportunidades de futuro para centenas de jovens.<\/span><\/p>\n<p>&nbsp;<\/p>\n<h2><b>Cultura, Sa\u00fade e Paz (CE): qualidade de vida na terceira idade<\/b><\/h2>\n<p><span style=\"font-weight: 400;\">No Cear\u00e1, nosso olhar se volta para o p\u00fablico idoso com o programa Cultura, Sa\u00fade e Paz. Atrav\u00e9s de atividades como pilates, canto coral e rodas de conversa, a iniciativa valoriza a conviv\u00eancia, o autocuidado e promove um envelhecimento ativo, saud\u00e1vel e com mais qualidade de vida.<\/span><\/p>\n<h2 data-start=\"200\" data-end=\"255\">Projetos incentivados: o que s\u00e3o e por que apoiamos<\/h2>\n<p data-start=\"257\" data-end=\"598\">Os projetos apresentados neste conte\u00fado fazem parte de uma frente muito importante da nossa atua\u00e7\u00e3o social: s\u00e3o projetos incentivados. Esse tipo de iniciativa \u00e9 viabilizado por meio de leis que estimulam o investimento privado em a\u00e7\u00f5es sociais, culturais e esportivas, ampliando o alcance e o impacto positivo dessas causas na sociedade.<\/p>\n<p data-start=\"600\" data-end=\"973\" data-is-last-node=\"\" data-is-only-node=\"\">Na Inspira, utilizamos esse modelo de apoio para fortalecer projetos alinhados aos nossos valores e ao nosso prop\u00f3sito. \u00c9 por meio dos projetos incentivados que conseguimos potencializar a\u00e7\u00f5es que promovem educa\u00e7\u00e3o, cultura, cidadania e inclus\u00e3o em diversas regi\u00f5es do pa\u00eds, sempre com o compromisso de gerar impacto positivo e inspirar a transforma\u00e7\u00e3o.<\/p>\n<h2><b>Nosso Prop\u00f3sito: atuar com inten\u00e7\u00e3o e legado<\/b><\/h2>\n<p>Mais do que apenas apoiar, a Inspira Rede de Educadores se compromete a investir, acompanhar e fortalecer essas iniciativas ao longo do tempo. O compromisso com o impacto social faz parte da nossa identidade e orienta nossas escolhas, parcerias e a\u00e7\u00f5es em todo o pa\u00eds.<\/p>\n<p>Acreditamos que cada atitude conta. Ao usar a for\u00e7a da educa\u00e7\u00e3o para transformar o presente, estamos construindo um futuro com mais igualdade, respeito e oportunidades para todos.<br \/>\nAcompanhe mais hist\u00f3rias inspiradoras e a\u00e7\u00f5es de impacto positivo nas nossas redes: <a href=\"https:\/\/www.instagram.com\/inspiraredeeducadores\/\">@inspiraredeeducadores<\/a><\/p>\n<p>&nbsp;<\/p>","protected":false},"excerpt":{"rendered":"<p>Em um cen\u00e1rio de recursos limitados e desafios globais, o papel das empresas na sociedade se transformou. Hoje, gerar impacto [&hellip;]<\/p>\n","protected":false},"author":1,"featured_media":6838,"comment_status":"open","ping_status":"open","sticky":false,"template":"","format":"standard","meta":{"site-sidebar-layout":"default","site-content-layout":"","ast-site-content-layout":"default","site-content-style":"default","site-sidebar-style":"default","ast-global-header-display":"","ast-banner-title-visibility":"","ast-main-header-display":"","ast-hfb-above-header-display":"","ast-hfb-below-header-display":"","ast-hfb-mobile-header-display":"","site-post-title":"","ast-breadcrumbs-content":"","ast-featured-img":"","footer-sml-layout":"","ast-disable-related-posts":"","theme-transparent-header-meta":"","adv-header-id-meta":"","stick-header-meta":"","header-above-stick-meta":"","header-main-stick-meta":"","header-below-stick-meta":"","astra-migrate-meta-layouts":"default","ast-page-background-enabled":"default","ast-page-background-meta":{"desktop":{"background-color":"var(--ast-global-color-5)","background-image":"","background-repeat":"repeat","background-position":"center center","background-size":"auto","background-attachment":"scroll","background-type":"","background-media":"","overlay-type":"","overlay-color":"","overlay-opacity":"","overlay-gradient":""},"tablet":{"background-color":"","background-image":"","background-repeat":"repeat","background-position":"center center","background-size":"auto","background-attachment":"scroll","background-type":"","background-media":"","overlay-type":"","overlay-color":"","overlay-opacity":"","overlay-gradient":""},"mobile":{"background-color":"","background-image":"","background-repeat":"repeat","background-position":"center center","background-size":"auto","background-attachment":"scroll","background-type":"","background-media":"","overlay-type":"","overlay-color":"","overlay-opacity":"","overlay-gradient":""}},"ast-content-background-meta":{"desktop":{"background-color":"var(--ast-global-color-4)","background-image":"","background-repeat":"repeat","background-position":"center center","background-size":"auto","background-attachment":"scroll","background-type":"","background-media":"","overlay-type":"","overlay-color":"","overlay-opacity":"","overlay-gradient":""},"tablet":{"background-color":"var(--ast-global-color-4)","background-image":"","background-repeat":"repeat","background-position":"center center","background-size":"auto","background-attachment":"scroll","background-type":"","background-media":"","overlay-type":"","overlay-color":"","overlay-opacity":"","overlay-gradient":""},"mobile":{"background-color":"var(--ast-global-color-4)","background-image":"","background-repeat":"repeat","background-position":"center center","background-size":"auto","background-attachment":"scroll","background-type":"","background-media":"","overlay-type":"","overlay-color":"","overlay-opacity":"","overlay-gradient":""}},"footnotes":""},"categories":[8],"tags":[],"class_list":["post-6831","post","type-post","status-publish","format-standard","has-post-thumbnail","hentry","category-blog"],"_links":{"self":[{"href":"https:\/\/www.redeinspiraeducadores.com.br\/en\/wp-json\/wp\/v2\/posts\/6831","targetHints":{"allow":["GET"]}}],"collection":[{"href":"https:\/\/www.redeinspiraeducadores.com.br\/en\/wp-json\/wp\/v2\/posts"}],"about":[{"href":"https:\/\/www.redeinspiraeducadores.com.br\/en\/wp-json\/wp\/v2\/types\/post"}],"author":[{"embeddable":true,"href":"https:\/\/www.redeinspiraeducadores.com.br\/en\/wp-json\/wp\/v2\/users\/1"}],"replies":[{"embeddable":true,"href":"https:\/\/www.redeinspiraeducadores.com.br\/en\/wp-json\/wp\/v2\/comments?post=6831"}],"version-history":[{"count":0,"href":"https:\/\/www.redeinspiraeducadores.com.br\/en\/wp-json\/wp\/v2\/posts\/6831\/revisions"}],"wp:featuredmedia":[{"embeddable":true,"href":"https:\/\/www.redeinspiraeducadores.com.br\/en\/wp-json\/wp\/v2\/media\/6838"}],"wp:attachment":[{"href":"https:\/\/www.redeinspiraeducadores.com.br\/en\/wp-json\/wp\/v2\/media?parent=6831"}],"wp:term":[{"taxonomy":"category","embeddable":true,"href":"https:\/\/www.redeinspiraeducadores.com.br\/en\/wp-json\/wp\/v2\/categories?post=6831"},{"taxonomy":"post_tag","embeddable":true,"href":"https:\/\/www.redeinspiraeducadores.com.br\/en\/wp-json\/wp\/v2\/tags?post=6831"}],"curies":[{"name":"wp","href":"https:\/\/api.w.org\/{rel}","templated":true}]}}