{"id":6804,"date":"2025-06-27T08:40:48","date_gmt":"2025-06-27T11:40:48","guid":{"rendered":"https:\/\/www.redeinspiraeducadores.com.br\/?p=6804"},"modified":"2025-06-27T08:40:48","modified_gmt":"2025-06-27T11:40:48","slug":"ib","status":"publish","type":"post","link":"https:\/\/www.redeinspiraeducadores.com.br\/en\/ib\/","title":{"rendered":"IB: muito al\u00e9m do curr\u00edculo na forma\u00e7\u00e3o dos alunos da Inspira"},"content":{"rendered":"<p><span style=\"font-weight: 400;\">Na Inspira, acreditamos que oferecer uma forma\u00e7\u00e3o conectada ao presente e voltada para o futuro \u00e9 essencial para transformar vidas por meio da educa\u00e7\u00e3o. \u00c9 com esse prop\u00f3sito que algumas escolas da nossa rede buscam ser uma IB World School e fazer parte de um programa educacional internacionalmente reconhecido por sua proposta inovadora e formativa.<\/span><\/p>\n<p>&nbsp;<\/p>\n<p><span style=\"font-weight: 400;\">A seguir, listamos cinco raz\u00f5es que tornam o IB uma escolha relevante para essas escolas:<\/span><\/p>\n<h2><b>Mentalidade Global desde os Primeiros Anos<\/b><\/h2>\n<p><span style=\"font-weight: 400;\"><img fetchpriority=\"high\" decoding=\"async\" class=\"alignnone wp-image-6808\" src=\"https:\/\/www.redeinspiraeducadores.com.br\/wp-content\/uploads\/2025\/06\/MG_1960-2-450x450.jpg\" alt=\"\" width=\"841\" height=\"561\" \/><\/span><\/p>\n<p><span style=\"font-weight: 400;\">O IB incentiva o desenvolvimento de uma vis\u00e3o ampla e emp\u00e1tica, preparando os alunos para compreender e valorizar diferentes culturas e realidades do mundo. Essa abordagem contribui para formar cidad\u00e3os conscientes e respeitosos em um cen\u00e1rio global cada vez mais interconectado.<\/span><\/p>\n<h2><b>Est\u00edmulo ao Pensamento Cr\u00edtico e Criativo<\/b><\/h2>\n<p><span style=\"font-weight: 400;\">No IB, os alunos s\u00e3o convidados a investigar, questionar e propor solu\u00e7\u00f5es para problemas reais. A metodologia fortalece o racioc\u00ednio l\u00f3gico, a criatividade e a capacidade de inovar, compet\u00eancias essenciais para os desafios do s\u00e9culo XXI.<\/span><\/p>\n<h2><b>Prepara\u00e7\u00e3o Acad\u00eamica e Pessoal<\/b><\/h2>\n<p><span style=\"font-weight: 400;\"><img decoding=\"async\" class=\"alignnone wp-image-6809\" src=\"https:\/\/www.redeinspiraeducadores.com.br\/wp-content\/uploads\/2025\/06\/MG_1220_PS-2-450x450.jpg\" alt=\"\" width=\"841\" height=\"561\" \/><\/span><\/p>\n<p><span style=\"font-weight: 400;\">O rigor acad\u00eamico, aliado a uma proposta pedag\u00f3gica reflexiva, permite que os alunos desenvolvam autonomia, responsabilidade e confian\u00e7a para lidar com os desafios da vida escolar e tamb\u00e9m com as adversidades fora da escola.<\/span><\/p>\n<h2><b>Socio-Emotional Development<\/b><\/h2>\n<p><span style=\"font-weight: 400;\">A aprendizagem no IB vai al\u00e9m do conte\u00fado acad\u00eamico. O programa valoriza a empatia, a colabora\u00e7\u00e3o, a comunica\u00e7\u00e3o e a resili\u00eancia. Promovendo o crescimento pessoal e o bem-estar dos estudantes em todas as fases da vida escolar.<\/span><\/p>\n<h2><b>Forma\u00e7\u00e3o de Cidad\u00e3os com Impacto<\/b><\/h2>\n<p><span style=\"font-weight: 400;\"><img decoding=\"async\" class=\"alignnone wp-image-6810\" src=\"https:\/\/www.redeinspiraeducadores.com.br\/wp-content\/uploads\/2025\/06\/IMG_0383-450x450.jpg\" alt=\"\" width=\"841\" height=\"561\" \/><\/span><\/p>\n<p><span style=\"font-weight: 400;\">Com uma proposta voltada ao engajamento social, o IB promove a forma\u00e7\u00e3o de indiv\u00edduos que reconhecem seu papel no mundo e atuam com responsabilidade, \u00e9tica e desejo de transformar positivamente as comunidades onde vivem.<\/span><\/p>\n<p>&nbsp;<\/p>\n<p><span style=\"font-weight: 400;\">Na Inspira, reconhecemos e valorizamos iniciativas que fortalecem a miss\u00e3o de formar cidad\u00e3os preparados para o futuro. O IB \u00e9 um exemplo de proposta educacional alinhada a esse prop\u00f3sito, e temos orgulho de contar com escolas em nossa rede que abra\u00e7am esse caminho de excel\u00eancia, inova\u00e7\u00e3o e impacto.<\/span><\/p>\n<p>&nbsp;<\/p>\n<p><span style=\"font-weight: 400;\">Conhe\u00e7a <a href=\"https:\/\/www.redeinspiraeducadores.com.br\/en\/blog\/conheca-o-international-baccalaureate-ib-e-sua-importancia-para-a-educacao\/\">nossas escolas IB<\/a>.<\/span><\/p>","protected":false},"excerpt":{"rendered":"<p>Na Inspira, acreditamos que oferecer uma forma\u00e7\u00e3o conectada ao presente e voltada para o futuro \u00e9 essencial para transformar vidas [&hellip;]<\/p>\n","protected":false},"author":1,"featured_media":6811,"comment_status":"open","ping_status":"open","sticky":false,"template":"","format":"standard","meta":{"site-sidebar-layout":"default","site-content-layout":"","ast-site-content-layout":"default","site-content-style":"default","site-sidebar-style":"default","ast-global-header-display":"","ast-banner-title-visibility":"","ast-main-header-display":"","ast-hfb-above-header-display":"","ast-hfb-below-header-display":"","ast-hfb-mobile-header-display":"","site-post-title":"","ast-breadcrumbs-content":"","ast-featured-img":"","footer-sml-layout":"","ast-disable-related-posts":"","theme-transparent-header-meta":"","adv-header-id-meta":"","stick-header-meta":"","header-above-stick-meta":"","header-main-stick-meta":"","header-below-stick-meta":"","astra-migrate-meta-layouts":"default","ast-page-background-enabled":"default","ast-page-background-meta":{"desktop":{"background-color":"var(--ast-global-color-5)","background-image":"","background-repeat":"repeat","background-position":"center center","background-size":"auto","background-attachment":"scroll","background-type":"","background-media":"","overlay-type":"","overlay-color":"","overlay-opacity":"","overlay-gradient":""},"tablet":{"background-color":"","background-image":"","background-repeat":"repeat","background-position":"center center","background-size":"auto","background-attachment":"scroll","background-type":"","background-media":"","overlay-type":"","overlay-color":"","overlay-opacity":"","overlay-gradient":""},"mobile":{"background-color":"","background-image":"","background-repeat":"repeat","background-position":"center center","background-size":"auto","background-attachment":"scroll","background-type":"","background-media":"","overlay-type":"","overlay-color":"","overlay-opacity":"","overlay-gradient":""}},"ast-content-background-meta":{"desktop":{"background-color":"var(--ast-global-color-4)","background-image":"","background-repeat":"repeat","background-position":"center center","background-size":"auto","background-attachment":"scroll","background-type":"","background-media":"","overlay-type":"","overlay-color":"","overlay-opacity":"","overlay-gradient":""},"tablet":{"background-color":"var(--ast-global-color-4)","background-image":"","background-repeat":"repeat","background-position":"center center","background-size":"auto","background-attachment":"scroll","background-type":"","background-media":"","overlay-type":"","overlay-color":"","overlay-opacity":"","overlay-gradient":""},"mobile":{"background-color":"var(--ast-global-color-4)","background-image":"","background-repeat":"repeat","background-position":"center center","background-size":"auto","background-attachment":"scroll","background-type":"","background-media":"","overlay-type":"","overlay-color":"","overlay-opacity":"","overlay-gradient":""}},"footnotes":""},"categories":[8,42],"tags":[38,43],"class_list":["post-6804","post","type-post","status-publish","format-standard","has-post-thumbnail","hentry","category-blog","category-curriculo-internacional","tag-ib","tag-internacionalizacao"],"_links":{"self":[{"href":"https:\/\/www.redeinspiraeducadores.com.br\/en\/wp-json\/wp\/v2\/posts\/6804","targetHints":{"allow":["GET"]}}],"collection":[{"href":"https:\/\/www.redeinspiraeducadores.com.br\/en\/wp-json\/wp\/v2\/posts"}],"about":[{"href":"https:\/\/www.redeinspiraeducadores.com.br\/en\/wp-json\/wp\/v2\/types\/post"}],"author":[{"embeddable":true,"href":"https:\/\/www.redeinspiraeducadores.com.br\/en\/wp-json\/wp\/v2\/users\/1"}],"replies":[{"embeddable":true,"href":"https:\/\/www.redeinspiraeducadores.com.br\/en\/wp-json\/wp\/v2\/comments?post=6804"}],"version-history":[{"count":0,"href":"https:\/\/www.redeinspiraeducadores.com.br\/en\/wp-json\/wp\/v2\/posts\/6804\/revisions"}],"wp:featuredmedia":[{"embeddable":true,"href":"https:\/\/www.redeinspiraeducadores.com.br\/en\/wp-json\/wp\/v2\/media\/6811"}],"wp:attachment":[{"href":"https:\/\/www.redeinspiraeducadores.com.br\/en\/wp-json\/wp\/v2\/media?parent=6804"}],"wp:term":[{"taxonomy":"category","embeddable":true,"href":"https:\/\/www.redeinspiraeducadores.com.br\/en\/wp-json\/wp\/v2\/categories?post=6804"},{"taxonomy":"post_tag","embeddable":true,"href":"https:\/\/www.redeinspiraeducadores.com.br\/en\/wp-json\/wp\/v2\/tags?post=6804"}],"curies":[{"name":"wp","href":"https:\/\/api.w.org\/{rel}","templated":true}]}}