{"id":6775,"date":"2025-06-05T16:10:15","date_gmt":"2025-06-05T19:10:15","guid":{"rendered":"https:\/\/www.redeinspiraeducadores.com.br\/?p=6775"},"modified":"2025-06-05T16:10:15","modified_gmt":"2025-06-05T19:10:15","slug":"meio-ambiente","status":"publish","type":"post","link":"https:\/\/www.redeinspiraeducadores.com.br\/en\/meio-ambiente\/","title":{"rendered":"Sustentabilidade em a\u00e7\u00e3o na Inspira Rede de Educadores"},"content":{"rendered":"<p><span style=\"font-weight: 400;\">Hoje \u00e9 o Dia Mundial do Meio Ambiente, uma data para refletir, celebrar e refor\u00e7ar compromissos. E falar sobre meio ambiente na Inspira Rede de Educadores \u00e9 falar sobre compromisso, responsabilidade e transforma\u00e7\u00e3o. Nossas iniciativas s\u00e3o movidas pelo prop\u00f3sito de construir um futuro melhor para as pr\u00f3ximas gera\u00e7\u00f5es, enquanto inspiramos toda a comunidade escolar a adotar pr\u00e1ticas sustent\u00e1veis no cotidiano.<\/span><\/p>\n<p><span style=\"font-weight: 400;\">O cuidado com meio ambiente guia nossas escolhas e est\u00e1 presente em diferentes \u00e1reas, promovendo impacto real e positivo. Para comemorar este dia especial, destacamos algumas de nossas principais a\u00e7\u00f5es que fortalecem a sustentabilidade.<\/span><\/p>\n<p><span style=\"font-weight: 400;\">Confira algumas das nossas principais iniciativas ambientais:<\/span><\/p>\n<h2><span style=\"font-weight: 400;\">Educa\u00e7\u00e3o ambiental<\/span><\/h2>\n<p><span style=\"font-weight: 400;\"><img fetchpriority=\"high\" decoding=\"async\" class=\"alignnone wp-image-6793\" src=\"https:\/\/www.redeinspiraeducadores.com.br\/wp-content\/uploads\/2025\/06\/DSC_0449-300x199.jpg\" alt=\"\" width=\"740\" height=\"492\" \/><\/span><\/p>\n<p><span style=\"font-weight: 400;\">Mais do que implementar a\u00e7\u00f5es, promovemos a educa\u00e7\u00e3o ambiental dentro da sala de aula de nossas escolas, estimulando\u00a0 o pensamento cr\u00edtico e a conscientiza\u00e7\u00e3o sobre o consumo respons\u00e1vel, a preserva\u00e7\u00e3o do meio ambiente e o papel de cada indiv\u00edduo na constru\u00e7\u00e3o de um futuro mais sustent\u00e1vel.<\/span><\/p>\n<p><span style=\"font-weight: 400;\">Esse conhecimento ultrapassa os muros da escola e se espalha pelas comunidades, gerando transforma\u00e7\u00e3o efetiva na sociedade.<\/span><\/p>\n<h2><span style=\"font-weight: 400;\">Projeto <\/span><i><span style=\"font-weight: 400;\">Recicle nas escolas<\/span><\/i><\/h2>\n<p><span style=\"font-weight: 400;\"><img decoding=\"async\" class=\"alignnone wp-image-6779\" src=\"https:\/\/www.redeinspiraeducadores.com.br\/wp-content\/uploads\/2025\/06\/recicle.png\" alt=\"\" width=\"827\" height=\"555\" srcset=\"https:\/\/www.redeinspiraeducadores.com.br\/wp-content\/uploads\/2025\/06\/recicle.png 626w, https:\/\/www.redeinspiraeducadores.com.br\/wp-content\/uploads\/2025\/06\/recicle-300x201.png 300w\" sizes=\"(max-width: 827px) 100vw, 827px\" \/><\/span><\/p>\n<p><span style=\"font-weight: 400;\">Desde 2023, nossas unidades participam do projeto Recicle nas Escolas, uma iniciativa em parceria com a <\/span><a href=\"https:\/\/www.somavantagens.com.br\/#\/inicio\"><span style=\"font-weight: 400;\">SO+MA<\/span><\/a><span style=\"font-weight: 400;\"> voltada \u00e0 coleta de pl\u00e1stico e ao incentivo de h\u00e1bitos sustent\u00e1veis entre os alunos. O projeto come\u00e7ou no segundo semestre de 2023 e sua proposta era simples e poderosa: engajar a comunidade escolar na reciclagem de pl\u00e1sticos, premiando atitudes positivas e promovendo a consci\u00eancia ambiental.\u00a0<\/span><\/p>\n<p><span style=\"font-weight: 400;\">O resultado superou as expectativas,\u00a0 foram 700 kg de pl\u00e1stico reciclados apenas nos primeiros meses. Em 2024, com a expans\u00e3o da iniciativa, atingimos a marca de 7 toneladas coletadas, um crescimento de 900%.\u00a0<\/span><\/p>\n<p><span style=\"font-weight: 400;\">Mais do que n\u00fameros, esses resultados refletem a for\u00e7a da participa\u00e7\u00e3o coletiva e o compromisso crescente com a preserva\u00e7\u00e3o do meio ambiente.<\/span><\/p>\n<h2><span style=\"font-weight: 400;\">Gest\u00e3o de res\u00edduos eletr\u00f4nicos<\/span><\/h2>\n<p><span style=\"font-weight: 400;\">Em parceria com a <\/span><a href=\"https:\/\/www.circoola.com.br\/\"><span style=\"font-weight: 400;\">Circoola<\/span><\/a><span style=\"font-weight: 400;\">, mais de 320 kg de res\u00edduos eletr\u00f4nicos do nosso escrit\u00f3rio central foram descartados de maneira adequada.\u00a0<\/span><\/p>\n<p>Ao destinarmos corretamente esses materiais, evitamos impactos nocivos ao solo, \u00e0 \u00e1gua e \u00e0 sa\u00fade humana, contribuindo ativamente para a preserva\u00e7\u00e3o do meio ambiente.<\/p>\n<h2><span style=\"font-weight: 400;\">Uso consciente da \u00e1gua<\/span><\/h2>\n<p><span style=\"font-weight: 400;\">Um dos destaques entre nossas a\u00e7\u00f5es de sustentabilidade \u00e9 o uso consciente da \u00e1gua. Implementamos v\u00e1lvulas controladoras de vaz\u00e3o em 80% das escolas da rede, o que resultou em uma economia de mais de 6 milh\u00f5es de litros de \u00e1gua e na redu\u00e7\u00e3o de\u00a0 4 milh\u00f5es de litros de esgoto gerado.<\/span><\/p>\n<p><span style=\"font-weight: 400;\">Essa medida reflete nosso compromisso com a gest\u00e3o respons\u00e1vel dos recursos naturais culminou no recebimento do Selo <\/span><i><span style=\"font-weight: 400;\">BlueWorld<\/span><\/i><span style=\"font-weight: 400;\">, reconhecimento destinado a organiza\u00e7\u00f5es que atuam de forma ativa e consistente na preserva\u00e7\u00e3o h\u00eddrica.<\/span><\/p>\n<h2><span style=\"font-weight: 400;\">Energia limpa<\/span><\/h2>\n<p><span style=\"font-weight: 400;\">A transi\u00e7\u00e3o para fontes de energia limpa \u00e9 mais uma frente em que avan\u00e7amos com consist\u00eancia. Atualmente, 22 unidades da rede j\u00e1 operam com 100% de energia renov\u00e1vel no mercado livre, contribuindo diretamente para a redu\u00e7\u00e3o dos n\u00edveis de carbono.<\/span><\/p>\n<p><span style=\"font-weight: 400;\">Em junho de 2025, mais 4 unidades passaram a adotar esse modelo sustent\u00e1vel, e seguimos firmes com a meta de atingir mais de 50 unidades at\u00e9 2026.<\/span><\/p>\n<p><span style=\"font-weight: 400;\"><img decoding=\"async\" class=\"alignnone wp-image-6778\" src=\"https:\/\/www.redeinspiraeducadores.com.br\/wp-content\/uploads\/2025\/06\/blue-word.png\" alt=\"\" width=\"740\" height=\"555\" srcset=\"https:\/\/www.redeinspiraeducadores.com.br\/wp-content\/uploads\/2025\/06\/blue-word.png 507w, https:\/\/www.redeinspiraeducadores.com.br\/wp-content\/uploads\/2025\/06\/blue-word-300x225.png 300w\" sizes=\"(max-width: 740px) 100vw, 740px\" \/><\/span><\/p>\n<p><span style=\"font-weight: 400;\">Essas e outras a\u00e7\u00f5es n\u00e3o s\u00f3 ampliam o impacto positivo de nossa rede, como tamb\u00e9m garantem que nossas escolhas estejam em constante evolu\u00e7\u00e3o. E \u00e9 com esse compromisso que seguimos transformando a educa\u00e7\u00e3o em um agente ativo de mudan\u00e7a para um mundo melhor para as futuras gera\u00e7\u00f5es.<\/span><\/p>\n<p>Quer saber mais sobre o impacto das nossas a\u00e7\u00f5es sustent\u00e1veis?<\/p>\n<p>Assista ao v\u00eddeo no <a href=\"https:\/\/www.instagram.com\/p\/DKiEcOHpfRC\/\">nosso Instagram<\/a> e veja como transformamos inten\u00e7\u00f5es em pr\u00e1ticas reais nas escolas da Inspira!<\/p>\n<p>E n\u00e3o deixe de acessar a mat\u00e9ria completa sobre o nosso <a href=\"https:\/\/www.redeinspiraeducadores.com.br\/en\/blog\/inspira-lanca-seu-primeiro-relatorio-de-sustentabilidade\/\">Relat\u00f3rio de Sustentabilidade<\/a>, os resultados refor\u00e7am nosso compromisso com um futuro mais consciente e respons\u00e1vel.<\/p>","protected":false},"excerpt":{"rendered":"<p>Hoje \u00e9 o Dia Mundial do Meio Ambiente, uma data para refletir, celebrar e refor\u00e7ar compromissos. E falar sobre meio [&hellip;]<\/p>\n","protected":false},"author":1,"featured_media":6777,"comment_status":"open","ping_status":"open","sticky":false,"template":"","format":"image","meta":{"site-sidebar-layout":"default","site-content-layout":"","ast-site-content-layout":"default","site-content-style":"default","site-sidebar-style":"default","ast-global-header-display":"","ast-banner-title-visibility":"","ast-main-header-display":"","ast-hfb-above-header-display":"","ast-hfb-below-header-display":"","ast-hfb-mobile-header-display":"","site-post-title":"","ast-breadcrumbs-content":"","ast-featured-img":"","footer-sml-layout":"","ast-disable-related-posts":"","theme-transparent-header-meta":"","adv-header-id-meta":"","stick-header-meta":"","header-above-stick-meta":"","header-main-stick-meta":"","header-below-stick-meta":"","astra-migrate-meta-layouts":"default","ast-page-background-enabled":"default","ast-page-background-meta":{"desktop":{"background-color":"var(--ast-global-color-5)","background-image":"","background-repeat":"repeat","background-position":"center center","background-size":"auto","background-attachment":"scroll","background-type":"","background-media":"","overlay-type":"","overlay-color":"","overlay-opacity":"","overlay-gradient":""},"tablet":{"background-color":"","background-image":"","background-repeat":"repeat","background-position":"center center","background-size":"auto","background-attachment":"scroll","background-type":"","background-media":"","overlay-type":"","overlay-color":"","overlay-opacity":"","overlay-gradient":""},"mobile":{"background-color":"","background-image":"","background-repeat":"repeat","background-position":"center center","background-size":"auto","background-attachment":"scroll","background-type":"","background-media":"","overlay-type":"","overlay-color":"","overlay-opacity":"","overlay-gradient":""}},"ast-content-background-meta":{"desktop":{"background-color":"var(--ast-global-color-4)","background-image":"","background-repeat":"repeat","background-position":"center center","background-size":"auto","background-attachment":"scroll","background-type":"","background-media":"","overlay-type":"","overlay-color":"","overlay-opacity":"","overlay-gradient":""},"tablet":{"background-color":"var(--ast-global-color-4)","background-image":"","background-repeat":"repeat","background-position":"center center","background-size":"auto","background-attachment":"scroll","background-type":"","background-media":"","overlay-type":"","overlay-color":"","overlay-opacity":"","overlay-gradient":""},"mobile":{"background-color":"var(--ast-global-color-4)","background-image":"","background-repeat":"repeat","background-position":"center center","background-size":"auto","background-attachment":"scroll","background-type":"","background-media":"","overlay-type":"","overlay-color":"","overlay-opacity":"","overlay-gradient":""}},"footnotes":""},"categories":[8,12],"tags":[],"class_list":["post-6775","post","type-post","status-publish","format-image","has-post-thumbnail","hentry","category-blog","category-noticias","post_format-post-format-image"],"_links":{"self":[{"href":"https:\/\/www.redeinspiraeducadores.com.br\/en\/wp-json\/wp\/v2\/posts\/6775","targetHints":{"allow":["GET"]}}],"collection":[{"href":"https:\/\/www.redeinspiraeducadores.com.br\/en\/wp-json\/wp\/v2\/posts"}],"about":[{"href":"https:\/\/www.redeinspiraeducadores.com.br\/en\/wp-json\/wp\/v2\/types\/post"}],"author":[{"embeddable":true,"href":"https:\/\/www.redeinspiraeducadores.com.br\/en\/wp-json\/wp\/v2\/users\/1"}],"replies":[{"embeddable":true,"href":"https:\/\/www.redeinspiraeducadores.com.br\/en\/wp-json\/wp\/v2\/comments?post=6775"}],"version-history":[{"count":0,"href":"https:\/\/www.redeinspiraeducadores.com.br\/en\/wp-json\/wp\/v2\/posts\/6775\/revisions"}],"wp:featuredmedia":[{"embeddable":true,"href":"https:\/\/www.redeinspiraeducadores.com.br\/en\/wp-json\/wp\/v2\/media\/6777"}],"wp:attachment":[{"href":"https:\/\/www.redeinspiraeducadores.com.br\/en\/wp-json\/wp\/v2\/media?parent=6775"}],"wp:term":[{"taxonomy":"category","embeddable":true,"href":"https:\/\/www.redeinspiraeducadores.com.br\/en\/wp-json\/wp\/v2\/categories?post=6775"},{"taxonomy":"post_tag","embeddable":true,"href":"https:\/\/www.redeinspiraeducadores.com.br\/en\/wp-json\/wp\/v2\/tags?post=6775"}],"curies":[{"name":"wp","href":"https:\/\/api.w.org\/{rel}","templated":true}]}}