{"id":6694,"date":"2025-05-16T09:26:03","date_gmt":"2025-05-16T12:26:03","guid":{"rendered":"https:\/\/www.redeinspiraeducadores.com.br\/?p=6694"},"modified":"2025-05-16T09:26:03","modified_gmt":"2025-05-16T12:26:03","slug":"colegio-amadeus-agora-faz-parte-da-inspira-rede-de-educadores","status":"publish","type":"post","link":"https:\/\/www.redeinspiraeducadores.com.br\/en\/colegio-amadeus-agora-faz-parte-da-inspira-rede-de-educadores\/","title":{"rendered":"Col\u00e9gio Amadeus agora faz parte da Inspira Rede de Educadores"},"content":{"rendered":"<p class=\"\" data-start=\"265\" data-end=\"366\"><strong data-start=\"265\" data-end=\"366\">Uni\u00e3o preserva a identidade da escola e impulsiona novos investimentos para a educa\u00e7\u00e3o em Aracaju<\/strong><\/p>\n<p class=\"\" data-start=\"368\" data-end=\"735\">Com mais de tr\u00eas d\u00e9cadas de hist\u00f3ria, o Col\u00e9gio Amadeus, refer\u00eancia em Aracaju por seu ensino tradicional, disciplina e foco em resultados acad\u00eamicos, agora integra a Inspira Rede de Educadores. A chegada da escola marca a expans\u00e3o da Inspira no Nordeste e refor\u00e7a o compromisso da rede com uma educa\u00e7\u00e3o de excel\u00eancia, baseada no respeito \u00e0 identidade de cada escola.<\/p>\n<p class=\"\" data-start=\"737\" data-end=\"1103\">A parceria preserva a proposta pedag\u00f3gica do Amadeus e, ao mesmo tempo, fortalece sua estrutura, ampliando as possibilidades de investimento e inova\u00e7\u00e3o. A partir de agora, mais de mil alunos \u2014 da Educa\u00e7\u00e3o Infantil ao Pr\u00e9-Vestibular \u2014 passam a fazer parte de uma rede com presen\u00e7a nacional e s\u00f3lida experi\u00eancia na promo\u00e7\u00e3o de boas pr\u00e1ticas de ensino e gest\u00e3o escolar.<\/p>\n<blockquote data-start=\"1105\" data-end=\"1510\">\n<p class=\"\" data-start=\"1107\" data-end=\"1510\">\u201cA chegada do Col\u00e9gio Amadeus \u00e0 Inspira refor\u00e7a nosso compromisso de reunir as melhores e mais tradicionais escolas do Brasil, sempre respeitando sua identidade e hist\u00f3ria. Acreditamos na for\u00e7a da educa\u00e7\u00e3o local e estamos entusiasmados em caminhar juntos, crescendo de forma sustent\u00e1vel, promovendo a troca de experi\u00eancias e ampliando a capilaridade da rede\u201d, afirma Andr\u00e9 Aguiar, presidente da Inspira.<\/p>\n<\/blockquote>\n<p class=\"\" data-start=\"1512\" data-end=\"1660\">Renir Damasceno, que segue como diretor pedag\u00f3gico da escola, celebra o novo momento e refor\u00e7a a continuidade do projeto educacional da institui\u00e7\u00e3o:<\/p>\n<blockquote data-start=\"1662\" data-end=\"2041\">\n<p class=\"\" data-start=\"1664\" data-end=\"2041\">\u201cA uni\u00e3o com a Inspira representa continuidade e fortalecimento da nossa proposta de ensino. Seguimos comprometidos com uma educa\u00e7\u00e3o tradicional, com foco nos resultados e na conduta disciplinar dos nossos alunos e alunas. Agora, teremos ainda mais possibilidades para aprimorar nossas estruturas e oferecer ainda mais qualidade \u00e0s fam\u00edlias que depositam confian\u00e7a no Amadeus.\u201d<\/p>\n<\/blockquote>\n<p class=\"\" data-start=\"2043\" data-end=\"2258\">A uni\u00e3o entre o Col\u00e9gio Amadeus e a Inspira Rede de Educadores \u00e9 mais um passo na constru\u00e7\u00e3o de um futuro em que tradi\u00e7\u00e3o e inova\u00e7\u00e3o caminham juntas, sempre com foco no desenvolvimento integral de crian\u00e7as e jovens.<\/p>","protected":false},"excerpt":{"rendered":"<p>Uni\u00e3o preserva a identidade da escola e impulsiona novos investimentos para a educa\u00e7\u00e3o em Aracaju Com mais de tr\u00eas d\u00e9cadas [&hellip;]<\/p>\n","protected":false},"author":1,"featured_media":6704,"comment_status":"open","ping_status":"open","sticky":false,"template":"","format":"standard","meta":{"site-sidebar-layout":"default","site-content-layout":"","ast-site-content-layout":"default","site-content-style":"default","site-sidebar-style":"default","ast-global-header-display":"","ast-banner-title-visibility":"","ast-main-header-display":"","ast-hfb-above-header-display":"","ast-hfb-below-header-display":"","ast-hfb-mobile-header-display":"","site-post-title":"","ast-breadcrumbs-content":"","ast-featured-img":"","footer-sml-layout":"","ast-disable-related-posts":"","theme-transparent-header-meta":"","adv-header-id-meta":"","stick-header-meta":"","header-above-stick-meta":"","header-main-stick-meta":"","header-below-stick-meta":"","astra-migrate-meta-layouts":"default","ast-page-background-enabled":"default","ast-page-background-meta":{"desktop":{"background-color":"var(--ast-global-color-5)","background-image":"","background-repeat":"repeat","background-position":"center center","background-size":"auto","background-attachment":"scroll","background-type":"","background-media":"","overlay-type":"","overlay-color":"","overlay-opacity":"","overlay-gradient":""},"tablet":{"background-color":"","background-image":"","background-repeat":"repeat","background-position":"center center","background-size":"auto","background-attachment":"scroll","background-type":"","background-media":"","overlay-type":"","overlay-color":"","overlay-opacity":"","overlay-gradient":""},"mobile":{"background-color":"","background-image":"","background-repeat":"repeat","background-position":"center center","background-size":"auto","background-attachment":"scroll","background-type":"","background-media":"","overlay-type":"","overlay-color":"","overlay-opacity":"","overlay-gradient":""}},"ast-content-background-meta":{"desktop":{"background-color":"var(--ast-global-color-4)","background-image":"","background-repeat":"repeat","background-position":"center center","background-size":"auto","background-attachment":"scroll","background-type":"","background-media":"","overlay-type":"","overlay-color":"","overlay-opacity":"","overlay-gradient":""},"tablet":{"background-color":"var(--ast-global-color-4)","background-image":"","background-repeat":"repeat","background-position":"center center","background-size":"auto","background-attachment":"scroll","background-type":"","background-media":"","overlay-type":"","overlay-color":"","overlay-opacity":"","overlay-gradient":""},"mobile":{"background-color":"var(--ast-global-color-4)","background-image":"","background-repeat":"repeat","background-position":"center center","background-size":"auto","background-attachment":"scroll","background-type":"","background-media":"","overlay-type":"","overlay-color":"","overlay-opacity":"","overlay-gradient":""}},"footnotes":""},"categories":[8,12],"tags":[13,14],"class_list":["post-6694","post","type-post","status-publish","format-standard","has-post-thumbnail","hentry","category-blog","category-noticias","tag-educacao","tag-escolas"],"_links":{"self":[{"href":"https:\/\/www.redeinspiraeducadores.com.br\/en\/wp-json\/wp\/v2\/posts\/6694","targetHints":{"allow":["GET"]}}],"collection":[{"href":"https:\/\/www.redeinspiraeducadores.com.br\/en\/wp-json\/wp\/v2\/posts"}],"about":[{"href":"https:\/\/www.redeinspiraeducadores.com.br\/en\/wp-json\/wp\/v2\/types\/post"}],"author":[{"embeddable":true,"href":"https:\/\/www.redeinspiraeducadores.com.br\/en\/wp-json\/wp\/v2\/users\/1"}],"replies":[{"embeddable":true,"href":"https:\/\/www.redeinspiraeducadores.com.br\/en\/wp-json\/wp\/v2\/comments?post=6694"}],"version-history":[{"count":0,"href":"https:\/\/www.redeinspiraeducadores.com.br\/en\/wp-json\/wp\/v2\/posts\/6694\/revisions"}],"wp:featuredmedia":[{"embeddable":true,"href":"https:\/\/www.redeinspiraeducadores.com.br\/en\/wp-json\/wp\/v2\/media\/6704"}],"wp:attachment":[{"href":"https:\/\/www.redeinspiraeducadores.com.br\/en\/wp-json\/wp\/v2\/media?parent=6694"}],"wp:term":[{"taxonomy":"category","embeddable":true,"href":"https:\/\/www.redeinspiraeducadores.com.br\/en\/wp-json\/wp\/v2\/categories?post=6694"},{"taxonomy":"post_tag","embeddable":true,"href":"https:\/\/www.redeinspiraeducadores.com.br\/en\/wp-json\/wp\/v2\/tags?post=6694"}],"curies":[{"name":"wp","href":"https:\/\/api.w.org\/{rel}","templated":true}]}}