{"id":6317,"date":"2024-06-14T16:32:22","date_gmt":"2024-06-14T19:32:22","guid":{"rendered":"https:\/\/www.redeinspiraeducadores.com.br\/?p=6317"},"modified":"2024-06-14T16:32:22","modified_gmt":"2024-06-14T19:32:22","slug":"inspira-lanca-podcast-sobre-educacao","status":"publish","type":"post","link":"https:\/\/www.redeinspiraeducadores.com.br\/en\/inspira-lanca-podcast-sobre-educacao\/","title":{"rendered":"Inspira lan\u00e7a podcast sobre educa\u00e7\u00e3o"},"content":{"rendered":"<p>A Inspira Rede de Educadores, uma das maiores redes de educa\u00e7\u00e3o b\u00e1sica privada do pa\u00eds, acaba de lan\u00e7ar seu novo podcast \u2013 InspiraCast Educa\u00e7\u00e3o \u2013, que trar\u00e1 uma s\u00e9rie de epis\u00f3dios dedicados ao desenvolvimento educacional e pedag\u00f3gico.<\/p>\n<p>No primeiro epis\u00f3dio, Rossandro Klinjey, psic\u00f3logo, professor e consultor em Educa\u00e7\u00e3o e Desenvolvimento Humano, debate sobre o uso excessivo de telas na inf\u00e2ncia. Com a presen\u00e7a do CEO da Inspira, Andr\u00e9 Aguiar, e do Diretor de Ensino, Marcelo Xavier, o programa pode ser acessado na plataforma do Spotify e pelo YouTube. Nele, o especialista oferece valiosos insights acerca da import\u00e2ncia do conv\u00edvio saud\u00e1vel com a tecnologia e como os abusos podem desenvolver in\u00fameros preju\u00edzos socioemocionais. \u201cOs smartphones s\u00e3o feitos para gerar severa depend\u00eancia ps\u00edquica\u201d, lembra Klinjey ao argumentar sobre como pais e crian\u00e7as tendem a manter uma rela\u00e7\u00e3o disfuncional diante da tela. O psic\u00f3logo alertou tamb\u00e9m sobre a superficialidade das rela\u00e7\u00f5es criadas, em sua maioria, pelas redes sociais; e como, neste sentido, \u00e9 importante cultivar la\u00e7os familiares profundos. \u201cQuando vem uma dor, um problema, uma frustra\u00e7\u00e3o, \u00e9 a rede social que vai apoiar?\u201d, provoca.<\/p>\n<p>O podcast traz ainda solu\u00e7\u00f5es pr\u00e1ticas para criar alternativas ao uso excessivo de telas e como os limites oferecidos pelos pais contribuem para a forma\u00e7\u00e3o de crian\u00e7as mais seguras e saud\u00e1veis, usando o ambiente escolar como aliado importante.<\/p>\n<p>&nbsp;<\/p>\n<p>Para ouvir o InspiraCast Educa\u00e7\u00e3o, <a href=\"https:\/\/spotifyanchor-web.app.link\/e\/hcsm4CvVrKb\" target=\"_blank\" rel=\"noopener\">acesse o Spotify<\/a>.<\/p>\n<p>Ou, assista pelo YouTube:<\/p>\n<div class=\"ast-oembed-container\" style=\"height: 100%;\"><iframe title=\"InspiraCast Educa\u00e7\u00e3o: O uso de telas por crian\u00e7as e adolescentes - com Rossandro Klinjey\" width=\"500\" height=\"281\" src=\"https:\/\/www.youtube.com\/embed\/Xjwa2JgF9Ew?feature=oembed\" frameborder=\"0\" allow=\"accelerometer; autoplay; clipboard-write; encrypted-media; gyroscope; picture-in-picture; web-share\" referrerpolicy=\"strict-origin-when-cross-origin\" allowfullscreen><\/iframe><\/div>","protected":false},"excerpt":{"rendered":"<p>A Inspira Rede de Educadores, uma das maiores redes de educa\u00e7\u00e3o b\u00e1sica privada do pa\u00eds, acaba de lan\u00e7ar seu novo [&hellip;]<\/p>\n","protected":false},"author":1,"featured_media":6318,"comment_status":"open","ping_status":"open","sticky":false,"template":"","format":"standard","meta":{"site-sidebar-layout":"default","site-content-layout":"","ast-site-content-layout":"default","site-content-style":"default","site-sidebar-style":"default","ast-global-header-display":"","ast-banner-title-visibility":"","ast-main-header-display":"","ast-hfb-above-header-display":"","ast-hfb-below-header-display":"","ast-hfb-mobile-header-display":"","site-post-title":"","ast-breadcrumbs-content":"","ast-featured-img":"","footer-sml-layout":"","ast-disable-related-posts":"","theme-transparent-header-meta":"","adv-header-id-meta":"","stick-header-meta":"","header-above-stick-meta":"","header-main-stick-meta":"","header-below-stick-meta":"","astra-migrate-meta-layouts":"default","ast-page-background-enabled":"default","ast-page-background-meta":{"desktop":{"background-color":"var(--ast-global-color-5)","background-image":"","background-repeat":"repeat","background-position":"center center","background-size":"auto","background-attachment":"scroll","background-type":"","background-media":"","overlay-type":"","overlay-color":"","overlay-opacity":"","overlay-gradient":""},"tablet":{"background-color":"","background-image":"","background-repeat":"repeat","background-position":"center center","background-size":"auto","background-attachment":"scroll","background-type":"","background-media":"","overlay-type":"","overlay-color":"","overlay-opacity":"","overlay-gradient":""},"mobile":{"background-color":"","background-image":"","background-repeat":"repeat","background-position":"center center","background-size":"auto","background-attachment":"scroll","background-type":"","background-media":"","overlay-type":"","overlay-color":"","overlay-opacity":"","overlay-gradient":""}},"ast-content-background-meta":{"desktop":{"background-color":"var(--ast-global-color-4)","background-image":"","background-repeat":"repeat","background-position":"center center","background-size":"auto","background-attachment":"scroll","background-type":"","background-media":"","overlay-type":"","overlay-color":"","overlay-opacity":"","overlay-gradient":""},"tablet":{"background-color":"var(--ast-global-color-4)","background-image":"","background-repeat":"repeat","background-position":"center center","background-size":"auto","background-attachment":"scroll","background-type":"","background-media":"","overlay-type":"","overlay-color":"","overlay-opacity":"","overlay-gradient":""},"mobile":{"background-color":"var(--ast-global-color-4)","background-image":"","background-repeat":"repeat","background-position":"center center","background-size":"auto","background-attachment":"scroll","background-type":"","background-media":"","overlay-type":"","overlay-color":"","overlay-opacity":"","overlay-gradient":""}},"footnotes":""},"categories":[8,12],"tags":[34,35,36],"class_list":["post-6317","post","type-post","status-publish","format-standard","has-post-thumbnail","hentry","category-blog","category-noticias","tag-inspiracast-educacao","tag-podcast","tag-rossandro-klinjey"],"_links":{"self":[{"href":"https:\/\/www.redeinspiraeducadores.com.br\/en\/wp-json\/wp\/v2\/posts\/6317","targetHints":{"allow":["GET"]}}],"collection":[{"href":"https:\/\/www.redeinspiraeducadores.com.br\/en\/wp-json\/wp\/v2\/posts"}],"about":[{"href":"https:\/\/www.redeinspiraeducadores.com.br\/en\/wp-json\/wp\/v2\/types\/post"}],"author":[{"embeddable":true,"href":"https:\/\/www.redeinspiraeducadores.com.br\/en\/wp-json\/wp\/v2\/users\/1"}],"replies":[{"embeddable":true,"href":"https:\/\/www.redeinspiraeducadores.com.br\/en\/wp-json\/wp\/v2\/comments?post=6317"}],"version-history":[{"count":0,"href":"https:\/\/www.redeinspiraeducadores.com.br\/en\/wp-json\/wp\/v2\/posts\/6317\/revisions"}],"wp:featuredmedia":[{"embeddable":true,"href":"https:\/\/www.redeinspiraeducadores.com.br\/en\/wp-json\/"}],"wp:attachment":[{"href":"https:\/\/www.redeinspiraeducadores.com.br\/en\/wp-json\/wp\/v2\/media?parent=6317"}],"wp:term":[{"taxonomy":"category","embeddable":true,"href":"https:\/\/www.redeinspiraeducadores.com.br\/en\/wp-json\/wp\/v2\/categories?post=6317"},{"taxonomy":"post_tag","embeddable":true,"href":"https:\/\/www.redeinspiraeducadores.com.br\/en\/wp-json\/wp\/v2\/tags?post=6317"}],"curies":[{"name":"wp","href":"https:\/\/api.w.org\/{rel}","templated":true}]}}