{"id":5793,"date":"2023-06-27T12:00:01","date_gmt":"2023-06-27T12:00:01","guid":{"rendered":"https:\/\/www.redeinspiraeducadores.com.br\/blog\/acolhimento-aos-professores\/"},"modified":"2023-06-27T12:00:01","modified_gmt":"2023-06-27T12:00:01","slug":"acolhimento-aos-professores","status":"publish","type":"post","link":"https:\/\/www.redeinspiraeducadores.com.br\/en\/acolhimento-aos-professores\/","title":{"rendered":"Acolhimento aos professores: saiba como desenvolver um plano"},"content":{"rendered":"<p>O corpo docente \u00e9 essencial para o funcionamento de uma escola. Por isso, realizar um bom acolhimento aos professores \u00e9 de extrema import\u00e2ncia para a produtividade e motiva\u00e7\u00e3o dos mesmos.<\/p>\n<p>Apenas com professores motivados uma institui\u00e7\u00e3o educacional anda para frente. Pensando nisso, preparamos esse artigo ensinando voc\u00ea a criar um plano para acolher seus funcion\u00e1rios da melhor forma. Continue a leitura e descubra mais sobre o tema!<\/p>\n<h2><strong>O que \u00e9 um plano de acolhimento aos professores?<\/strong><\/h2>\n<p>Um plano de acolhimento \u00e9 um planejamento realizado para receber os professores no come\u00e7o do ano nas escolas. Ele tamb\u00e9m foi muito utilizado p\u00f3s-pandemia, para acolher os funcion\u00e1rios de escolas em um novo per\u00edodo, que foi mudado pelo COVID-19.<\/p>\n<p>\u00c9 o momento de orienta\u00e7\u00e3o e direcionamento da equipe, onde voc\u00ea deve mostrar o que ser\u00e1 feito em um novo per\u00edodo letivo e quais s\u00e3o as metas para ele. Tamb\u00e9m \u00e9 a etapa de intera\u00e7\u00e3o entre o corpo docente. Onde os colegas de trabalho v\u00e3o se conhecer e se entrosar.<\/p>\n<p>Essa programa\u00e7\u00e3o \u00e9 essencial para a evolu\u00e7\u00e3o da escola durante o ano. \u00c9 ela que definir\u00e1 a motiva\u00e7\u00e3o dos docentes e consequentemente, a produtividade deles.<\/p>\n<h2><strong>Qual \u00e9 a import\u00e2ncia desse plano?<\/strong><\/h2>\n<p>\u00c9 atrav\u00e9s do acolhimento de professores que tudo come\u00e7a a se encaixar e se encaminhar, por isso, \u00e9 muito importante. Confira a seguir os benef\u00edcios de criar um planejamento para isso:<\/p>\n<h3><strong>Reten\u00e7\u00e3o de alunos<\/strong><\/h3>\n<p>Os professores s\u00e3o aqueles que t\u00eam contato direito com o aluno. Ent\u00e3o, sua vontade de dar aula e trabalhar \u00e9 essencial para a reten\u00e7\u00e3o deles. \u00c9 o corpo docente que tornar\u00e1 as<a href=\"https:\/\/www.redeinspiraeducadores.com.br\/en\/blog\/atividade-pedagogica-dos-professores\/\" target=\"_blank\" rel=\"noopener\"> <\/a><a href=\"https:\/\/www.redeinspiraeducadores.com.br\/en\/blog\/atividade-pedagogica-dos-professores\/\" target=\"_blank\" rel=\"noopener\">aulas divertidas<\/a> e interessantes para os estudantes, o que far\u00e1 com que eles sintam vontade de estudar e aprender.<\/p>\n<h3><strong>Satisfa\u00e7\u00e3o dos respons\u00e1veis<\/strong><\/h3>\n<p>Professores motivados, geram alunos estudiosos, que geram pais satisfeitos. A l\u00f3gica \u00e9 simples e direta. Isso tudo ajudar\u00e1 a institui\u00e7\u00e3o a se destacar para os pais.<\/p>\n<h3><strong>Melhora a imagem da institui\u00e7\u00e3o<\/strong><\/h3>\n<p>Seguindo a l\u00f3gica, uma escola com essa capacidade, de motivar os professores e consequentemente, os alunos, sem d\u00favida fica em destaque no mercado. Isso ser\u00e1 um diferencial gigantesco.<\/p>\n<h3><strong>Motiva\u00e7\u00e3o<\/strong><\/h3>\n<p>Sentir-se valorizado pela empresa que trabalha \u00e9 sempre bom. \u00c9 isso que seus professores v\u00e3o sentir ap\u00f3s o acolhimento e isso gera grandes consequ\u00eancias no seu trabalho.<\/p>\n<h2><strong>Como preparar o plano de acolhimento?<\/strong><\/h2>\n<p>Preparar o plano de acolhimento de professores pode ser muito desafiador. Pensando nisso, separamos as melhores dicas para te ajudar nesse momento. Confira a seguir!<\/p>\n<h3><strong>Fa\u00e7a uma reuni\u00e3o de boas-vindas<\/strong><\/h3>\n<p>O primeiro passo \u00e9 fazer uma reuni\u00e3o para dar boas-vindas a todos os professores, novos ou antigos.<\/p>\n<p>Nesse momento voc\u00ea deve falar sobre a institui\u00e7\u00e3o, porque faz o que faz e como faz isso, al\u00e9m de seus objetivos e metas a cumprir.<\/p>\n<p>\u00c9 importante tamb\u00e9m dar espa\u00e7o para os professores falarem, mostrarem porque est\u00e3o ali e quem s\u00e3o.<\/p>\n<h3><strong>Incentive a apresenta\u00e7\u00e3o espont\u00e2nea<\/strong><\/h3>\n<p>E isso nos leva ao pr\u00f3ximo passo. Incentive sua equipe a se apresentar. \u00c9 importante n\u00e3o for\u00e7ar ningu\u00e9m a falar nada, mas fazer perguntas que podem ser coerentes. Pergunte, \u00e9 claro, o nome, tamb\u00e9m de onde veio, como acabou chegando at\u00e9 a escola, porque d\u00e1 aula e como faz isso.<\/p>\n<h3><strong>Crie espa\u00e7os de conversa<\/strong><\/h3>\n<p>N\u00e3o s\u00f3 o momento inicial \u00e9 importante como o resto do ano. Por isso, tenha espa\u00e7os de conversas, fa\u00e7a reuni\u00f5es e converse com seus professores, sempre refor\u00e7ando o que devem buscar nessa institui\u00e7\u00e3o.<\/p>\n<p>Al\u00e9m disso, incentiva a intera\u00e7\u00e3o entre sua equipe. Criar um ambiente acolhedor \u00e9 essencial para a<a href=\"https:\/\/www.redeinspiraeducadores.com.br\/en\/blog\/sindrome-de-burnout-em-professores\/\" target=\"_blank\" rel=\"noopener\"> <\/a><a href=\"https:\/\/www.redeinspiraeducadores.com.br\/en\/blog\/sindrome-de-burnout-em-professores\/\" target=\"_blank\" rel=\"noopener\">motiva\u00e7\u00e3o<\/a>.<\/p>\n<h3><strong>Realize uma mesa redonda<\/strong><\/h3>\n<p>\u00c9 a hora de realmente conversar. D\u00ea feedbacks aos docentes e deixem-nos dar de volta. Crie um ambiente aberto a opini\u00f5es, onde tanto os colaboradores quanto a pr\u00f3pria escola est\u00e1 disposta a ouvir e melhorar.<\/p>\n<h3><strong>Fa\u00e7a atividades diferenciadas<\/strong><\/h3>\n<p>Existem diversas atividades que podem ajudar seus professores a se sentirem melhor no ambiente escolar, ajudando n\u00e3o s\u00f3 a sua<a href=\"https:\/\/www.redeinspiraeducadores.com.br\/en\/blog\/educacao-socioemocional-2\/\" target=\"_blank\" rel=\"noopener\"> <\/a><a href=\"https:\/\/www.redeinspiraeducadores.com.br\/en\/blog\/educacao-socioemocional-2\/\" target=\"_blank\" rel=\"noopener\">sa\u00fade mental<\/a>, como f\u00edsica. Dois bons exemplos disso s\u00e3o as<a href=\"https:\/\/www.redeinspiraeducadores.com.br\/en\/blog\/metodologia-ativa-de-ensino\/\" target=\"_blank\" rel=\"noopener\"> <\/a><a href=\"https:\/\/www.redeinspiraeducadores.com.br\/en\/blog\/metodologia-ativa-de-ensino\/\" target=\"_blank\" rel=\"noopener\">pr\u00e1ticas<\/a> como yoga e medita\u00e7\u00e3o.<\/p>\n<p>Investir em coisas como essa pode trazer um relaxamento e tranquilidade para os colaboradores, ajudando-os em seu dia a dia.<\/p>\n<h3><strong>Conte com ajuda profissional<\/strong><\/h3>\n<p>O passo mais importante de todos. Tenha um profissional de sa\u00fade mental ao seu lado ao realizar o plano de acolhimento ao corpo docente. Terapeutas, psic\u00f3logos ou psicanalistas, todos podem ajudar nesse processo.<\/p>\n<p>Somente com essa ajuda voc\u00ea poder\u00e1 garantir boas condi\u00e7\u00f5es de retorno \u00e0s aulas para todos os professores, dando o suporte necess\u00e1rio para cada um deles.<\/p>\n<h2><strong>Quando apresentar o plano de acolhimento ao corpo docente?<\/strong><\/h2>\n<p>O importante \u00e9 que esse plano e as a\u00e7\u00f5es contidas nele sejam feitas antes do in\u00edcio das aulas. Pois \u00e9 importante que os professores estejam preparados para receber as crian\u00e7as e adolescentes.<\/p>\n<p>Por outro lado, n\u00e3o basta s\u00f3 repassar o planejamento e n\u00e3o acompanhar seus resultados. Por isso, \u00e9 essencial realizar um acompanhamento e para isso,<a href=\"https:\/\/www.redeinspiraeducadores.com.br\/en\/blog\/reuniao-com-a-equipe-escolar\/\" target=\"_blank\" rel=\"noopener\"> <\/a><a href=\"https:\/\/www.redeinspiraeducadores.com.br\/en\/blog\/reuniao-com-a-equipe-escolar\/\" target=\"_blank\" rel=\"noopener\">reuni\u00f5es peri\u00f3dicas<\/a> podem ajudar.<\/p>\n<h2><strong>Como cuidar da sa\u00fade mental no dia a dia dos professores?<\/strong><\/h2>\n<p>Outro ponto important\u00edssimo \u00e9 acompanhar e cuidar da sa\u00fade mental dos seus colaboradores. Afinal, lidar com tantos alunos pode ser um pouco<a href=\"https:\/\/www.redeinspiraeducadores.com.br\/en\/blog\/conflitos-em-sala-de-aula\/\" target=\"_blank\" rel=\"noopener\"> <\/a><a href=\"https:\/\/www.redeinspiraeducadores.com.br\/en\/blog\/conflitos-em-sala-de-aula\/\" target=\"_blank\" rel=\"noopener\">dif\u00edcil e desafiador<\/a>. Por isso, existem algumas medidas que podem ajudar nesse sentido.<\/p>\n<p>Contar com um profissional de sa\u00fade mental para atender os professores \u00e9 sempre uma boa op\u00e7\u00e3o. N\u00e3o s\u00f3 para ajud\u00e1-lo a lidar com certas dificuldades, mas tamb\u00e9m para identificar e resolver problemas antecipadamente.<\/p>\n<p>Outro ponto \u00e9 sempre ter portas e ouvidos abertos para qualquer quest\u00e3o que os professores vejam a necessidade de trazer para voc\u00ea, e se disponibilizar para ajud\u00e1-los sempre que poss\u00edvel.<\/p>\n<p>Al\u00e9m disso, campanhas para promover o acolhimento dos professores, incentivando-os a cuidar de sua sa\u00fade mental podem ajudar muito a conscientizar os profissionais.<\/p>\n<p>Viu como criar um plano de acolhimento aos professores \u00e9 essencial para o sucesso da escola? Atrav\u00e9s desse artigo voc\u00ea n\u00e3o s\u00f3 entendeu a import\u00e2ncia disso, como tamb\u00e9m pode conferir dicas de como colocar isso em pr\u00e1tica, trabalhando a motiva\u00e7\u00e3o do corpo docente.<\/p>\n<p>Gostou do artigo e quer saber mais sobre como incentivar os seus professores? Ent\u00e3o confira o<a href=\"https:\/\/www.redeinspiraeducadores.com.br\/en\/blog\/motivacao-para-professores\/\" target=\"_blank\" rel=\"noopener\"> <\/a><a href=\"https:\/\/www.redeinspiraeducadores.com.br\/en\/blog\/motivacao-para-professores\/\" target=\"_blank\" rel=\"noopener\">nosso artigo<\/a> e entenda mais sobre o tema!<\/p>\n<\/p><\/p>","protected":false},"excerpt":{"rendered":"<p>O corpo docente \u00e9 essencial para o funcionamento de uma escola. Por isso, realizar um bom acolhimento aos professores \u00e9 [&hellip;]<\/p>\n","protected":false},"author":1,"featured_media":5794,"comment_status":"open","ping_status":"open","sticky":false,"template":"","format":"standard","meta":{"site-sidebar-layout":"default","site-content-layout":"","ast-site-content-layout":"default","site-content-style":"default","site-sidebar-style":"default","ast-global-header-display":"","ast-banner-title-visibility":"","ast-main-header-display":"","ast-hfb-above-header-display":"","ast-hfb-below-header-display":"","ast-hfb-mobile-header-display":"","site-post-title":"","ast-breadcrumbs-content":"","ast-featured-img":"","footer-sml-layout":"","ast-disable-related-posts":"","theme-transparent-header-meta":"","adv-header-id-meta":"","stick-header-meta":"","header-above-stick-meta":"","header-main-stick-meta":"","header-below-stick-meta":"","astra-migrate-meta-layouts":"default","ast-page-background-enabled":"default","ast-page-background-meta":{"desktop":{"background-color":"var(--ast-global-color-5)","background-image":"","background-repeat":"repeat","background-position":"center center","background-size":"auto","background-attachment":"scroll","background-type":"","background-media":"","overlay-type":"","overlay-color":"","overlay-opacity":"","overlay-gradient":""},"tablet":{"background-color":"","background-image":"","background-repeat":"repeat","background-position":"center center","background-size":"auto","background-attachment":"scroll","background-type":"","background-media":"","overlay-type":"","overlay-color":"","overlay-opacity":"","overlay-gradient":""},"mobile":{"background-color":"","background-image":"","background-repeat":"repeat","background-position":"center center","background-size":"auto","background-attachment":"scroll","background-type":"","background-media":"","overlay-type":"","overlay-color":"","overlay-opacity":"","overlay-gradient":""}},"ast-content-background-meta":{"desktop":{"background-color":"var(--ast-global-color-4)","background-image":"","background-repeat":"repeat","background-position":"center center","background-size":"auto","background-attachment":"scroll","background-type":"","background-media":"","overlay-type":"","overlay-color":"","overlay-opacity":"","overlay-gradient":""},"tablet":{"background-color":"var(--ast-global-color-4)","background-image":"","background-repeat":"repeat","background-position":"center center","background-size":"auto","background-attachment":"scroll","background-type":"","background-media":"","overlay-type":"","overlay-color":"","overlay-opacity":"","overlay-gradient":""},"mobile":{"background-color":"var(--ast-global-color-4)","background-image":"","background-repeat":"repeat","background-position":"center center","background-size":"auto","background-attachment":"scroll","background-type":"","background-media":"","overlay-type":"","overlay-color":"","overlay-opacity":"","overlay-gradient":""}},"footnotes":""},"categories":[8],"tags":[],"class_list":["post-5793","post","type-post","status-publish","format-standard","has-post-thumbnail","hentry","category-blog"],"_links":{"self":[{"href":"https:\/\/www.redeinspiraeducadores.com.br\/en\/wp-json\/wp\/v2\/posts\/5793","targetHints":{"allow":["GET"]}}],"collection":[{"href":"https:\/\/www.redeinspiraeducadores.com.br\/en\/wp-json\/wp\/v2\/posts"}],"about":[{"href":"https:\/\/www.redeinspiraeducadores.com.br\/en\/wp-json\/wp\/v2\/types\/post"}],"author":[{"embeddable":true,"href":"https:\/\/www.redeinspiraeducadores.com.br\/en\/wp-json\/wp\/v2\/users\/1"}],"replies":[{"embeddable":true,"href":"https:\/\/www.redeinspiraeducadores.com.br\/en\/wp-json\/wp\/v2\/comments?post=5793"}],"version-history":[{"count":0,"href":"https:\/\/www.redeinspiraeducadores.com.br\/en\/wp-json\/wp\/v2\/posts\/5793\/revisions"}],"wp:featuredmedia":[{"embeddable":true,"href":"https:\/\/www.redeinspiraeducadores.com.br\/en\/wp-json\/wp\/v2\/media\/5794"}],"wp:attachment":[{"href":"https:\/\/www.redeinspiraeducadores.com.br\/en\/wp-json\/wp\/v2\/media?parent=5793"}],"wp:term":[{"taxonomy":"category","embeddable":true,"href":"https:\/\/www.redeinspiraeducadores.com.br\/en\/wp-json\/wp\/v2\/categories?post=5793"},{"taxonomy":"post_tag","embeddable":true,"href":"https:\/\/www.redeinspiraeducadores.com.br\/en\/wp-json\/wp\/v2\/tags?post=5793"}],"curies":[{"name":"wp","href":"https:\/\/api.w.org\/{rel}","templated":true}]}}