{"id":5537,"date":"2022-10-28T16:58:17","date_gmt":"2022-10-28T16:58:17","guid":{"rendered":"https:\/\/www.redeinspiraeducadores.com.br\/?p=5537"},"modified":"2022-10-28T16:58:17","modified_gmt":"2022-10-28T16:58:17","slug":"como-explicar-o-novo-ensino-medio","status":"publish","type":"post","link":"https:\/\/www.redeinspiraeducadores.com.br\/en\/como-explicar-o-novo-ensino-medio\/","title":{"rendered":"Como explicar o Novo Ensino M\u00e9dio aos pais? Entenda aqui!"},"content":{"rendered":"<p>De acordo com a Lei das Diretrizes e Bases da Educa\u00e7\u00e3o Nacional, o Ensino M\u00e9dio sofreu algumas mudan\u00e7as, como nova grade curricular e aumento da carga hor\u00e1ria. A finalidade da proposta foi reduzir a quantidade de aulas expositivas, garantir uma maior participa\u00e7\u00e3o dos alunos e aumentar a quantidade de projetos pr\u00e1ticos.<\/p>\n<p>Nesse sentido, \u00e9 importante ressaltar que o principal objetivo do Minist\u00e9rio da Educa\u00e7\u00e3o foi alinhar a aprendizagem dos alunos das redes privada e p\u00fablica em todo territ\u00f3rio nacional, para que se reduzam as diferen\u00e7as dos conte\u00fados ministrados em sala de aula e as poss\u00edveis desigualdades no decorrer da forma\u00e7\u00e3o.<\/p>\n<p>Continue a leitura e saiba como explicar o novo Ensino M\u00e9dio para os pais dos alunos!<\/p>\n<h2>Explique o surgimento do Novo Ensino M\u00e9dio<\/h2>\n<p>Ao explicar aos pais a respeito do projeto do Novo Ensino M\u00e9dio, deixe claro que a proposta surgiu em 2017. \u00c9 essencial esclarecer os principais objetivos com as altera\u00e7\u00f5es. Logo, \u00e9 v\u00e1lido ressaltar que a principal finalidade da mudan\u00e7a \u00e9 atrair os jovens da Gera\u00e7\u00e3o Z.<\/p>\n<p>Outra importante informa\u00e7\u00e3o que n\u00e3o pode ser deixada de lado \u00e9 o prazo de sua implementa\u00e7\u00e3o. As mudan\u00e7as j\u00e1 come\u00e7aram no in\u00edcio do ano letivo de 2022, mas o processo \u00e9 lento e deve durar at\u00e9 2024. Al\u00e9m disso, \u00e9 v\u00e1lido mostrar para os pais o plano de implementa\u00e7\u00e3o no Novo Ensino M\u00e9dio na sua escola, para que assim eles fiquem por dentro.<\/p>\n<h2>Esclare\u00e7a sobre a nova carga hor\u00e1ria<\/h2>\n<p>Um dos pontos que mais ocasionam d\u00favidas \u00e9 a carga hor\u00e1ria que o<a href=\"https:\/\/www.redeinspiraeducadores.com.br\/en\/novo-ensino-medio-2022\/\" target=\"_blank\" rel=\"noopener\"> Novo Ensino M\u00e9dio<\/a> apresentar\u00e1. A carga hor\u00e1ria era de 800 horas anuais, que deve passar para, no m\u00ednimo, 1000 horas anuais, com a implementa\u00e7\u00e3o gradual do novo formato.<\/p>\n<p>Dessa forma, saiba que a carga hor\u00e1ria ser\u00e1 distribu\u00edda em dois tipos de forma\u00e7\u00e3o, sendo a forma\u00e7\u00e3o geral destinada para todos os alunos e a forma\u00e7\u00e3o espec\u00edfica formada pelos itiner\u00e1rios formativos.<\/p>\n<p>O aumento da carga hor\u00e1ria se dar\u00e1 de maneira gradual. Assim, \u00e9 preciso deixar claro na apresenta\u00e7\u00e3o como as horas ser\u00e3o inseridas at\u00e9 cumprir com as obriga\u00e7\u00f5es da Lei.<\/p>\n<h2>Fale sobre as disciplinas<\/h2>\n<p>Uma das maiores pol\u00eamicas no surgimento da proposta do Novo Ensino M\u00e9dio foram as disciplinas obrigat\u00f3rias. \u00c9 fundamental informar aos pais que os conte\u00fados ser\u00e3o trabalhados em conjunto, assim como na prova do ENEM. Desse modo, as aulas ser\u00e3o mais interdisciplinares e os alunos conseguir\u00e3o aprender de forma mais satisfat\u00f3ria.<\/p>\n<p>\u00c9 essencial ter uma comunica\u00e7\u00e3o clara e objetiva com os pais, para que eles confiem na escola e nos resultados obtidos pelos seus filhos. A educa\u00e7\u00e3o \u00e9 essencial na vida do indiv\u00edduo, assim os seus respons\u00e1veis precisam estar cientes de qualquer altera\u00e7\u00e3o para conseguir ajudar seus filhos a crescerem e se desenvolverem.<\/p>\n<p>Gostou do nosso post? Se sim, aproveite tamb\u00e9m para acessar outro conte\u00fado e <a href=\"https:\/\/www.redeinspiraeducadores.com.br\/en\/tecnologia-da-informacao-e-comunicacao-na-educacao\/\" target=\"_blank\" rel=\"noopener\">entender a import\u00e2ncia da tecnologia da informa\u00e7\u00e3o e comunica\u00e7\u00e3o na educa\u00e7\u00e3o<\/a>!<\/p>","protected":false},"excerpt":{"rendered":"<p>De acordo com a Lei das Diretrizes e Bases da Educa\u00e7\u00e3o Nacional, o Ensino M\u00e9dio sofreu algumas mudan\u00e7as, como nova [&hellip;]<\/p>\n","protected":false},"author":1,"featured_media":5538,"comment_status":"open","ping_status":"open","sticky":false,"template":"","format":"standard","meta":{"site-sidebar-layout":"default","site-content-layout":"","ast-site-content-layout":"default","site-content-style":"default","site-sidebar-style":"default","ast-global-header-display":"","ast-banner-title-visibility":"","ast-main-header-display":"","ast-hfb-above-header-display":"","ast-hfb-below-header-display":"","ast-hfb-mobile-header-display":"","site-post-title":"","ast-breadcrumbs-content":"","ast-featured-img":"","footer-sml-layout":"","ast-disable-related-posts":"","theme-transparent-header-meta":"","adv-header-id-meta":"","stick-header-meta":"","header-above-stick-meta":"","header-main-stick-meta":"","header-below-stick-meta":"","astra-migrate-meta-layouts":"default","ast-page-background-enabled":"default","ast-page-background-meta":{"desktop":{"background-color":"var(--ast-global-color-5)","background-image":"","background-repeat":"repeat","background-position":"center center","background-size":"auto","background-attachment":"scroll","background-type":"","background-media":"","overlay-type":"","overlay-color":"","overlay-opacity":"","overlay-gradient":""},"tablet":{"background-color":"","background-image":"","background-repeat":"repeat","background-position":"center center","background-size":"auto","background-attachment":"scroll","background-type":"","background-media":"","overlay-type":"","overlay-color":"","overlay-opacity":"","overlay-gradient":""},"mobile":{"background-color":"","background-image":"","background-repeat":"repeat","background-position":"center center","background-size":"auto","background-attachment":"scroll","background-type":"","background-media":"","overlay-type":"","overlay-color":"","overlay-opacity":"","overlay-gradient":""}},"ast-content-background-meta":{"desktop":{"background-color":"var(--ast-global-color-4)","background-image":"","background-repeat":"repeat","background-position":"center center","background-size":"auto","background-attachment":"scroll","background-type":"","background-media":"","overlay-type":"","overlay-color":"","overlay-opacity":"","overlay-gradient":""},"tablet":{"background-color":"var(--ast-global-color-4)","background-image":"","background-repeat":"repeat","background-position":"center center","background-size":"auto","background-attachment":"scroll","background-type":"","background-media":"","overlay-type":"","overlay-color":"","overlay-opacity":"","overlay-gradient":""},"mobile":{"background-color":"var(--ast-global-color-4)","background-image":"","background-repeat":"repeat","background-position":"center center","background-size":"auto","background-attachment":"scroll","background-type":"","background-media":"","overlay-type":"","overlay-color":"","overlay-opacity":"","overlay-gradient":""}},"footnotes":""},"categories":[8],"tags":[],"class_list":["post-5537","post","type-post","status-publish","format-standard","has-post-thumbnail","hentry","category-blog"],"_links":{"self":[{"href":"https:\/\/www.redeinspiraeducadores.com.br\/en\/wp-json\/wp\/v2\/posts\/5537","targetHints":{"allow":["GET"]}}],"collection":[{"href":"https:\/\/www.redeinspiraeducadores.com.br\/en\/wp-json\/wp\/v2\/posts"}],"about":[{"href":"https:\/\/www.redeinspiraeducadores.com.br\/en\/wp-json\/wp\/v2\/types\/post"}],"author":[{"embeddable":true,"href":"https:\/\/www.redeinspiraeducadores.com.br\/en\/wp-json\/wp\/v2\/users\/1"}],"replies":[{"embeddable":true,"href":"https:\/\/www.redeinspiraeducadores.com.br\/en\/wp-json\/wp\/v2\/comments?post=5537"}],"version-history":[{"count":0,"href":"https:\/\/www.redeinspiraeducadores.com.br\/en\/wp-json\/wp\/v2\/posts\/5537\/revisions"}],"wp:featuredmedia":[{"embeddable":true,"href":"https:\/\/www.redeinspiraeducadores.com.br\/en\/wp-json\/wp\/v2\/media\/5538"}],"wp:attachment":[{"href":"https:\/\/www.redeinspiraeducadores.com.br\/en\/wp-json\/wp\/v2\/media?parent=5537"}],"wp:term":[{"taxonomy":"category","embeddable":true,"href":"https:\/\/www.redeinspiraeducadores.com.br\/en\/wp-json\/wp\/v2\/categories?post=5537"},{"taxonomy":"post_tag","embeddable":true,"href":"https:\/\/www.redeinspiraeducadores.com.br\/en\/wp-json\/wp\/v2\/tags?post=5537"}],"curies":[{"name":"wp","href":"https:\/\/api.w.org\/{rel}","templated":true}]}}