{"id":5437,"date":"2022-09-26T17:55:16","date_gmt":"2022-09-26T17:55:16","guid":{"rendered":"https:\/\/www.redeinspiraeducadores.com.br\/?p=5437"},"modified":"2022-09-26T17:55:16","modified_gmt":"2022-09-26T17:55:16","slug":"saude-mental-dos-estudantes-2","status":"publish","type":"post","link":"https:\/\/www.redeinspiraeducadores.com.br\/en\/saude-mental-dos-estudantes-2\/","title":{"rendered":"Por que pensar na sa\u00fade mental dos estudantes?"},"content":{"rendered":"<p>A sa\u00fade mental dos estudantes \u00e9 um tema que tem grande relev\u00e2ncia na sociedade, visto que a cobran\u00e7a e a press\u00e3o imposta \u00e9 muito grande nesse p\u00fablico alvo. Nesse sentido, \u00e9 preciso que as escolas tenham equipes multidisciplinares a fim de que os jovens e adolescentes tenham uma rede de apoio, afinal, doen\u00e7as como depress\u00e3o e ansiedade t\u00eam sido uma realidade triste tamb\u00e9m nestas faixas et\u00e1rias.<\/p>\n<p>Com este cen\u00e1rio, \u00e9 preciso que as escolas se adaptem a essa nova realidade, ou seja, contratem equipes de psic\u00f3logos para atender as necessidades de cada aluno, afinal, \u00e9 no ambiente da escola onde crian\u00e7as e adolescentes passam a maior parte do seu tempo.<\/p>\n<p>Est\u00e1 gostando do post? Ent\u00e3o, prossiga a sua leitura e fique por dentro de mais novidades acerca deste assunto!<\/p>\n<h2>Por que a sa\u00fade mental dos estudantes requer aten\u00e7\u00e3o das escolas?<\/h2>\n<p>Depois do lar, a escola \u00e9 o local onde os estudantes passam a maior parte do tempo. Nesse sentido, \u00e9 importante que os professores saibam identificar quando o seu aluno n\u00e3o est\u00e1 bem e o encaminhem para o setor pedag\u00f3gico a fim de que um acompanhamento psicol\u00f3gico seja feito.<\/p>\n<p>Al\u00e9m disso, \u00e9 fundamental desenvolver em sala de aula momentos, como rodas de conversas, a fim de que esses estudantes troquem experi\u00eancias e hist\u00f3rias sobre o seu cotidiano, com o intuito de que eles se sintam acolhidos e, caso precisem de ajuda, busquem a rede de apoio escolar.<\/p>\n<h2>Como a press\u00e3o escolar pode afetar a sa\u00fade mental dos alunos?<\/h2>\n<p>Em primeiro lugar, \u00e9 preciso deixar claro que o objetivo das escolas \u00e9 formar cidad\u00e3os cr\u00edticos e intelectuais. Logo, essas institui\u00e7\u00f5es precisam assistir os seus alunos de maneira efetiva, orientando-os a respeitar os seus limites e cuidar da<a href=\"https:\/\/www.redeinspiraeducadores.com.br\/en\/saude-mental-dos-estudantes\/\" target=\"_blank\" rel=\"noopener\"> sa\u00fade mental<\/a>.<\/p>\n<p>Somado a isso, a press\u00e3o de ter que tirar notas boas e passar no vestibular s\u00e3o fatores que tiram o sono de muitos jovens. Desse modo, as escolas precisam tornar o ato de aprender um processo leve e prazeroso, sem deixar de cumprir as obriga\u00e7\u00f5es e conte\u00fados.<\/p>\n<h2>Como as escolas podem ajudar na sa\u00fade mental dos alunos?<\/h2>\n<p>As institui\u00e7\u00f5es de ensino precisam ter uma equipe de psic\u00f3logos e psicopedagogos que ajudem os alunos a manter o equil\u00edbrio na hora de estudar e montar um esquema de estudo condizente com a sua realidade. Al\u00e9m disso, realizar campanhas e palestras educativas sobre o tema da sa\u00fade mental dos alunos.<\/p>\n<p>Por fim, agora que voc\u00ea j\u00e1 sabe um pouco mais sobre a sa\u00fade mental dos estudantes, tente criar na sua escola uma rede de profissionais qualificados para tratar dessas situa\u00e7\u00f5es. Afinal, o jovem precisa ser assistido a fim de controlar as suas emo\u00e7\u00f5es e seus medos.<\/p>\n<p>Gostou do post? Ent\u00e3o, n\u00e3o perca tempo e aproveite para ler mais sobre<a href=\"https:\/\/www.redeinspiraeducadores.com.br\/en\/como-reduzir-a-ansiedade\/\" target=\"_blank\" rel=\"noopener\"> como reduzir a ansiedade em crian\u00e7as e adolescentes.<\/a><\/p>","protected":false},"excerpt":{"rendered":"<p>A sa\u00fade mental dos estudantes \u00e9 um tema que tem grande relev\u00e2ncia na sociedade, visto que a cobran\u00e7a e a [&hellip;]<\/p>\n","protected":false},"author":1,"featured_media":5438,"comment_status":"open","ping_status":"open","sticky":false,"template":"","format":"standard","meta":{"site-sidebar-layout":"default","site-content-layout":"","ast-site-content-layout":"default","site-content-style":"default","site-sidebar-style":"default","ast-global-header-display":"","ast-banner-title-visibility":"","ast-main-header-display":"","ast-hfb-above-header-display":"","ast-hfb-below-header-display":"","ast-hfb-mobile-header-display":"","site-post-title":"","ast-breadcrumbs-content":"","ast-featured-img":"","footer-sml-layout":"","ast-disable-related-posts":"","theme-transparent-header-meta":"","adv-header-id-meta":"","stick-header-meta":"","header-above-stick-meta":"","header-main-stick-meta":"","header-below-stick-meta":"","astra-migrate-meta-layouts":"default","ast-page-background-enabled":"default","ast-page-background-meta":{"desktop":{"background-color":"var(--ast-global-color-5)","background-image":"","background-repeat":"repeat","background-position":"center center","background-size":"auto","background-attachment":"scroll","background-type":"","background-media":"","overlay-type":"","overlay-color":"","overlay-opacity":"","overlay-gradient":""},"tablet":{"background-color":"","background-image":"","background-repeat":"repeat","background-position":"center center","background-size":"auto","background-attachment":"scroll","background-type":"","background-media":"","overlay-type":"","overlay-color":"","overlay-opacity":"","overlay-gradient":""},"mobile":{"background-color":"","background-image":"","background-repeat":"repeat","background-position":"center center","background-size":"auto","background-attachment":"scroll","background-type":"","background-media":"","overlay-type":"","overlay-color":"","overlay-opacity":"","overlay-gradient":""}},"ast-content-background-meta":{"desktop":{"background-color":"var(--ast-global-color-4)","background-image":"","background-repeat":"repeat","background-position":"center center","background-size":"auto","background-attachment":"scroll","background-type":"","background-media":"","overlay-type":"","overlay-color":"","overlay-opacity":"","overlay-gradient":""},"tablet":{"background-color":"var(--ast-global-color-4)","background-image":"","background-repeat":"repeat","background-position":"center center","background-size":"auto","background-attachment":"scroll","background-type":"","background-media":"","overlay-type":"","overlay-color":"","overlay-opacity":"","overlay-gradient":""},"mobile":{"background-color":"var(--ast-global-color-4)","background-image":"","background-repeat":"repeat","background-position":"center center","background-size":"auto","background-attachment":"scroll","background-type":"","background-media":"","overlay-type":"","overlay-color":"","overlay-opacity":"","overlay-gradient":""}},"footnotes":""},"categories":[8,9],"tags":[],"class_list":["post-5437","post","type-post","status-publish","format-standard","has-post-thumbnail","hentry","category-blog","category-gestao-escolar"],"_links":{"self":[{"href":"https:\/\/www.redeinspiraeducadores.com.br\/en\/wp-json\/wp\/v2\/posts\/5437","targetHints":{"allow":["GET"]}}],"collection":[{"href":"https:\/\/www.redeinspiraeducadores.com.br\/en\/wp-json\/wp\/v2\/posts"}],"about":[{"href":"https:\/\/www.redeinspiraeducadores.com.br\/en\/wp-json\/wp\/v2\/types\/post"}],"author":[{"embeddable":true,"href":"https:\/\/www.redeinspiraeducadores.com.br\/en\/wp-json\/wp\/v2\/users\/1"}],"replies":[{"embeddable":true,"href":"https:\/\/www.redeinspiraeducadores.com.br\/en\/wp-json\/wp\/v2\/comments?post=5437"}],"version-history":[{"count":0,"href":"https:\/\/www.redeinspiraeducadores.com.br\/en\/wp-json\/wp\/v2\/posts\/5437\/revisions"}],"wp:featuredmedia":[{"embeddable":true,"href":"https:\/\/www.redeinspiraeducadores.com.br\/en\/wp-json\/wp\/v2\/media\/5438"}],"wp:attachment":[{"href":"https:\/\/www.redeinspiraeducadores.com.br\/en\/wp-json\/wp\/v2\/media?parent=5437"}],"wp:term":[{"taxonomy":"category","embeddable":true,"href":"https:\/\/www.redeinspiraeducadores.com.br\/en\/wp-json\/wp\/v2\/categories?post=5437"},{"taxonomy":"post_tag","embeddable":true,"href":"https:\/\/www.redeinspiraeducadores.com.br\/en\/wp-json\/wp\/v2\/tags?post=5437"}],"curies":[{"name":"wp","href":"https:\/\/api.w.org\/{rel}","templated":true}]}}