{"id":5299,"date":"2022-07-13T14:53:58","date_gmt":"2022-07-13T14:53:58","guid":{"rendered":"https:\/\/www.redeinspiraeducadores.com.br\/?p=5299"},"modified":"2022-07-13T14:53:58","modified_gmt":"2022-07-13T14:53:58","slug":"projeto-de-vida-na-escola","status":"publish","type":"post","link":"https:\/\/www.redeinspiraeducadores.com.br\/en\/projeto-de-vida-na-escola\/","title":{"rendered":"Projeto de vida na escola: saiba como abordar"},"content":{"rendered":"<p>A educa\u00e7\u00e3o vai muito al\u00e9m da transmiss\u00e3o dos conte\u00fados formais referentes \u00e0s diferentes \u00e1reas do conhecimento (tais como linguagens, exatas, humanas e biol\u00f3gicas). A sua fun\u00e7\u00e3o \u00e9 atuar na forma\u00e7\u00e3o de cidad\u00e3os respons\u00e1veis, aut\u00f4nomos e conscientes de seu papel na sociedade. Para tanto, faz-se necess\u00e1rio o desenvolvimento de uma s\u00e9rie de habilidades e compet\u00eancias socioemocionais.<\/p>\n<p>Tornar os estudantes protagonistas de suas pr\u00f3prias vidas, capazes de trilhar um caminho condizente com seus interesses, desejos, sonhos e potencialidades, \u00e9 o principal objetivo da inser\u00e7\u00e3o do projeto de vida na escola. Somado a isso, o novo componente curricular colabora de maneira direta com a aprendizagem dos alunos, uma vez que os conte\u00fados passam a dialogar mais com suas realidades e perspectivas individuais.<\/p>\n<p>A seguir, saiba mais sobre o que \u00e9 projeto de vida na escola, qual a sua import\u00e2ncia para o desenvolvimento integral das crian\u00e7as e dos jovens e como coloc\u00e1-lo em pr\u00e1tica em sala de aula. Vamos l\u00e1?<\/p>\n<h2>O que \u00e9 projeto de vida na escola?<\/h2>\n<p>O projeto de vida faz parte das<a href=\"https:\/\/www.redeinspiraeducadores.com.br\/en\/blog\/novo-ensino-medio-2022\/\" target=\"_blank\" rel=\"noopener\"> novas diretrizes para o Ensino M\u00e9dio<\/a> da Base Nacional Comum Curricular (BNCC), que, por seu turno, acompanha o chamado Plano Nacional de Educa\u00e7\u00e3o (PNE). De modo geral, o intuito \u00e9 orientar os estudantes na escolha de de seus itiner\u00e1rios formativos, para que eles possam ter um aprofundamento curricular nas \u00e1reas e temas que melhor se relacionam com seus interesses e expectativas de futuro.<\/p>\n<p>Assim, procura colaborar com a constru\u00e7\u00e3o de um percurso coerente entre o &#8220;Quem sou&#8221; e o &#8220;Quem eu quero ser&#8221;. Esse caminho \u00e9 elaborado por meio de um processo bem organizado, que une autoconhecimento, planejamento e pr\u00e1tica. Nele, o aluno aprende mais sobre si, identifica seus potenciais e interesses e se torna capaz de tra\u00e7ar estrat\u00e9gias para a realiza\u00e7\u00e3o de seus objetivos.<\/p>\n<h2>Quais aspectos s\u00e3o desenvolvidos?<\/h2>\n<p>A import\u00e2ncia do projeto de vida est\u00e1 relacionada com o desenvolvimento de compet\u00eancias e habilidades<a href=\"https:\/\/www.redeinspiraeducadores.com.br\/en\/blog\/saude-mental-dos-estudantes\/\" target=\"_blank\" rel=\"noopener\"> socioemocionais<\/a>, que incidem na rela\u00e7\u00e3o que os alunos estabelecem com eles mesmos, com os outros e com a sociedade de maneira geral.<\/p>\n<p>S\u00e3o muitos os benef\u00edcios do projeto de vida na escola, entre os quais podemos destacar:<\/p>\n<ul>\n<li>autonomia e protagonismo;<\/li>\n<li>empatia e senso de responsabilidade;<\/li>\n<li>respeito \u00e0 diversidade;<\/li>\n<li>autoconhecimento;<\/li>\n<li>constru\u00e7\u00e3o da identidade e de valores;<\/li>\n<li>impacto positivo na autoestima;<\/li>\n<li>reconhecimento de suas ra\u00edzes;<\/li>\n<li>no\u00e7\u00e3o de pertencimento;<\/li>\n<li><a href=\"https:\/\/www.redeinspiraeducadores.com.br\/en\/blog\/como-reduzir-a-ansiedade\/\" target=\"_blank\" rel=\"noopener\">gest\u00e3o das pr\u00f3prias emo\u00e7\u00f5es<\/a>;<\/li>\n<li>trabalho em equipe;<\/li>\n<li>amplia\u00e7\u00e3o de repert\u00f3rio;<\/li>\n<li>aprendizado da cidadania;<\/li>\n<li>esp\u00edrito reflexivo e cr\u00edtico;<\/li>\n<li>participa\u00e7\u00e3o ativa;<\/li>\n<li>entre muitos outros.<\/li>\n<\/ul>\n<h2>Como abordar e trabalhar o projeto de vida na escola?<\/h2>\n<p>Antes de mais nada, \u00e9 importante dizer que n\u00e3o h\u00e1 uma &#8220;f\u00f3rmula&#8221; ou uma &#8220;receita&#8221; \u00fanica e ideal para trabalhar com o projeto de vida nas institui\u00e7\u00f5es de ensino. S\u00e3o in\u00fameras alternativas e metodologias poss\u00edveis, que devem ser pensadas de acordo com a realidade escolar.<\/p>\n<p>No entanto, todas elas exigem uma reorganiza\u00e7\u00e3o da tradicional estrutura curricular, de modo a construir um novo modo de se relacionar com os conte\u00fados, abrindo espa\u00e7o para a exist\u00eancia de um processo verdadeiramente coletivo, compartilhado e interdisciplinar.<\/p>\n<p>Confira, a seguir, algumas dicas de como tornar o projeto de vida mais interessante e pr\u00f3ximo \u00e0s viv\u00eancias dos estudantes, ajudando-os a desenvolver habilidades imprescind\u00edveis para o futuro!<\/p>\n<h3>Foque nas compet\u00eancias do s\u00e9culo 21<\/h3>\n<p>A ideia \u00e9 pensar no desenvolvimento integral de cada adolescente, de modo a estimul\u00e1-los a avan\u00e7ar em m\u00faltiplas dimens\u00f5es (cognitiva, f\u00edsica e socioemocional). Para viver bem e alcan\u00e7ar o sucesso no s\u00e9culo 21, faz-se necess\u00e1rio trabalhar e fortalecer compet\u00eancias como autonomia, perseveran\u00e7a, curiosidade, sociabilidade, gest\u00e3o das emo\u00e7\u00f5es, resili\u00eancia etc.<\/p>\n<h3>Trabalhe por meio de projetos<\/h3>\n<p>O projeto de vida na escola costuma ser muito enriquecedor quando \u00e9 constru\u00eddo por meio de<a href=\"https:\/\/www.redeinspiraeducadores.com.br\/en\/blog\/metodologias-ativas-de-aprendizagem\/\" target=\"_blank\" rel=\"noopener\"> metodologias ativas<\/a>, em especial a aprendizagem baseada em projetos. Al\u00e9m de desenvolver a capacidade de resolver problemas pr\u00e1ticos, os estudantes s\u00e3o estimulados a trabalhar de forma coletiva e com planejamento.<\/p>\n<h3>Colabore com a defini\u00e7\u00e3o de suas escolhas profissionais<\/h3>\n<p>Personaliza\u00e7\u00e3o do ensino \u00e9 uma das express\u00f5es-chave do projeto de vida. Em outras palavras, os professores devem estar atentos aos projetos e trajet\u00f3rias individuais dos alunos. Desse modo, podem colaborar com a defini\u00e7\u00e3o das carreiras profissionais alinhadas \u00e0s realidades e aos interesses de cada um.<\/p>\n<h3>Invista tamb\u00e9m na melhoria da vida no presente<\/h3>\n<p>O futuro \u00e9 constru\u00eddo por meio de a\u00e7\u00f5es feitas no presente. Sendo assim, n\u00e3o basta tra\u00e7ar metas e objetivos, \u00e9 necess\u00e1rio investir no planejamento, ou seja, no caminho para chegar aonde se deseja. Cada atitude e mudan\u00e7a no hoje vai refletir, de maneira direta, no amanh\u00e3.<\/p>\n<h3>Mantenha uma reflex\u00e3o cont\u00ednua<\/h3>\n<p>O projeto de vida pretende estabelecer um caminho de autorreflex\u00e3o por parte dos estudantes. Para que os<a href=\"https:\/\/www.redeinspiraeducadores.com.br\/en\/blog\/motivacao-para-professores\/\" target=\"_blank\" rel=\"noopener\"> professores<\/a> e demais agentes da educa\u00e7\u00e3o possam colaborar com esse percurso, entender os contextos dos jovens \u00e9 fundamental. Mais interessante que o aprendizado dos conte\u00fados \u00e9 o incentivo \u00e0 ado\u00e7\u00e3o de uma postura reflexiva e cr\u00edtica, sobre a pr\u00f3pria vida e sobre as rela\u00e7\u00f5es com outras pessoas.<\/p>\n<h3>Seja flex\u00edvel<\/h3>\n<p>Flexibilidade com o tempo de cada um, com os conte\u00fados, com os formatos, com o uso dos espa\u00e7os e, principalmente, com as escolhas dos estudantes. Esse componente desafia a todos a lidar com desafios, imprevistos e mudan\u00e7as. Por essa raz\u00e3o, os docentes devem se colocar abertos para rever e transformar suas pr\u00e1ticas em sala de aula.<\/p>\n<h3>Envolva as fam\u00edlias dos estudantes<\/h3>\n<p>Para que a educa\u00e7\u00e3o seja efetiva e os alunos possam se desenvolver integralmente, a<a href=\"https:\/\/www.redeinspiraeducadores.com.br\/en\/blog\/familia-na-escola\/\" target=\"_blank\" rel=\"noopener\"> fam\u00edlia<\/a> deve atuar como parceira da escola, isto \u00e9, efetuar um acompanhamento e participar ativamente da vida escolar dos estudantes. Quanto maior a intera\u00e7\u00e3o, maior a chance de desenvolver um projeto de vida consistente e alinhado com os cotidianos e as perspectivas dos jovens.<\/p>\n<p>Tornar os estudantes cidad\u00e3os conscientes de seu papel na sociedade, protagonistas de suas vidas, respeitosos com a diversidade, fortalecidos emocionalmente e capazes de escolher carreiras profissionais que sejam condizentes com os seus potenciais e sonhos s\u00e3o os principais objetivos do projeto de vida na escola.<\/p>\n<p>As formas de abord\u00e1-lo em sala de aula s\u00e3o in\u00fameras, mas as dicas acima s\u00e3o importantes para que ele possa efetivamente contribuir para a vida presente e futura dos alunos da institui\u00e7\u00e3o.<\/p>\n<p>Saber mais sobre o projeto de vida na escola foi \u00fatil para voc\u00ea? Ent\u00e3o, compartilhe este conte\u00fado em suas redes sociais para que ele possa chegar a mais pessoas interessadas no assunto!<\/p>","protected":false},"excerpt":{"rendered":"<p>A educa\u00e7\u00e3o vai muito al\u00e9m da transmiss\u00e3o dos conte\u00fados formais referentes \u00e0s diferentes \u00e1reas do conhecimento (tais como linguagens, exatas, [&hellip;]<\/p>\n","protected":false},"author":1,"featured_media":5300,"comment_status":"open","ping_status":"open","sticky":false,"template":"","format":"standard","meta":{"site-sidebar-layout":"default","site-content-layout":"","ast-site-content-layout":"default","site-content-style":"default","site-sidebar-style":"default","ast-global-header-display":"","ast-banner-title-visibility":"","ast-main-header-display":"","ast-hfb-above-header-display":"","ast-hfb-below-header-display":"","ast-hfb-mobile-header-display":"","site-post-title":"","ast-breadcrumbs-content":"","ast-featured-img":"","footer-sml-layout":"","ast-disable-related-posts":"","theme-transparent-header-meta":"","adv-header-id-meta":"","stick-header-meta":"","header-above-stick-meta":"","header-main-stick-meta":"","header-below-stick-meta":"","astra-migrate-meta-layouts":"default","ast-page-background-enabled":"default","ast-page-background-meta":{"desktop":{"background-color":"var(--ast-global-color-5)","background-image":"","background-repeat":"repeat","background-position":"center center","background-size":"auto","background-attachment":"scroll","background-type":"","background-media":"","overlay-type":"","overlay-color":"","overlay-opacity":"","overlay-gradient":""},"tablet":{"background-color":"","background-image":"","background-repeat":"repeat","background-position":"center center","background-size":"auto","background-attachment":"scroll","background-type":"","background-media":"","overlay-type":"","overlay-color":"","overlay-opacity":"","overlay-gradient":""},"mobile":{"background-color":"","background-image":"","background-repeat":"repeat","background-position":"center center","background-size":"auto","background-attachment":"scroll","background-type":"","background-media":"","overlay-type":"","overlay-color":"","overlay-opacity":"","overlay-gradient":""}},"ast-content-background-meta":{"desktop":{"background-color":"var(--ast-global-color-4)","background-image":"","background-repeat":"repeat","background-position":"center center","background-size":"auto","background-attachment":"scroll","background-type":"","background-media":"","overlay-type":"","overlay-color":"","overlay-opacity":"","overlay-gradient":""},"tablet":{"background-color":"var(--ast-global-color-4)","background-image":"","background-repeat":"repeat","background-position":"center center","background-size":"auto","background-attachment":"scroll","background-type":"","background-media":"","overlay-type":"","overlay-color":"","overlay-opacity":"","overlay-gradient":""},"mobile":{"background-color":"var(--ast-global-color-4)","background-image":"","background-repeat":"repeat","background-position":"center center","background-size":"auto","background-attachment":"scroll","background-type":"","background-media":"","overlay-type":"","overlay-color":"","overlay-opacity":"","overlay-gradient":""}},"footnotes":""},"categories":[8],"tags":[],"class_list":["post-5299","post","type-post","status-publish","format-standard","has-post-thumbnail","hentry","category-blog"],"_links":{"self":[{"href":"https:\/\/www.redeinspiraeducadores.com.br\/en\/wp-json\/wp\/v2\/posts\/5299","targetHints":{"allow":["GET"]}}],"collection":[{"href":"https:\/\/www.redeinspiraeducadores.com.br\/en\/wp-json\/wp\/v2\/posts"}],"about":[{"href":"https:\/\/www.redeinspiraeducadores.com.br\/en\/wp-json\/wp\/v2\/types\/post"}],"author":[{"embeddable":true,"href":"https:\/\/www.redeinspiraeducadores.com.br\/en\/wp-json\/wp\/v2\/users\/1"}],"replies":[{"embeddable":true,"href":"https:\/\/www.redeinspiraeducadores.com.br\/en\/wp-json\/wp\/v2\/comments?post=5299"}],"version-history":[{"count":0,"href":"https:\/\/www.redeinspiraeducadores.com.br\/en\/wp-json\/wp\/v2\/posts\/5299\/revisions"}],"wp:featuredmedia":[{"embeddable":true,"href":"https:\/\/www.redeinspiraeducadores.com.br\/en\/wp-json\/wp\/v2\/media\/5300"}],"wp:attachment":[{"href":"https:\/\/www.redeinspiraeducadores.com.br\/en\/wp-json\/wp\/v2\/media?parent=5299"}],"wp:term":[{"taxonomy":"category","embeddable":true,"href":"https:\/\/www.redeinspiraeducadores.com.br\/en\/wp-json\/wp\/v2\/categories?post=5299"},{"taxonomy":"post_tag","embeddable":true,"href":"https:\/\/www.redeinspiraeducadores.com.br\/en\/wp-json\/wp\/v2\/tags?post=5299"}],"curies":[{"name":"wp","href":"https:\/\/api.w.org\/{rel}","templated":true}]}}