{"id":5296,"date":"2022-07-11T15:28:20","date_gmt":"2022-07-11T15:28:20","guid":{"rendered":"https:\/\/www.redeinspiraeducadores.com.br\/?p=5296"},"modified":"2022-07-11T15:28:20","modified_gmt":"2022-07-11T15:28:20","slug":"matriz-curricular","status":"publish","type":"post","link":"https:\/\/www.redeinspiraeducadores.com.br\/en\/matriz-curricular\/","title":{"rendered":"Matriz curricular: saiba o que \u00e9 e como elabor\u00e1-la em sua escola"},"content":{"rendered":"<p>Quando se trata de educa\u00e7\u00e3o, a <a href=\"https:\/\/www.redeinspiraeducadores.com.br\/en\/perfil-do-gestor-escolar-4-principais-competencias-para-desenvolver\/\">gest\u00e3o<\/a> e o planejamento s\u00e3o pe\u00e7as-chave no processo. Afinal, todas as altera\u00e7\u00f5es e os projetos executados neste \u00e2mbito visam a aumentar o rendimento dos docentes. Nesse sentido, a matriz curricular determina o a atua\u00e7\u00e3o pedag\u00f3gica de uma institui\u00e7\u00e3o de ensino, por meio dela s\u00e3o definidos a proposta pedag\u00f3gica e o planejamento pedag\u00f3gico, que estabelecem as metas, a teoria e os conceitos que nortear\u00e3o o trabalho ao longo do ano.<\/p>\n\n\n\n<p>Logo, essa matriz serve como um norte para que as institui\u00e7\u00f5es de ensino desenvolvam pr\u00e1ticas educativas de maneira a cumprir com as diretrizes impostas pelo Minist\u00e9rio da Educa\u00e7\u00e3o e de ajudar na forma\u00e7\u00e3o intelectual e cr\u00edtica dos alunos.<\/p>\n\n\n\n<p>Quer se aprofundar no tema? Ent\u00e3o, continue a sua leitura para ficar por dentro de mais informa\u00e7\u00f5es!<\/p>\n\n\n\n<h2 class=\"wp-block-heading\"><strong>O que realmente \u00e9 a matriz curricular?<\/strong><\/h2>\n\n\n\n<p>Primeiramente, \u00e9 preciso explicar do que se trata a matriz curricular. Ela \u00e9 o ponto de partida para organizar o setor pedag\u00f3gico, ou seja, \u00e9 respons\u00e1vel pela situa\u00e7\u00e3o de cada discente, como \u00e9 o caso de reprova\u00e7\u00f5es, transfer\u00eancias, s\u00e9ries n\u00e3o conclu\u00eddas, dentre outros problemas.<\/p>\n\n\n\n<p>Nesse contexto, as Leis de Diretrizes e Bases instruem as escolas pelo Brasil acerca da forma como elas colocar\u00e3o em pr\u00e1tica as normas estabelecidas pelo Minist\u00e9rio da Educa\u00e7\u00e3o. Assim, a matriz curricular leva em considera\u00e7\u00e3o a realidade de cada institui\u00e7\u00e3o, bem como a sua localiza\u00e7\u00e3o e o perfil dos seus estudantes.<\/p>\n\n\n\n<p>Ademais, n\u00e3o se deve confundir grade curricular com matriz curricular, visto que cada uma tem uma fun\u00e7\u00e3o diferente. A grade, nesse caso, est\u00e1 mais relacionada com a organiza\u00e7\u00e3o das disciplinas, dos hor\u00e1rios, dos crit\u00e9rios de avalia\u00e7\u00e3o e da qualifica\u00e7\u00e3o dos<a href=\"https:\/\/www.redeinspiraeducadores.com.br\/en\/filmes-sobre-professores\/\"> professores<\/a>.<\/p>\n\n\n\n<h2 class=\"wp-block-heading\"><strong>Quais s\u00e3o as dicas para elaborar uma matriz curricular?<\/strong><\/h2>\n\n\n\n<p>O primeiro passo a ser dado na hora de montar uma matriz curricular \u00e9 utilizar como base a Lei de Diretrizes e Bases da Educa\u00e7\u00e3o Nacional. Diante disso, a equipe pedag\u00f3gica precisa apresentar uma fundamenta\u00e7\u00e3o te\u00f3rica consistente, o hist\u00f3rico do ensino das disciplinas e os principais objetivos da aprendizagem, especificando o ano e quais ser\u00e3o os m\u00e9todos utilizados para o ensino.<\/p>\n\n\n\n<p>Al\u00e9m disso, os professores t\u00eam um papel importante nessa elabora\u00e7\u00e3o, afinal, s\u00e3o eles que transmitir\u00e3o o conte\u00fado para os discentes. Logo, \u00e9 v\u00e1lido que eles estejam por dentro das orienta\u00e7\u00f5es did\u00e1ticas e das refer\u00eancias bibliogr\u00e1ficas que precisam ser utilizadas a fim de maximizar o<a href=\"https:\/\/www.redeinspiraeducadores.com.br\/en\/desempenho-academico\/\"> desempenho<\/a> dos estudantes.<\/p>\n\n\n\n<h2 class=\"wp-block-heading\"><strong>Qual \u00e9 a import\u00e2ncia da matriz curricular para uma institui\u00e7\u00e3o?<\/strong><\/h2>\n\n\n\n<p>\u00c9 fato que, antes de escolherem uma institui\u00e7\u00e3o de ensino, os pais buscam refer\u00eancias sobre as escolas e acerca do seu n\u00edvel de organiza\u00e7\u00e3o e do seu comprometimento com a comunidade. Nesse vi\u00e9s, ter uma unidade que siga uma matriz curricular de maneira efetiva \u00e9 algo muito vantajoso.<\/p>\n\n\n\n<p>Com a matriz curricular em m\u00e3os, seguindo as regras e as normas das secretarias e dos minist\u00e9rios, tanto os pais quanto os professores ficar\u00e3o cientes da programa\u00e7\u00e3o do ano letivo e dos seus principais objetivos na forma\u00e7\u00e3o de estudantes comprometidos e cr\u00edticos.<\/p>\n\n\n\n<p>Por fim, agora que voc\u00ea j\u00e1 sabe um pouco mais sobre a matriz curricular e a sua import\u00e2ncia, \u00e9 v\u00e1lido estruturar tamb\u00e9m o cronograma da sua institui\u00e7\u00e3o a fim de que ele siga todas as diretrizes impostas pelos setores da alta c\u00fapula educacional.<\/p>\n\n\n\n<p>Gostou do post? Ent\u00e3o, n\u00e3o perca tempo e aproveite para curtir a nossa p\u00e1gina no<a href=\"https:\/\/www.facebook.com\/inspiraeducadores\"> Facebook<\/a> e se manter por dentro de mais novidades!<\/p>","protected":false},"excerpt":{"rendered":"<p>Quando se trata de educa\u00e7\u00e3o, a gest\u00e3o e o planejamento s\u00e3o pe\u00e7as-chave no processo. Afinal, todas as altera\u00e7\u00f5es e os [&hellip;]<\/p>\n","protected":false},"author":1,"featured_media":5297,"comment_status":"open","ping_status":"open","sticky":false,"template":"","format":"standard","meta":{"site-sidebar-layout":"default","site-content-layout":"","ast-site-content-layout":"default","site-content-style":"default","site-sidebar-style":"default","ast-global-header-display":"","ast-banner-title-visibility":"","ast-main-header-display":"","ast-hfb-above-header-display":"","ast-hfb-below-header-display":"","ast-hfb-mobile-header-display":"","site-post-title":"","ast-breadcrumbs-content":"","ast-featured-img":"","footer-sml-layout":"","ast-disable-related-posts":"","theme-transparent-header-meta":"","adv-header-id-meta":"","stick-header-meta":"","header-above-stick-meta":"","header-main-stick-meta":"","header-below-stick-meta":"","astra-migrate-meta-layouts":"default","ast-page-background-enabled":"default","ast-page-background-meta":{"desktop":{"background-color":"var(--ast-global-color-5)","background-image":"","background-repeat":"repeat","background-position":"center center","background-size":"auto","background-attachment":"scroll","background-type":"","background-media":"","overlay-type":"","overlay-color":"","overlay-opacity":"","overlay-gradient":""},"tablet":{"background-color":"","background-image":"","background-repeat":"repeat","background-position":"center center","background-size":"auto","background-attachment":"scroll","background-type":"","background-media":"","overlay-type":"","overlay-color":"","overlay-opacity":"","overlay-gradient":""},"mobile":{"background-color":"","background-image":"","background-repeat":"repeat","background-position":"center center","background-size":"auto","background-attachment":"scroll","background-type":"","background-media":"","overlay-type":"","overlay-color":"","overlay-opacity":"","overlay-gradient":""}},"ast-content-background-meta":{"desktop":{"background-color":"var(--ast-global-color-4)","background-image":"","background-repeat":"repeat","background-position":"center center","background-size":"auto","background-attachment":"scroll","background-type":"","background-media":"","overlay-type":"","overlay-color":"","overlay-opacity":"","overlay-gradient":""},"tablet":{"background-color":"var(--ast-global-color-4)","background-image":"","background-repeat":"repeat","background-position":"center center","background-size":"auto","background-attachment":"scroll","background-type":"","background-media":"","overlay-type":"","overlay-color":"","overlay-opacity":"","overlay-gradient":""},"mobile":{"background-color":"var(--ast-global-color-4)","background-image":"","background-repeat":"repeat","background-position":"center center","background-size":"auto","background-attachment":"scroll","background-type":"","background-media":"","overlay-type":"","overlay-color":"","overlay-opacity":"","overlay-gradient":""}},"footnotes":""},"categories":[8,9,10],"tags":[],"class_list":["post-5296","post","type-post","status-publish","format-standard","has-post-thumbnail","hentry","category-blog","category-gestao-escolar","category-performance-pedagogica"],"_links":{"self":[{"href":"https:\/\/www.redeinspiraeducadores.com.br\/en\/wp-json\/wp\/v2\/posts\/5296","targetHints":{"allow":["GET"]}}],"collection":[{"href":"https:\/\/www.redeinspiraeducadores.com.br\/en\/wp-json\/wp\/v2\/posts"}],"about":[{"href":"https:\/\/www.redeinspiraeducadores.com.br\/en\/wp-json\/wp\/v2\/types\/post"}],"author":[{"embeddable":true,"href":"https:\/\/www.redeinspiraeducadores.com.br\/en\/wp-json\/wp\/v2\/users\/1"}],"replies":[{"embeddable":true,"href":"https:\/\/www.redeinspiraeducadores.com.br\/en\/wp-json\/wp\/v2\/comments?post=5296"}],"version-history":[{"count":0,"href":"https:\/\/www.redeinspiraeducadores.com.br\/en\/wp-json\/wp\/v2\/posts\/5296\/revisions"}],"wp:featuredmedia":[{"embeddable":true,"href":"https:\/\/www.redeinspiraeducadores.com.br\/en\/wp-json\/wp\/v2\/media\/5297"}],"wp:attachment":[{"href":"https:\/\/www.redeinspiraeducadores.com.br\/en\/wp-json\/wp\/v2\/media?parent=5296"}],"wp:term":[{"taxonomy":"category","embeddable":true,"href":"https:\/\/www.redeinspiraeducadores.com.br\/en\/wp-json\/wp\/v2\/categories?post=5296"},{"taxonomy":"post_tag","embeddable":true,"href":"https:\/\/www.redeinspiraeducadores.com.br\/en\/wp-json\/wp\/v2\/tags?post=5296"}],"curies":[{"name":"wp","href":"https:\/\/api.w.org\/{rel}","templated":true}]}}