{"id":5248,"date":"2022-06-10T17:12:18","date_gmt":"2022-06-10T17:12:18","guid":{"rendered":"https:\/\/www.redeinspiraeducadores.com.br\/?p=5248"},"modified":"2022-06-10T17:12:18","modified_gmt":"2022-06-10T17:12:18","slug":"silvana-araujo-pedagoga-e-especialista-em-supervisao-escolar-diretora-geral-do-colegio-candido-portinari","status":"publish","type":"post","link":"https:\/\/www.redeinspiraeducadores.com.br\/en\/silvana-araujo-pedagoga-e-especialista-em-supervisao-escolar-diretora-geral-do-colegio-candido-portinari\/","title":{"rendered":"Silvana Ara\u00fajo, pedagoga e especialista em supervis\u00e3o escolar, diretora geral do Col\u00e9gio C\u00e2ndido Portinari"},"content":{"rendered":"<p>Foi dentro de casa, no conv\u00edvio com a fam\u00edlia com muitas tias professoras que a educa\u00e7\u00e3o deu os primeiros acenos para Silvana Ara\u00fajo, atualmente, diretora do <a href=\"http:\/\/www.portinari-ba.com.br\/\" target=\"_blank\" rel=\"noreferrer noopener\">Col\u00e9gio C\u00e2ndido Portinari<\/a>, em Salvador, na Bahia. Ali, na adolesc\u00eancia, rodeada de livros e ouvindo as diversas hist\u00f3rias sobre aulas e processos de aprendizagem, ela ainda n\u00e3o havia percebido que a educa\u00e7\u00e3o seria mais tarde a sua grande paix\u00e3o.<\/p>\n\n\n\n<p>Esse despertar, essa convoca\u00e7\u00e3o, como ela costuma dizer, se deu nos primeiros dias de aula no, ent\u00e3o, curso de Magist\u00e9rio, feito em escola p\u00fablica. Logo, a aspirante a professora percebeu a possibilidade transformadora que existia naquela profiss\u00e3o, aquecendo um desejo enorme de fazer parte de todo aquele universo. Dali em diante, a faculdade de Pedagogia foi um caminho natural e, aos 19 anos, atuava como professora de Educa\u00e7\u00e3o Infantil em uma grande institui\u00e7\u00e3o.<\/p>\n\n\n\n<p>Sua aptid\u00e3o para planejar, ouvir e acolher logo a levou a trilhar os caminhos da coordena\u00e7\u00e3o pedag\u00f3gica, caminho pelo qual sua hist\u00f3ria perpassa pela hist\u00f3ria do Col\u00e9gio Portinari. Das quase tr\u00eas d\u00e9cadas dedicadas \u00e0 educa\u00e7\u00e3o, Silvana atua h\u00e1 mais de 20 anos no col\u00e9gio, contribuindo desde a base com a forma\u00e7\u00e3o de uma institui\u00e7\u00e3o reconhecida pelo trabalho s\u00e9rio e voltado \u00e0 forma\u00e7\u00e3o humana, onde o ensino acad\u00eamico de qualidade \u00e9 t\u00e3o importante quanto a forma\u00e7\u00e3o de valores e prepara\u00e7\u00e3o para a vida. Come\u00e7ou como coordenadora pedag\u00f3gica, foi vice-diretora pedag\u00f3gica, trazendo em sua mem\u00f3ria afetiva a experi\u00eancia de partilhar um ambiente de troca, respeito e paix\u00e3o pela educa\u00e7\u00e3o.<\/p>\n\n\n\n<p>Silvana Ara\u00fajo \u00e9 esposa, m\u00e3e, educadora, e \u00e9 apaixonada pela educa\u00e7\u00e3o e suas possibilidades de contribuir com a evolu\u00e7\u00e3o e desenvolvimento humano. Entusiasta da obra e vida do jurista, intelectual, educador e escritor brasileiro, tamb\u00e9m baiano, An\u00edsio Teixeira, ela carrega consigo um dos seus mais conhecidos ensinamentos: \u201cEducar \u00e9 crescer. E crescer \u00e9 viver. Educa\u00e7\u00e3o \u00e9, assim, vida no sentido mais aut\u00eantico da palavra\u201d.&nbsp;&nbsp;<\/p>","protected":false},"excerpt":{"rendered":"<p>Foi dentro de casa, no conv\u00edvio com a fam\u00edlia com muitas tias professoras que a educa\u00e7\u00e3o deu os primeiros acenos [&hellip;]<\/p>\n","protected":false},"author":1,"featured_media":4936,"comment_status":"open","ping_status":"open","sticky":false,"template":"","format":"standard","meta":{"site-sidebar-layout":"default","site-content-layout":"","ast-site-content-layout":"default","site-content-style":"default","site-sidebar-style":"default","ast-global-header-display":"","ast-banner-title-visibility":"","ast-main-header-display":"","ast-hfb-above-header-display":"","ast-hfb-below-header-display":"","ast-hfb-mobile-header-display":"","site-post-title":"","ast-breadcrumbs-content":"","ast-featured-img":"","footer-sml-layout":"","ast-disable-related-posts":"","theme-transparent-header-meta":"","adv-header-id-meta":"","stick-header-meta":"","header-above-stick-meta":"","header-main-stick-meta":"","header-below-stick-meta":"","astra-migrate-meta-layouts":"default","ast-page-background-enabled":"default","ast-page-background-meta":{"desktop":{"background-color":"var(--ast-global-color-5)","background-image":"","background-repeat":"repeat","background-position":"center center","background-size":"auto","background-attachment":"scroll","background-type":"","background-media":"","overlay-type":"","overlay-color":"","overlay-opacity":"","overlay-gradient":""},"tablet":{"background-color":"","background-image":"","background-repeat":"repeat","background-position":"center center","background-size":"auto","background-attachment":"scroll","background-type":"","background-media":"","overlay-type":"","overlay-color":"","overlay-opacity":"","overlay-gradient":""},"mobile":{"background-color":"","background-image":"","background-repeat":"repeat","background-position":"center center","background-size":"auto","background-attachment":"scroll","background-type":"","background-media":"","overlay-type":"","overlay-color":"","overlay-opacity":"","overlay-gradient":""}},"ast-content-background-meta":{"desktop":{"background-color":"var(--ast-global-color-4)","background-image":"","background-repeat":"repeat","background-position":"center center","background-size":"auto","background-attachment":"scroll","background-type":"","background-media":"","overlay-type":"","overlay-color":"","overlay-opacity":"","overlay-gradient":""},"tablet":{"background-color":"var(--ast-global-color-4)","background-image":"","background-repeat":"repeat","background-position":"center center","background-size":"auto","background-attachment":"scroll","background-type":"","background-media":"","overlay-type":"","overlay-color":"","overlay-opacity":"","overlay-gradient":""},"mobile":{"background-color":"var(--ast-global-color-4)","background-image":"","background-repeat":"repeat","background-position":"center center","background-size":"auto","background-attachment":"scroll","background-type":"","background-media":"","overlay-type":"","overlay-color":"","overlay-opacity":"","overlay-gradient":""}},"footnotes":""},"categories":[8],"tags":[],"class_list":["post-5248","post","type-post","status-publish","format-standard","has-post-thumbnail","hentry","category-blog"],"_links":{"self":[{"href":"https:\/\/www.redeinspiraeducadores.com.br\/en\/wp-json\/wp\/v2\/posts\/5248","targetHints":{"allow":["GET"]}}],"collection":[{"href":"https:\/\/www.redeinspiraeducadores.com.br\/en\/wp-json\/wp\/v2\/posts"}],"about":[{"href":"https:\/\/www.redeinspiraeducadores.com.br\/en\/wp-json\/wp\/v2\/types\/post"}],"author":[{"embeddable":true,"href":"https:\/\/www.redeinspiraeducadores.com.br\/en\/wp-json\/wp\/v2\/users\/1"}],"replies":[{"embeddable":true,"href":"https:\/\/www.redeinspiraeducadores.com.br\/en\/wp-json\/wp\/v2\/comments?post=5248"}],"version-history":[{"count":0,"href":"https:\/\/www.redeinspiraeducadores.com.br\/en\/wp-json\/wp\/v2\/posts\/5248\/revisions"}],"wp:featuredmedia":[{"embeddable":true,"href":"https:\/\/www.redeinspiraeducadores.com.br\/en\/wp-json\/wp\/v2\/media\/4936"}],"wp:attachment":[{"href":"https:\/\/www.redeinspiraeducadores.com.br\/en\/wp-json\/wp\/v2\/media?parent=5248"}],"wp:term":[{"taxonomy":"category","embeddable":true,"href":"https:\/\/www.redeinspiraeducadores.com.br\/en\/wp-json\/wp\/v2\/categories?post=5248"},{"taxonomy":"post_tag","embeddable":true,"href":"https:\/\/www.redeinspiraeducadores.com.br\/en\/wp-json\/wp\/v2\/tags?post=5248"}],"curies":[{"name":"wp","href":"https:\/\/api.w.org\/{rel}","templated":true}]}}