{"id":4889,"date":"2022-03-16T14:44:40","date_gmt":"2022-03-16T14:44:40","guid":{"rendered":"https:\/\/www.redeinspiraeducadores.com.br\/?p=4889"},"modified":"2022-03-16T14:44:40","modified_gmt":"2022-03-16T14:44:40","slug":"novo-ensino-medio-2022","status":"publish","type":"post","link":"https:\/\/www.redeinspiraeducadores.com.br\/en\/novo-ensino-medio-2022\/","title":{"rendered":"Novo Ensino M\u00e9dio: confira as principais mudan\u00e7as!"},"content":{"rendered":"<p><strong>Novo Ensino M\u00e9dio 2022: confira as principais mudan\u00e7as!<\/strong><\/p>\n<p>A gera\u00e7\u00e3o atual de jovens, que j\u00e1 nasceu em plena <a href=\"https:\/\/www.redeinspiraeducadores.com.br\/en\/investimento-em-tecnologia\/\" target=\"_blank\" rel=\"noopener\">era digital<\/a>, busca mais do que aprender os conte\u00fados de cada disciplina, pois deseja que o processo de aprendizagem se conecte com as suas caracter\u00edsticas e com as suas metas de vida. \u00c9 justamente isso, inclusive, que o Novo Ensino M\u00e9dio visa proporcionar, uma vez que coloca o aluno como o protagonista do seu pr\u00f3prio aprendizado.<\/p>\n<p>Com o prazo final para ser implementado em 2022, o Novo Ensino M\u00e9dio exige uma adequa\u00e7\u00e3o por parte das institui\u00e7\u00f5es de ensino e dos profissionais da educa\u00e7\u00e3o, a fim de colocar em pr\u00e1tica as mudan\u00e7as propostas. Quer saber mais sobre o assunto? Neste post, vamos mostrar como funciona a nova estrutura do segmento e como coloc\u00e1-la em a\u00e7\u00e3o. Confira!<\/p>\n<h2>O que \u00e9 o Novo Ensino M\u00e9dio?<\/h2>\n<p>O Novo Ensino M\u00e9dio, aprovado pelo ex-presidente do Brasil, Michel Temer, a partir da <a href=\"http:\/\/www.planalto.gov.br\/ccivil_03\/_ato2015-2018\/2017\/lei\/l13415.htm\" target=\"_blank\" rel=\"noopener\">Lei n\u00b0 13.415\/2017<\/a>, que alterou a <a href=\"http:\/\/www.planalto.gov.br\/ccivil_03\/leis\/l9394.htm\" target=\"_blank\" rel=\"noopener\">Lei de Diretrizes e Bases da Educa\u00e7\u00e3o Nacional (LDB)<\/a>, pode ser definido como um modelo de aprendizagem que ser\u00e1 dividido por \u00e1reas de conhecimento e que se diferencia do modelo antigo pelo fato de permitir que o estudante tenha mais autonomia e poder de escolha quanto aos conte\u00fados em que deseja se aprofundar, al\u00e9m de ser poss\u00edvel cursar uma forma\u00e7\u00e3o profissionalizante junto ao segmento de ensino.<\/p>\n<p>O objetivo da proposta \u00e9 fazer com que o aluno seja protagonista do seu processo de aprendizagem, como dito, al\u00e9m de prepar\u00e1-lo para enfrentar o mercado de trabalho e dar continuidade aos seus estudos ap\u00f3s a conclus\u00e3o do Ensino M\u00e9dio. As mudan\u00e7as devem entrar em vigor em 2022 para os estudantes do 1\u00ba ano e devem se estender para todas as turmas at\u00e9 2024.<\/p>\n<h2>O que mudou no Novo Ensino M\u00e9dio?<\/h2>\n<p>As mudan\u00e7as do Novo Ensino M\u00e9dio v\u00e3o da forma como as disciplinas ser\u00e3o lecionadas \u00e0 amplia\u00e7\u00e3o da carga hor\u00e1ria. O entendimento da nova proposta permite que a escola se adapte melhor, al\u00e9m de identificar as estrat\u00e9gias mais certeiras para <a href=\"https:\/\/www.redeinspiraeducadores.com.br\/en\/como-engajar-alunos\/\" target=\"_blank\" rel=\"noopener\">engajar os estudantes<\/a> ao modelo de aprendizagem. Veja, a seguir, quais s\u00e3o as principais altera\u00e7\u00f5es a serem implementadas.<\/p>\n<h3>Divis\u00e3o das disciplinas por \u00e1reas de conhecimento<\/h3>\n<p>A partir de 2022, os 13 componentes do antigo Ensino M\u00e9dio ser\u00e3o agrupados em quatro itiner\u00e1rios formativos, ou seja, em \u00e1reas de conhecimento, as quais os alunos poder\u00e3o escolher estudar de acordo com os seus interesses.<\/p>\n<p>As \u00e1reas de conhecimento incluem Matem\u00e1tica e suas Tecnologias, Linguagem e suas Tecnologias, Ci\u00eancias Sociais e Aplicadas e Ci\u00eancias da Natureza e suas Tecnologias. Vale ressaltar que as disciplinas de Matem\u00e1tica, de L\u00edngua Portuguesa e de Ingl\u00eas s\u00e3o obrigat\u00f3rias no decorrer dos tr\u00eas anos do segmento escolar.<\/p>\n<h3>Amplia\u00e7\u00e3o da carga hor\u00e1ria<\/h3>\n<p>De acordo com a nova proposta, a carga hor\u00e1ria do Ensino M\u00e9dio passa de 800 horas para 1 mil horas por ano. Desse modo, os alunos ter\u00e3o que cumprir um total de tr\u00eas mil horas ao conclu\u00edrem os tr\u00eas anos estudados, de modo que 1.800 horas ser\u00e3o voltadas para a Forma\u00e7\u00e3o Geral B\u00e1sica e 1.200 horas contemplar\u00e3o os itiner\u00e1rios formativos.<\/p>\n<h3>Forma\u00e7\u00e3o t\u00e9cnica e profissional<\/h3>\n<p>Os estudantes poder\u00e3o optar por uma forma\u00e7\u00e3o t\u00e9cnica e profissional, que ser\u00e1 cursada na pr\u00f3pria escola ou em uma institui\u00e7\u00e3o parceira, sem deixar de cursar o curr\u00edculo regular. Ao concluir os estudos, o aluno receber\u00e1 um diploma do Ensino M\u00e9dio e outro do curso profissionalizante, o que facilitar\u00e1 a sua entrada no mercado de trabalho.<\/p>\n<h3>Protagonismo do aluno<\/h3>\n<p>Com o intuito de proporcionar mais autonomia aos estudantes, o Novo Ensino M\u00e9dio permite que eles escolham quais itiner\u00e1rios formativos desejam estudar no decorrer da sua forma\u00e7\u00e3o, levando em conta a sua afinidade e os seus interesses em rela\u00e7\u00e3o aos conte\u00fados. Contudo, esse processo de escolha ser\u00e1 feito com o aux\u00edlio dos educadores e dos orientadores da institui\u00e7\u00e3o.<\/p>\n<p>Para tanto, a escola deve fazer o planejamento das aulas de acordo com os seguintes pilares:<\/p>\n<ul>\n<li>promover a Investiga\u00e7\u00e3o Cient\u00edfica;<\/li>\n<li>estimular Processos Criativos;<\/li>\n<li>realizar a Media\u00e7\u00e3o e a Interven\u00e7\u00e3o Sociocultural;<\/li>\n<li>incentivar o Empreendedorismo.<\/li>\n<\/ul>\n<p>Na pr\u00e1tica, poder\u00e1 haver a separa\u00e7\u00e3o por \u00e1reas de conhecimento. Desse modo, elas poder\u00e3o ser inclu\u00eddas nos itiner\u00e1rios formativos ou ainda direcionadas para a forma\u00e7\u00e3o profissionalizante.<\/p>\n<h3>Din\u00e2mica escolar<\/h3>\n<p>A transi\u00e7\u00e3o para a <a href=\"https:\/\/www.redeinspiraeducadores.com.br\/en\/ensino-hibrido-na-educacao-infantil\/\" target=\"_blank\" rel=\"noopener\">nova abordagem de ensino<\/a> requer que a escola conte com professores que apresentem um perfil considerado mais colaborativo e engajador e que estejam dispostos a inovar e a oferecer uma educa\u00e7\u00e3o mais atrativa. Os estudantes tamb\u00e9m devem ser ouvidos para a constru\u00e7\u00e3o de um ensino mais participativo, logo, \u00e9 preciso que a institui\u00e7\u00e3o aprenda a dialogar mais com os <a href=\"https:\/\/www.redeinspiraeducadores.com.br\/en\/como-reduzir-a-ansiedade\/\" target=\"_blank\" rel=\"noopener\">jovens<\/a>.<\/p>\n<h2>Como se adaptar ao Novo Ensino M\u00e9dio?<\/h2>\n<p>As mudan\u00e7as do Novo Ensino M\u00e9dio requerem que a escola reveja e reorganize a sua infraestrutura e o seu planejamento. Nesse processo, os <a href=\"https:\/\/www.redeinspiraeducadores.com.br\/en\/perfil-do-gestor-escolar-4-principais-competencias-para-desenvolver\/\" target=\"_blank\" rel=\"noopener\">diretores<\/a> podem se deparar com uma s\u00e9rie de d\u00favidas que, se n\u00e3o forem esclarecidas, podem gerar falhas na aprendizagem dos alunos. Saiba, a seguir, como se adaptar ao novo modelo de ensino.<\/p>\n<h3>Entenda os objetivos da proposta<\/h3>\n<p>Antes de qualquer coisa, \u00e9 preciso entender o porqu\u00ea da mudan\u00e7a. Portanto, tenha em mente que o Novo Ensino M\u00e9dio busca adaptar o ensino \u00e0s necessidades identificadas na forma\u00e7\u00e3o integral contempor\u00e2nea, al\u00e9m de atender \u00e0s <a href=\"https:\/\/www.redeinspiraeducadores.com.br\/en\/educacao-socioemocional\/\" target=\"_blank\" rel=\"noopener\">compet\u00eancias sociais<\/a> e profissionais exigidas no s\u00e9culo XXI.<\/p>\n<p>O modelo prev\u00ea o protagonismo dos alunos, fornecendo mais autonomia para que eles conduzam o seu processo de aprendizagem. A carga hor\u00e1ria tamb\u00e9m permite que os jovens possam se aprofundar nos conte\u00fados com os quais t\u00eam mais afinidade e, assim, tenham mais facilidade para optar por uma \u00e1rea profissional na qual atuar.<\/p>\n<h3>Converse com a comunidade escolar<\/h3>\n<p>Antes de reelaborar os curr\u00edculos, \u00e9 aconselh\u00e1vel que as escolas conversem e escutem os jovens, os seus respons\u00e1veis e os professores. A partir da\u00ed, \u00e9 necess\u00e1rio estudar as possibilidades dos itiner\u00e1rios formativos e adapt\u00e1-los de acordo com as demandas da comunidade escolar, o que assegura uma melhor aceita\u00e7\u00e3o da proposta.<\/p>\n<h3>Reelabore o curr\u00edculo<\/h3>\n<p>Ap\u00f3s definir como os itiner\u00e1rios formativos v\u00e3o ser aplicados, \u00e9 o momento de reelaborar o curr\u00edculo do Ensino M\u00e9dio, que deve seguir as diretrizes determinadas pela Base Nacional Comum Curricular (BNCC). Nesta etapa, \u00e9 criado um cronograma de implementa\u00e7\u00e3o, bem como as defini\u00e7\u00f5es das equipes da institui\u00e7\u00e3o que v\u00e3o participar da execu\u00e7\u00e3o do processo.<\/p>\n<h3>Coloque a nova arquitetura do Ensino M\u00e9dio em pr\u00e1tica<\/h3>\n<p>Com o curr\u00edculo constru\u00eddo, a escola deve implementar o novo modelo de aprendizagem na pr\u00e1tica. Para isso, \u00e9 indicado executar o seu planejamento de forma progressiva, de prefer\u00eancia, testando projetos-piloto que ajudam a identificar quais s\u00e3o os curr\u00edculos que oferecem melhores resultados quanto \u00e0 realidade da escola.<\/p>\n<p>O Novo Ensino M\u00e9dio 2022, como visto, vem com o intuito de favorecer o desenvolvimento pessoal, do cidad\u00e3o e da carreira dos alunos. Partindo desse princ\u00edpio, \u00e9 fundamental que as escolas trabalhem de maneira ativa, orientando os discentes para que fa\u00e7am as melhores escolhas em rela\u00e7\u00e3o \u00e0s \u00e1reas de conhecimento e possam construir um futuro acad\u00eamico e profissional bem-sucedido.<\/p>\n<p>Quer facilitar a sua transi\u00e7\u00e3o para o Novo Ensino M\u00e9dio? Entre em contato com a <a href=\"https:\/\/www.redeinspiraeducadores.com.br\/en\/fale-conosco\/\" target=\"_blank\" rel=\"noopener\">Inspira Rede de Educadores<\/a> e entenda como uma parceria pode ajudar a sua escola!<\/p>","protected":false},"excerpt":{"rendered":"<p>Novo Ensino M\u00e9dio 2022: confira as principais mudan\u00e7as! A gera\u00e7\u00e3o atual de jovens, que j\u00e1 nasceu em plena era digital, [&hellip;]<\/p>\n","protected":false},"author":1,"featured_media":4890,"comment_status":"open","ping_status":"open","sticky":false,"template":"","format":"standard","meta":{"site-sidebar-layout":"default","site-content-layout":"","ast-site-content-layout":"default","site-content-style":"default","site-sidebar-style":"default","ast-global-header-display":"","ast-banner-title-visibility":"","ast-main-header-display":"","ast-hfb-above-header-display":"","ast-hfb-below-header-display":"","ast-hfb-mobile-header-display":"","site-post-title":"","ast-breadcrumbs-content":"","ast-featured-img":"","footer-sml-layout":"","ast-disable-related-posts":"","theme-transparent-header-meta":"","adv-header-id-meta":"","stick-header-meta":"","header-above-stick-meta":"","header-main-stick-meta":"","header-below-stick-meta":"","astra-migrate-meta-layouts":"default","ast-page-background-enabled":"default","ast-page-background-meta":{"desktop":{"background-color":"var(--ast-global-color-5)","background-image":"","background-repeat":"repeat","background-position":"center center","background-size":"auto","background-attachment":"scroll","background-type":"","background-media":"","overlay-type":"","overlay-color":"","overlay-opacity":"","overlay-gradient":""},"tablet":{"background-color":"","background-image":"","background-repeat":"repeat","background-position":"center center","background-size":"auto","background-attachment":"scroll","background-type":"","background-media":"","overlay-type":"","overlay-color":"","overlay-opacity":"","overlay-gradient":""},"mobile":{"background-color":"","background-image":"","background-repeat":"repeat","background-position":"center center","background-size":"auto","background-attachment":"scroll","background-type":"","background-media":"","overlay-type":"","overlay-color":"","overlay-opacity":"","overlay-gradient":""}},"ast-content-background-meta":{"desktop":{"background-color":"var(--ast-global-color-4)","background-image":"","background-repeat":"repeat","background-position":"center center","background-size":"auto","background-attachment":"scroll","background-type":"","background-media":"","overlay-type":"","overlay-color":"","overlay-opacity":"","overlay-gradient":""},"tablet":{"background-color":"var(--ast-global-color-4)","background-image":"","background-repeat":"repeat","background-position":"center center","background-size":"auto","background-attachment":"scroll","background-type":"","background-media":"","overlay-type":"","overlay-color":"","overlay-opacity":"","overlay-gradient":""},"mobile":{"background-color":"var(--ast-global-color-4)","background-image":"","background-repeat":"repeat","background-position":"center center","background-size":"auto","background-attachment":"scroll","background-type":"","background-media":"","overlay-type":"","overlay-color":"","overlay-opacity":"","overlay-gradient":""}},"footnotes":""},"categories":[8,11],"tags":[],"class_list":["post-4889","post","type-post","status-publish","format-standard","has-post-thumbnail","hentry","category-blog","category-segmentos-educacionais"],"_links":{"self":[{"href":"https:\/\/www.redeinspiraeducadores.com.br\/en\/wp-json\/wp\/v2\/posts\/4889","targetHints":{"allow":["GET"]}}],"collection":[{"href":"https:\/\/www.redeinspiraeducadores.com.br\/en\/wp-json\/wp\/v2\/posts"}],"about":[{"href":"https:\/\/www.redeinspiraeducadores.com.br\/en\/wp-json\/wp\/v2\/types\/post"}],"author":[{"embeddable":true,"href":"https:\/\/www.redeinspiraeducadores.com.br\/en\/wp-json\/wp\/v2\/users\/1"}],"replies":[{"embeddable":true,"href":"https:\/\/www.redeinspiraeducadores.com.br\/en\/wp-json\/wp\/v2\/comments?post=4889"}],"version-history":[{"count":0,"href":"https:\/\/www.redeinspiraeducadores.com.br\/en\/wp-json\/wp\/v2\/posts\/4889\/revisions"}],"wp:featuredmedia":[{"embeddable":true,"href":"https:\/\/www.redeinspiraeducadores.com.br\/en\/wp-json\/wp\/v2\/media\/4890"}],"wp:attachment":[{"href":"https:\/\/www.redeinspiraeducadores.com.br\/en\/wp-json\/wp\/v2\/media?parent=4889"}],"wp:term":[{"taxonomy":"category","embeddable":true,"href":"https:\/\/www.redeinspiraeducadores.com.br\/en\/wp-json\/wp\/v2\/categories?post=4889"},{"taxonomy":"post_tag","embeddable":true,"href":"https:\/\/www.redeinspiraeducadores.com.br\/en\/wp-json\/wp\/v2\/tags?post=4889"}],"curies":[{"name":"wp","href":"https:\/\/api.w.org\/{rel}","templated":true}]}}