{"id":4867,"date":"2022-02-18T15:04:13","date_gmt":"2022-02-18T15:04:13","guid":{"rendered":"https:\/\/www.redeinspiraeducadores.com.br\/?p=4867"},"modified":"2022-02-18T15:04:13","modified_gmt":"2022-02-18T15:04:13","slug":"volta-as-aulas-presencial","status":"publish","type":"post","link":"https:\/\/www.redeinspiraeducadores.com.br\/en\/volta-as-aulas-presencial\/","title":{"rendered":"Como preparar a escola para a volta \u00e0s aulas presencial?"},"content":{"rendered":"<p>Neste artigo, falaremos sobre a import\u00e2ncia de se preparar para a volta \u00e0s aulas presencial, visto que \u00e9 necess\u00e1rio tomar algumas medidas de preven\u00e7\u00e3o n\u00e3o somente com rela\u00e7\u00e3o ao <em>Coronav\u00edrus<\/em>, mas tamb\u00e9m com a <a href=\"https:\/\/www.redeinspiraeducadores.com.br\/en\/escolas-trabalham-aspectos-socioemocionais-antes-de-retomar-ano-letivo\/\" target=\"_blank\" rel=\"noopener\">sa\u00fade emocional<\/a> dos alunos, j\u00e1 que passaram um longo tempo distantes da <a href=\"https:\/\/www.redeinspiraeducadores.com.br\/en\/educacao-socioemocional\/\" target=\"_blank\" rel=\"noopener\">escola<\/a> e dos colegas estudando online.<\/p>\n<p>Acompanhe a leitura a seguir e entenda porque \u00e9 necess\u00e1rio se preparar adequadamente para o retorno do ensino presencial!<\/p>\n<h2>Por que \u00e9 importante se preparar para a volta \u00e0s aulas presencial?<\/h2>\n<p>Em muitos lares, o in\u00edcio de um novo ano letivo \u00e9 um misto de emo\u00e7\u00e3o e expectativa. Os estudantes querem se reunir entre si e os respons\u00e1veis se preparam para novos hor\u00e1rios e rotinas.<\/p>\n<p>Ao come\u00e7ar um ano letivo \u00e9 sempre importante fazer um planejamento, identificando quais s\u00e3o os objetivos e quais ser\u00e3o as a\u00e7\u00f5es adotadas para atingi-los. Por se tratar de um per\u00edodo de retorno ap\u00f3s um longo distanciamento e aulas remotas, \u00e9 necess\u00e1rio ter ainda mais cautela, j\u00e1 que as institui\u00e7\u00f5es de ensino e educadores ter\u00e3o que administrar uma nova maneira de organizar funcion\u00e1rios, espa\u00e7os, atividades e estudantes.<\/p>\n<p>Quando uma escola se prepara corretamente consegue encontrar solu\u00e7\u00f5es r\u00e1pidas para problemas que podem surgir no decorrer do ano. O planejamento tamb\u00e9m ajuda a:<\/p>\n<ul>\n<li>evitar problemas;<\/li>\n<li>cumprir todas as regras;<\/li>\n<li>manter a seguran\u00e7a de todos.<\/li>\n<\/ul>\n<h2>Como preparar a escola para a volta \u00e0s aulas presencial?<\/h2>\n<p>Apesar de estarmos na era de um grande avan\u00e7o tecnol\u00f3gico, onde as informa\u00e7\u00f5es chegam e mudam rapidamente, \u00e9 necess\u00e1rio fazer um planejamento de a\u00e7\u00f5es em conjunto com todos os representantes da comunidade escolar. Pensando em te ajudar, listamos a seguir algumas das melhores pr\u00e1ticas para isso, veja!<\/p>\n<h3>Desenvolva um cronograma<\/h3>\n<p>O cronograma \u00e9 uma das ferramentas mais importantes para uma escola, j\u00e1 que reflete a sua vis\u00e3o e um plano para aloca\u00e7\u00e3o de recursos. No ambiente de sala de aula personalizado de hoje, o desenvolvimento de um cronograma ideal tamb\u00e9m exige que as decis\u00f5es sejam orientadas pela necessidade individual de cada aluno como uma forma de preservar o seu estado emocional.<\/p>\n<h3>Fa\u00e7a uma avalia\u00e7\u00e3o diagn\u00f3stica<\/h3>\n<p>Tanto no ensino presencial como no remoto, os alunos t\u00eam desempenhos diferentes no aprendizado, sendo que alguns aprendem mais r\u00e1pido que outros. Por isso, \u00e9 fundamental que seja realizada uma avalia\u00e7\u00e3o na volta \u00e0s aulas para entender o n\u00edvel de aprendizado que os estudantes alcan\u00e7aram durante o ano anterior, que seguiu o modelo h\u00edbrido, e para que recebam o suporte necess\u00e1rio.<\/p>\n<h3>Crie um plano de recupera\u00e7\u00e3o<\/h3>\n<p>\u00c9 essencial elaborar um plano com base no resultado obtido na avalia\u00e7\u00e3o diagn\u00f3stica para que os estudantes recuperem o aprendizado e se adequem ao per\u00edodo escolar em que se encontram. Para isso, \u00e9 necess\u00e1rio estabelecer a\u00e7\u00f5es como separar um per\u00edodo e um local na pr\u00f3pria escola para aplicar o projeto de recupera\u00e7\u00e3o.<\/p>\n<h3>Providencie o plano de comunica\u00e7\u00e3o<\/h3>\n<p>Ap\u00f3s concluir todas as etapas, n\u00e3o pode faltar o planejamento para comunicar os respons\u00e1veis, alunos, professores e colaboradores sobre as programa\u00e7\u00f5es e a\u00e7\u00f5es que ser\u00e3o desenvolvidas. A comunica\u00e7\u00e3o deve ser feita, principalmente, por aplicativo de comunica\u00e7\u00e3o, mas a mensagem pode ser refor\u00e7ada pelas redes sociais e materiais impressos expostos na escola.<\/p>\n<h2>Quais medidas de seguran\u00e7a devem ser tomadas na volta \u00e0s aulas?<\/h2>\n<p>O retorno \u00e0 escola assumiu um novo significado e um conjunto de preocupa\u00e7\u00f5es para os respons\u00e1veis durante a pandemia da COVID-19. As institui\u00e7\u00f5es de ensino devem agora equilibrar as necessidades educacionais, sociais e emocionais dos estudantes, com a sa\u00fade e a seguran\u00e7a de toda a comunidade escolar. Entre as principais medidas que devem ser adotadas, podemos citar as seguintes.<\/p>\n<h3>Distanciamento f\u00edsico<\/h3>\n<p>Quando se trata de distanciamento f\u00edsico, pode ser \u00fatil determinar algumas regras b\u00e1sicas em sala de aula, de acordo com os protocolos estabelecidos pelo Minist\u00e9rio da Sa\u00fade de seu respectivo estado e\/ou \u00f3rg\u00e3os e autoridades locais.<\/p>\n<p>Para estimular os alunos a seguirem as regras, \u00e9 recomend\u00e1vel desenvolver uma lista falando dos benef\u00edcios e desvantagens delas. Crie uma lista em conjunto sobre como as mesas devem ser arrumadas; como os estudantes se cumprimentar\u00e3o e quais s\u00e3o as medidas de espa\u00e7amento f\u00edsico no per\u00edodo de intervalos.<\/p>\n<h3>Higieniza\u00e7\u00e3o das m\u00e3os<\/h3>\n<p>A escola tem a fun\u00e7\u00e3o de fazer com que os estudantes entendam as precau\u00e7\u00f5es que devem ser tomadas para proteger a si mesmos e aos outros do v\u00edrus, e \u00e9 fundamental que o exemplo comece na sala de aula.<\/p>\n<p>Segundo levantamento feito pela <a href=\"https:\/\/www.unicef.org\/brazil\/historias\/tudo-o-que-voce-precisa-saber-sobre-como-lavar-maos-para-se-proteger-contra-o-coronavirus\" target=\"_blank\" rel=\"noopener\">Unicef<\/a>, a lavagem adequada das m\u00e3os \u00e9 uma das maneiras mais eficazes, simples e econ\u00f4micas de evitar a dissemina\u00e7\u00e3o de germes e manter a sa\u00fade. Por isso, incentive os alunos a adotarem a pr\u00e1tica de lavar as m\u00e3os regularmente com \u00e1gua e sab\u00e3o e em momentos espec\u00edficos, como ao entrar e sair do ambiente de estudos, tocar em materiais pedag\u00f3gicos, superf\u00edcies e livros.<\/p>\n<h3>M\u00e1scara nas escolas<\/h3>\n<p>Assegure que os alunos saibam quando devem colocar m\u00e1scaras e sobre demais pol\u00edticas escolares relacionadas, como jogar fora as m\u00e1scaras usadas com seguran\u00e7a para eliminar a possibilidade de contamina\u00e7\u00e3o em salas de aula, quadra poliesportiva e p\u00e1tios.<\/p>\n<h3>Desinfec\u00e7\u00e3o e limpeza<\/h3>\n<p>\u00c9 muito importante fazer a limpeza e desinfec\u00e7\u00e3o di\u00e1ria de objetos e superf\u00edcies tocados com frequ\u00eancia, como bancadas, mesas, teclados de computador, ma\u00e7anetas, itens de aprendizado pr\u00e1tico, torneiras, brinquedos e telefones. \u00c9 preciso manter superf\u00edcies e objetos limpos e se estiverem sujos com fluidos corporais, \u00e9 importante usar luvas para evitar o contato.<\/p>\n<p>N\u00e3o podemos deixar de enfatizar a import\u00e2ncia de desenvolver o trabalho de autoconhecimento e tomada de decis\u00f5es ao preparar a escola para a volta \u00e0s aulas presencial. Os alunos devem encontrar espa\u00e7os seguros na escola para questionar, entender e aprender a lidar com suas expectativas e emo\u00e7\u00f5es neste e em outros momentos da vida escolar.<\/p>\n<p>O conte\u00fado foi informativo para voc\u00ea? Para saber mais sobre esse ou outro assunto relacionado, curta a nossa p\u00e1gina no<a href=\"https:\/\/www.facebook.com\/inspiraeducadores\" target=\"_blank\" rel=\"noopener\"> Facebook<\/a>!<\/p>","protected":false},"excerpt":{"rendered":"<p>Neste artigo, falaremos sobre a import\u00e2ncia de se preparar para a volta \u00e0s aulas presencial, visto que \u00e9 necess\u00e1rio tomar [&hellip;]<\/p>\n","protected":false},"author":1,"featured_media":4868,"comment_status":"open","ping_status":"open","sticky":false,"template":"","format":"standard","meta":{"site-sidebar-layout":"default","site-content-layout":"","ast-site-content-layout":"default","site-content-style":"default","site-sidebar-style":"default","ast-global-header-display":"","ast-banner-title-visibility":"","ast-main-header-display":"","ast-hfb-above-header-display":"","ast-hfb-below-header-display":"","ast-hfb-mobile-header-display":"","site-post-title":"","ast-breadcrumbs-content":"","ast-featured-img":"","footer-sml-layout":"","ast-disable-related-posts":"","theme-transparent-header-meta":"","adv-header-id-meta":"","stick-header-meta":"","header-above-stick-meta":"","header-main-stick-meta":"","header-below-stick-meta":"","astra-migrate-meta-layouts":"default","ast-page-background-enabled":"default","ast-page-background-meta":{"desktop":{"background-color":"var(--ast-global-color-5)","background-image":"","background-repeat":"repeat","background-position":"center center","background-size":"auto","background-attachment":"scroll","background-type":"","background-media":"","overlay-type":"","overlay-color":"","overlay-opacity":"","overlay-gradient":""},"tablet":{"background-color":"","background-image":"","background-repeat":"repeat","background-position":"center center","background-size":"auto","background-attachment":"scroll","background-type":"","background-media":"","overlay-type":"","overlay-color":"","overlay-opacity":"","overlay-gradient":""},"mobile":{"background-color":"","background-image":"","background-repeat":"repeat","background-position":"center center","background-size":"auto","background-attachment":"scroll","background-type":"","background-media":"","overlay-type":"","overlay-color":"","overlay-opacity":"","overlay-gradient":""}},"ast-content-background-meta":{"desktop":{"background-color":"var(--ast-global-color-4)","background-image":"","background-repeat":"repeat","background-position":"center center","background-size":"auto","background-attachment":"scroll","background-type":"","background-media":"","overlay-type":"","overlay-color":"","overlay-opacity":"","overlay-gradient":""},"tablet":{"background-color":"var(--ast-global-color-4)","background-image":"","background-repeat":"repeat","background-position":"center center","background-size":"auto","background-attachment":"scroll","background-type":"","background-media":"","overlay-type":"","overlay-color":"","overlay-opacity":"","overlay-gradient":""},"mobile":{"background-color":"var(--ast-global-color-4)","background-image":"","background-repeat":"repeat","background-position":"center center","background-size":"auto","background-attachment":"scroll","background-type":"","background-media":"","overlay-type":"","overlay-color":"","overlay-opacity":"","overlay-gradient":""}},"footnotes":""},"categories":[8,9],"tags":[],"class_list":["post-4867","post","type-post","status-publish","format-standard","has-post-thumbnail","hentry","category-blog","category-gestao-escolar"],"_links":{"self":[{"href":"https:\/\/www.redeinspiraeducadores.com.br\/en\/wp-json\/wp\/v2\/posts\/4867","targetHints":{"allow":["GET"]}}],"collection":[{"href":"https:\/\/www.redeinspiraeducadores.com.br\/en\/wp-json\/wp\/v2\/posts"}],"about":[{"href":"https:\/\/www.redeinspiraeducadores.com.br\/en\/wp-json\/wp\/v2\/types\/post"}],"author":[{"embeddable":true,"href":"https:\/\/www.redeinspiraeducadores.com.br\/en\/wp-json\/wp\/v2\/users\/1"}],"replies":[{"embeddable":true,"href":"https:\/\/www.redeinspiraeducadores.com.br\/en\/wp-json\/wp\/v2\/comments?post=4867"}],"version-history":[{"count":0,"href":"https:\/\/www.redeinspiraeducadores.com.br\/en\/wp-json\/wp\/v2\/posts\/4867\/revisions"}],"wp:featuredmedia":[{"embeddable":true,"href":"https:\/\/www.redeinspiraeducadores.com.br\/en\/wp-json\/wp\/v2\/media\/4868"}],"wp:attachment":[{"href":"https:\/\/www.redeinspiraeducadores.com.br\/en\/wp-json\/wp\/v2\/media?parent=4867"}],"wp:term":[{"taxonomy":"category","embeddable":true,"href":"https:\/\/www.redeinspiraeducadores.com.br\/en\/wp-json\/wp\/v2\/categories?post=4867"},{"taxonomy":"post_tag","embeddable":true,"href":"https:\/\/www.redeinspiraeducadores.com.br\/en\/wp-json\/wp\/v2\/tags?post=4867"}],"curies":[{"name":"wp","href":"https:\/\/api.w.org\/{rel}","templated":true}]}}