{"id":4733,"date":"2022-01-04T14:28:59","date_gmt":"2022-01-04T14:28:59","guid":{"rendered":"https:\/\/www.redeinspiraeducadores.com.br\/?p=4733"},"modified":"2022-01-04T14:28:59","modified_gmt":"2022-01-04T14:28:59","slug":"inspira-rede-de-educadores-anuncia-associacao-da-rede-leonardo-da-vinci","status":"publish","type":"post","link":"https:\/\/www.redeinspiraeducadores.com.br\/en\/inspira-rede-de-educadores-anuncia-associacao-da-rede-leonardo-da-vinci\/","title":{"rendered":"Inspira Rede de Educadores anuncia associa\u00e7\u00e3o da Rede Leonardo da Vinci e amplia sua atua\u00e7\u00e3o no mercado de S\u00e3o Paulo"},"content":{"rendered":"<p><em><strong>Com a parceria, a Rede passa a ter 13 unidades e cerca de 6 mil alunos no estado<\/strong><\/em><\/p>\n\n\n\n<p>A&nbsp;<a href=\"https:\/\/www.redeinspiraeducadores.com.br\/en\/https:\/www.redeinspiraeducadores.com.br\/\">Inspira Rede de Educadores<\/a>, uma das maiores operadoras de escolas do pa\u00eds,&nbsp;&nbsp;acaba de anunciar a associa\u00e7\u00e3o com o grupo paulista Anglo Leonardo Da Vinci, especializado no Ensino M\u00e9dio e em cursos pr\u00e9-vestibular e classificado entre as dez melhores escolas de S\u00e3o Paulo. Com a uni\u00e3o, seis novas escolas de educa\u00e7\u00e3o b\u00e1sica ser\u00e3o incorporadas \u00e0 Inspira na regi\u00e3o. Com o acordo, os fundadores do Grupo Fase, detentor das escolas Anglo Leonardo Da Vinci, passam a ser s\u00f3cios da Inspira.&nbsp;<\/p>\n\n\n\n<p>\u201cA Rede Anglo Leonardo da Vinci buscava um parceiro para investir em um projeto de expans\u00e3o que trouxesse um vi\u00e9s tecnol\u00f3gico e que mantivesse o legado pedag\u00f3gico de excel\u00eancia. Por outro lado, a parceria possibilitar\u00e1 \u00e0 Inspira ampliar sua atua\u00e7\u00e3o no mercado de S\u00e3o Paulo como refer\u00eancia em aprova\u00e7\u00e3o, inova\u00e7\u00e3o e excel\u00eancia. Estamos muito felizes e honrados por termos os fundadores do Anglo Leonardo da Vinci s\u00f3cios da Inspira&#8221;,&nbsp;afirma Andr\u00e9 Aguiar, CEO e fundador da Inspira Rede de Educadores. &nbsp;<\/p>\n\n\n\n<p>Com a chegada do Anglo Leonardo Da Vinci, que possui ticket m\u00e9dio de R$ 2.150, a Rede supera o faturamento anual de&nbsp;R$ 500&nbsp;milh\u00f5es.&nbsp;\u201cO \u00faltimo ano acelerou algumas transforma\u00e7\u00f5es no setor da educa\u00e7\u00e3o como a probabilidade de seguir estudando de qualquer lugar e da aproxima\u00e7\u00e3o com pessoas do mundo todo, de modo mais r\u00e1pido e quase real. Apostamos nesse novo modelo de ensino levando qualidade, agilidade e tecnologia e em 2022 esperamos seguir este mesmo ritmo de crescimento\u201d, comenta Aguiar.<\/p>\n\n\n\n<p><strong>Expans\u00e3o&nbsp;&nbsp;<\/strong><\/p>\n\n\n\n<p>A Inspira fechar\u00e1 o ano de 2021 com 84 escolas, 52.000 alunos e faturamento l\u00edquido acima de R$ 600 milh\u00f5es, considerando a entrada de novas escolas que ser\u00e3o anunciadas at\u00e9 o in\u00edcio de 2022. \u201cSeguimos firmes no nosso prop\u00f3sito de formar a maior rede de escolas e cursos de excel\u00eancia no pa\u00eds, perpetuando seus legados pedag\u00f3gicos e trazendo novos educadores como s\u00f3cios da Rede&#8221;, finaliza Aguiar.&nbsp;<\/p>\n\n\n\n<p><strong>Sobre o Anglo Leonardo Da Vinci<\/strong><\/p>\n\n\n\n<p>O Anglo Leonardo Da Vinci foi criado em 1976, quando os educadores Joaquim Augusto F\u00edgaro Roque, S\u00e9rgio Salvo Molina Gimeno e Wagner Rodrigues Valente, de forma bastante integrada, come\u00e7aram a desenvolver uma proposta pedag\u00f3gica diferenciada com o objetivo de melhorar oss resultados em aprova\u00e7\u00f5es nos vestibulares de boas universidades e desenvolver solu\u00e7\u00f5es para&nbsp;ultrapassar a etapa escolar com \u00eaxito.<\/p>\n\n\n\n<p>Ap\u00f3s debates, pesquisas e reflex\u00f5es, a equipe pedag\u00f3gica entendeu que o processo de aprendizado requer leitura, apontamentos, pesquisa e reelabora\u00e7\u00f5es. Dire\u00e7\u00e3o,&nbsp;coordenadores e orientadores encararam o desafio de aplicar esses elementos essenciais para revolucionar a metodologia de aprendizado. Atualmente re\u00fane seis escolas de educa\u00e7\u00e3o b\u00e1sica, do ensino fundamental I ao M\u00e9dio, localizadas nos bairros de Alphaville, Butant\u00e3, Granja Viana e classificadas entre as dez melhores de S\u00e3o Paulo.&nbsp;<\/p>","protected":false},"excerpt":{"rendered":"<p>Com a parceria, a Rede passa a ter 13 unidades e cerca de 6 mil alunos no estado A&nbsp;Inspira Rede [&hellip;]<\/p>\n","protected":false},"author":1,"featured_media":4684,"comment_status":"open","ping_status":"open","sticky":false,"template":"","format":"standard","meta":{"site-sidebar-layout":"default","site-content-layout":"","ast-site-content-layout":"default","site-content-style":"default","site-sidebar-style":"default","ast-global-header-display":"","ast-banner-title-visibility":"","ast-main-header-display":"","ast-hfb-above-header-display":"","ast-hfb-below-header-display":"","ast-hfb-mobile-header-display":"","site-post-title":"","ast-breadcrumbs-content":"","ast-featured-img":"","footer-sml-layout":"","ast-disable-related-posts":"","theme-transparent-header-meta":"","adv-header-id-meta":"","stick-header-meta":"","header-above-stick-meta":"","header-main-stick-meta":"","header-below-stick-meta":"","astra-migrate-meta-layouts":"default","ast-page-background-enabled":"default","ast-page-background-meta":{"desktop":{"background-color":"var(--ast-global-color-5)","background-image":"","background-repeat":"repeat","background-position":"center center","background-size":"auto","background-attachment":"scroll","background-type":"","background-media":"","overlay-type":"","overlay-color":"","overlay-opacity":"","overlay-gradient":""},"tablet":{"background-color":"","background-image":"","background-repeat":"repeat","background-position":"center center","background-size":"auto","background-attachment":"scroll","background-type":"","background-media":"","overlay-type":"","overlay-color":"","overlay-opacity":"","overlay-gradient":""},"mobile":{"background-color":"","background-image":"","background-repeat":"repeat","background-position":"center center","background-size":"auto","background-attachment":"scroll","background-type":"","background-media":"","overlay-type":"","overlay-color":"","overlay-opacity":"","overlay-gradient":""}},"ast-content-background-meta":{"desktop":{"background-color":"var(--ast-global-color-4)","background-image":"","background-repeat":"repeat","background-position":"center center","background-size":"auto","background-attachment":"scroll","background-type":"","background-media":"","overlay-type":"","overlay-color":"","overlay-opacity":"","overlay-gradient":""},"tablet":{"background-color":"var(--ast-global-color-4)","background-image":"","background-repeat":"repeat","background-position":"center center","background-size":"auto","background-attachment":"scroll","background-type":"","background-media":"","overlay-type":"","overlay-color":"","overlay-opacity":"","overlay-gradient":""},"mobile":{"background-color":"var(--ast-global-color-4)","background-image":"","background-repeat":"repeat","background-position":"center center","background-size":"auto","background-attachment":"scroll","background-type":"","background-media":"","overlay-type":"","overlay-color":"","overlay-opacity":"","overlay-gradient":""}},"footnotes":""},"categories":[12],"tags":[],"class_list":["post-4733","post","type-post","status-publish","format-standard","has-post-thumbnail","hentry","category-noticias"],"_links":{"self":[{"href":"https:\/\/www.redeinspiraeducadores.com.br\/en\/wp-json\/wp\/v2\/posts\/4733","targetHints":{"allow":["GET"]}}],"collection":[{"href":"https:\/\/www.redeinspiraeducadores.com.br\/en\/wp-json\/wp\/v2\/posts"}],"about":[{"href":"https:\/\/www.redeinspiraeducadores.com.br\/en\/wp-json\/wp\/v2\/types\/post"}],"author":[{"embeddable":true,"href":"https:\/\/www.redeinspiraeducadores.com.br\/en\/wp-json\/wp\/v2\/users\/1"}],"replies":[{"embeddable":true,"href":"https:\/\/www.redeinspiraeducadores.com.br\/en\/wp-json\/wp\/v2\/comments?post=4733"}],"version-history":[{"count":0,"href":"https:\/\/www.redeinspiraeducadores.com.br\/en\/wp-json\/wp\/v2\/posts\/4733\/revisions"}],"wp:featuredmedia":[{"embeddable":true,"href":"https:\/\/www.redeinspiraeducadores.com.br\/en\/wp-json\/wp\/v2\/media\/4684"}],"wp:attachment":[{"href":"https:\/\/www.redeinspiraeducadores.com.br\/en\/wp-json\/wp\/v2\/media?parent=4733"}],"wp:term":[{"taxonomy":"category","embeddable":true,"href":"https:\/\/www.redeinspiraeducadores.com.br\/en\/wp-json\/wp\/v2\/categories?post=4733"},{"taxonomy":"post_tag","embeddable":true,"href":"https:\/\/www.redeinspiraeducadores.com.br\/en\/wp-json\/wp\/v2\/tags?post=4733"}],"curies":[{"name":"wp","href":"https:\/\/api.w.org\/{rel}","templated":true}]}}