{"id":4719,"date":"2021-12-29T13:47:52","date_gmt":"2021-12-29T13:47:52","guid":{"rendered":"https:\/\/www.redeinspiraeducadores.com.br\/?p=4719"},"modified":"2021-12-29T13:47:52","modified_gmt":"2021-12-29T13:47:52","slug":"tecnologia-e-habilidades-socioemocionais-pesam-na-decisao-sobre-a-escola-dos-filhos","status":"publish","type":"post","link":"https:\/\/www.redeinspiraeducadores.com.br\/en\/tecnologia-e-habilidades-socioemocionais-pesam-na-decisao-sobre-a-escola-dos-filhos\/","title":{"rendered":"Tecnologia e habilidades socioemocionais pesam na decis\u00e3o sobre a escola dos filhos"},"content":{"rendered":"<p>Com a pandemia, <a href=\"https:\/\/www.redeinspiraeducadores.com.br\/en\/diferenciais-competitivos\/\" target=\"_blank\" rel=\"noreferrer noopener\">novos fatores passaram a ser ainda mais ponderados na hora de escolher a escola para os filhos<\/a>. Apesar da retomada do ensino presencial ainda em 2021, algumas heran\u00e7as do ensino on-line devem permanecer como crit\u00e9rios para de optar por uma institui\u00e7\u00e3o de ensino.<\/p>\n\n\n\n<p>Escolas que estejam adaptadas, tanto em infraestrutura quanto em metodologia, podem se destacar na lista dos pr\u00f3s para decis\u00e3o. O olhar integral para o aluno, como ensino de habilidades socioemocionais, e plataforma tecnol\u00f3gica t\u00eam sido caracter\u00edsticas procuradas nas secretarias durante o per\u00edodo de matr\u00edculas.<\/p>\n\n\n\n<p>De acordo com Adriana Gobbo, coordenadora da educa\u00e7\u00e3o infantil do <a href=\"https:\/\/www.colegiomontessorist.com.br\/\" target=\"_blank\" rel=\"noreferrer noopener\">Col\u00e9gio Montessori<\/a>, associado \u00e0 Inspira Rede de Educadores, al\u00e9m do m\u00e9todo pedag\u00f3gico, a escola precisa estar em sintonia com valores dos pais. \u201cA escola deve formar o aluno tanto para o universo acad\u00eamico, quanto suas habilidades lingu\u00edstica e socioemocional. Este aluno precisa desenvolver resili\u00eancia, agilidade, autonomia. Deve se relacionar, trabalhar em grupo, pensar estrategicamente, para que se tornar protagonista do seu aprendizado\u201d, avalia Adriana.<\/p>\n\n\n\n<p><strong>Acolhimento<\/strong><\/p>\n\n\n\n<p>J\u00e1 Waleska Brito, coordenadora da Educa\u00e7\u00e3o Infantil do <a href=\"https:\/\/contemporaneo.com.br\/\" target=\"_blank\" rel=\"noreferrer noopener\">Col\u00e9gio Contempor\u00e2neo<\/a>, tamb\u00e9m associado \u00e0 Inspira Rede de Educadores, refor\u00e7a a import\u00e2ncia de um espa\u00e7o que permita desenvolver as habilidades ligadas ao l\u00fadico que invista na conviv\u00eancia entre os alunos e expanda diversidade de linguagem. \u201c\u00c9 fundamental que a crian\u00e7a brinque, participe de diferentes atividades, explore novos espa\u00e7os e descobertas, possa colocar a m\u00e3o na massa avalia Waleska.<\/p>\n\n\n\n<p><strong>A tecnologia e o engajamento dos alunos<\/strong><\/p>\n\n\n\n<p>Alexandre Say\u00e3o, CEO da <a href=\"https:\/\/www.plataformaamais.com.br\/\" target=\"_blank\" rel=\"noreferrer noopener\">Plataforma<\/a><a href=\"https:\/\/www.plataformaamais.com.br\/\"> A+<\/a>, hub de solu\u00e7\u00f5es integradas que simplifica o sistema de administra\u00e7\u00e3o escolar e de gest\u00e3o de conte\u00fado estudantil, avalia ainda que n\u00e3o \u00e9 mais poss\u00edvel recuar os avan\u00e7os conquistados no \u00faltimo ano. \u201cA escola precisa estar adaptada para atender o aluno tanto no formato on-line quanto dentro da sala de aula. At\u00e9 porque, mesmo com o avan\u00e7o da vacina\u00e7\u00e3o, ainda h\u00e1 registro de casos e as pr\u00f3prias escolas recorrem ao ensino remoto para seguir o calend\u00e1rio de quem retomou o presencial\u201d, afirma.<\/p>\n\n\n\n<p>Say\u00e3o refor\u00e7a a import\u00e2ncia de estar atento aos recursos tecnol\u00f3gicos que a escola oferece na hora de decidir e salienta que a transmiss\u00e3o em tempo real das aulas \u00e9 fundamental para manter o engajamento dos alunos. \u201cOs alunos t\u00eam acesso a conte\u00fado elaborado por especialistas, al\u00e9m de um acervo de milhares de t\u00edtulos, cr\u00f4nicas, jornais e tirinhas. Aplicamos simulados e avalia\u00e7\u00f5es a partir de um banco de dados com milhares de quest\u00f5es e funcionalidades como corre\u00e7\u00e3o autom\u00e1tica. Outro diferencial \u00e9 nosso ambiente de intelig\u00eancia pedag\u00f3gica, com relat\u00f3rios de engajamento e de desempenho dos alunos, com distin\u00e7\u00e3o por s\u00e9rie, turma, professor ou disciplina, comenta Say\u00e3o.<\/p>\n\n\n\n<p>Fonte: <a href=\"https:\/\/exnews.escolasexponenciais.com.br\/educacao-na-pandemia\/tecnologia-e-habilidades-socioemocionais-podem-ser-fundamentais-na-escolha-da-escola\/\" target=\"_blank\" rel=\"noreferrer noopener\">Exnews do Escolas Exponenciais<\/a><\/p>","protected":false},"excerpt":{"rendered":"<p>Com a pandemia, novos fatores passaram a ser ainda mais ponderados na hora de escolher a escola para os filhos. [&hellip;]<\/p>\n","protected":false},"author":1,"featured_media":4720,"comment_status":"open","ping_status":"open","sticky":false,"template":"","format":"standard","meta":{"site-sidebar-layout":"default","site-content-layout":"","ast-site-content-layout":"default","site-content-style":"default","site-sidebar-style":"default","ast-global-header-display":"","ast-banner-title-visibility":"","ast-main-header-display":"","ast-hfb-above-header-display":"","ast-hfb-below-header-display":"","ast-hfb-mobile-header-display":"","site-post-title":"","ast-breadcrumbs-content":"","ast-featured-img":"","footer-sml-layout":"","ast-disable-related-posts":"","theme-transparent-header-meta":"","adv-header-id-meta":"","stick-header-meta":"","header-above-stick-meta":"","header-main-stick-meta":"","header-below-stick-meta":"","astra-migrate-meta-layouts":"default","ast-page-background-enabled":"default","ast-page-background-meta":{"desktop":{"background-color":"var(--ast-global-color-5)","background-image":"","background-repeat":"repeat","background-position":"center center","background-size":"auto","background-attachment":"scroll","background-type":"","background-media":"","overlay-type":"","overlay-color":"","overlay-opacity":"","overlay-gradient":""},"tablet":{"background-color":"","background-image":"","background-repeat":"repeat","background-position":"center center","background-size":"auto","background-attachment":"scroll","background-type":"","background-media":"","overlay-type":"","overlay-color":"","overlay-opacity":"","overlay-gradient":""},"mobile":{"background-color":"","background-image":"","background-repeat":"repeat","background-position":"center center","background-size":"auto","background-attachment":"scroll","background-type":"","background-media":"","overlay-type":"","overlay-color":"","overlay-opacity":"","overlay-gradient":""}},"ast-content-background-meta":{"desktop":{"background-color":"var(--ast-global-color-4)","background-image":"","background-repeat":"repeat","background-position":"center center","background-size":"auto","background-attachment":"scroll","background-type":"","background-media":"","overlay-type":"","overlay-color":"","overlay-opacity":"","overlay-gradient":""},"tablet":{"background-color":"var(--ast-global-color-4)","background-image":"","background-repeat":"repeat","background-position":"center center","background-size":"auto","background-attachment":"scroll","background-type":"","background-media":"","overlay-type":"","overlay-color":"","overlay-opacity":"","overlay-gradient":""},"mobile":{"background-color":"var(--ast-global-color-4)","background-image":"","background-repeat":"repeat","background-position":"center center","background-size":"auto","background-attachment":"scroll","background-type":"","background-media":"","overlay-type":"","overlay-color":"","overlay-opacity":"","overlay-gradient":""}},"footnotes":""},"categories":[12],"tags":[],"class_list":["post-4719","post","type-post","status-publish","format-standard","has-post-thumbnail","hentry","category-noticias"],"_links":{"self":[{"href":"https:\/\/www.redeinspiraeducadores.com.br\/en\/wp-json\/wp\/v2\/posts\/4719","targetHints":{"allow":["GET"]}}],"collection":[{"href":"https:\/\/www.redeinspiraeducadores.com.br\/en\/wp-json\/wp\/v2\/posts"}],"about":[{"href":"https:\/\/www.redeinspiraeducadores.com.br\/en\/wp-json\/wp\/v2\/types\/post"}],"author":[{"embeddable":true,"href":"https:\/\/www.redeinspiraeducadores.com.br\/en\/wp-json\/wp\/v2\/users\/1"}],"replies":[{"embeddable":true,"href":"https:\/\/www.redeinspiraeducadores.com.br\/en\/wp-json\/wp\/v2\/comments?post=4719"}],"version-history":[{"count":0,"href":"https:\/\/www.redeinspiraeducadores.com.br\/en\/wp-json\/wp\/v2\/posts\/4719\/revisions"}],"wp:featuredmedia":[{"embeddable":true,"href":"https:\/\/www.redeinspiraeducadores.com.br\/en\/wp-json\/wp\/v2\/media\/4720"}],"wp:attachment":[{"href":"https:\/\/www.redeinspiraeducadores.com.br\/en\/wp-json\/wp\/v2\/media?parent=4719"}],"wp:term":[{"taxonomy":"category","embeddable":true,"href":"https:\/\/www.redeinspiraeducadores.com.br\/en\/wp-json\/wp\/v2\/categories?post=4719"},{"taxonomy":"post_tag","embeddable":true,"href":"https:\/\/www.redeinspiraeducadores.com.br\/en\/wp-json\/wp\/v2\/tags?post=4719"}],"curies":[{"name":"wp","href":"https:\/\/api.w.org\/{rel}","templated":true}]}}