{"id":4700,"date":"2022-01-05T19:34:27","date_gmt":"2022-01-05T19:34:27","guid":{"rendered":"https:\/\/www.redeinspiraeducadores.com.br\/?p=4700"},"modified":"2022-01-05T19:34:27","modified_gmt":"2022-01-05T19:34:27","slug":"como-reduzir-a-ansiedade","status":"publish","type":"post","link":"https:\/\/www.redeinspiraeducadores.com.br\/en\/como-reduzir-a-ansiedade\/","title":{"rendered":"Veja como reduzir a ansiedade em crian\u00e7as e adolescentes"},"content":{"rendered":"<p>Sentir ansiedade em algumas situa\u00e7\u00f5es \u00e9 comum, como no primeiro dia de aula ou no momento de apresentar um trabalho na frente dos outros alunos. Por\u00e9m, quando muito frequente e intenso, esse sentimento impede a crian\u00e7a ou adolescente de desempenhar as suas atividades normalmente. Diante disso, saber como reduzir a ansiedade no ambiente escolar \u00e9 fundamental para garantir o bem-estar dos alunos.<\/p>\n<p>A extrema inquieta\u00e7\u00e3o pode causar desde a dificuldade de concentra\u00e7\u00e3o at\u00e9 problemas de relacionamento com os demais estudantes e professores. Com as abordagens certas, os gestores e educadores podem propor uma <a href=\"https:\/\/www.redeinspiraeducadores.com.br\/en\/?p=1011\" target=\"_blank\" rel=\"noopener\">escola<\/a> mais acolhedora. Veja o que voc\u00ea precisa saber sobre ansiedade e como reduzi-la em seus alunos!<\/p>\n<h2>Quais s\u00e3o as principais causas de ansiedade em crian\u00e7as e adolescentes?<\/h2>\n<p>Estar por dentro das causas da ansiedade em crian\u00e7as e adolescentes \u00e9 o primeiro passo para combat\u00ea-la. De acordo com uma <a href=\"https:\/\/jornal.usp.br\/atualidades\/10-das-criancas-e-adolescentes-poderao-sofrer-de-ansiedade\/\" target=\"_blank\" rel=\"noopener\">pesquisa<\/a> realizada pelo professor Fernando Asbahr, da Psiquiatria da Faculdade de Medicina da USP, 10% das crian\u00e7as ou adolescentes t\u00eam ou v\u00e3o ter transtorno de ansiedade \u2014 patologia que fica atr\u00e1s apenas do Transtorno do D\u00e9ficit de Aten\u00e7\u00e3o com hiperatividade (TDAH) em se tratando de doen\u00e7as mais comuns em estudantes.<\/p>\n<p>O problema pode ter origem a partir de diferentes situa\u00e7\u00f5es que podem acontecer tanto em casa quanto na escola. A separa\u00e7\u00e3o dos pais ou a chegada de um novo irm\u00e3o, por exemplo, podem deixar a crian\u00e7a inquieta. Na escola, em espec\u00edfico, o sentimento pode ser despertado por circunst\u00e2ncias que desafiem ou deixem o aluno desconfort\u00e1vel, como interagir com colegas, fazer uma prova, apresentar trabalhos, ter dificuldade para se comunicar, excesso de regras ou atividades.<\/p>\n<h2>Quais s\u00e3o as consequ\u00eancias da ansiedade em jovens?<\/h2>\n<p>A ansiedade na fase infantil ou juvenil pode gerar sintomas emocionais, comportamentais e f\u00edsicos. Entre as altera\u00e7\u00f5es emocionais mais comuns est\u00e3o medo, tristeza, culpa, altera\u00e7\u00f5es de humor e preocupa\u00e7\u00f5es.<\/p>\n<p>Em termos comportamentais, o aluno pode sofrer com a falta de concentra\u00e7\u00e3o, crises de choro, des\u00e2nimo para cumprir as suas atividades, isolamento e agita\u00e7\u00e3o. As dores no corpo, m\u00fasculos tensos, ins\u00f4nia, tontura e dor no peito s\u00e3o alguns dos sintomas f\u00edsicos da ansiedade.<\/p>\n<p>Se n\u00e3o forem percebidos ou tratados, o transtorno pode acarretar males mais graves \u00e0 crian\u00e7a ou adolescente, como baixa autoestima, isolamento, fobia social e depress\u00e3o.<\/p>\n<h2>Como \u00e9 poss\u00edvel reduzir a ansiedade na escola?<\/h2>\n<p>Reduzir a ansiedade sentida pelos alunos requer um esfor\u00e7o conjunto dos pais e respons\u00e1veis e da escola. A fam\u00edlia deve ficar atenta ao comportamento do jovem e buscar aux\u00edlio m\u00e9dico e psicol\u00f3gico, quando houver necessidade, al\u00e9m de ajud\u00e1-lo em suas preocupa\u00e7\u00f5es.<\/p>\n<p>Com rela\u00e7\u00e3o \u00e0 escola, \u00e9 imprescind\u00edvel que a comunidade escolar crie um ambiente de tranquilidade e seguran\u00e7a para os pequenos e jovens. Veja algumas das medidas mais indicadas para diminuir a ansiedade nos alunos.<\/p>\n<h3>Incentive a pr\u00e1tica de atividades f\u00edsicas<\/h3>\n<p>A pr\u00e1tica de atividade f\u00edsica libera endorfina no organismo humano, que \u00e9 considerada um analg\u00e9sico natural e \u00e9 capaz de aliviar tens\u00f5es, reduzir o estresse e, consequentemente, a ansiedade.<\/p>\n<h3>Reforce os la\u00e7os de amizade<\/h3>\n<p>Quando o estudante n\u00e3o se sente inserido e aceito na turma, a tend\u00eancia \u00e9 que se sinta mais ansioso. Nesse sentido, \u00e9 importante que a escola reforce os la\u00e7os de amizade, propondo projetos, eventos e atividades que permitam que os alunos contribuam entre si e se sintam seguros na presen\u00e7a uns dos outros.<\/p>\n<p>Outra quest\u00e3o indispens\u00e1vel \u00e9 combater conflitos, bullying e demais situa\u00e7\u00f5es que possam afetar psicologicamente as crian\u00e7as e os adolescentes. Para isso, nada melhor do que o est\u00edmulo ao di\u00e1logo e empatia.<\/p>\n<h3>Proponha a medita\u00e7\u00e3o<\/h3>\n<p>Que tal deixar as preocupa\u00e7\u00f5es com os estudos de lado por alguns minutos e meditar? A medita\u00e7\u00e3o \u00e9 uma \u00f3tima op\u00e7\u00e3o para relaxar o corpo e a mente, al\u00e9m de manter esses dois campos equilibrados. Antes do in\u00edcio da aula, a escola pode propor dez minutos de medita\u00e7\u00e3o para que os alunos liberem as suas tens\u00f5es.<\/p>\n<h3>Ofere\u00e7a suporte psicol\u00f3gico<\/h3>\n<p>Claro, n\u00e3o podemos deixar de falar do suporte psicol\u00f3gico, que \u00e9 crucial para ajudar os estudantes a lidarem com as suas emo\u00e7\u00f5es. \u00c9 preciso contar com <a href=\"https:\/\/www.redeinspiraeducadores.com.br\/en\/?p=993\" target=\"_blank\" rel=\"noopener\">educadores<\/a> com conhecimentos em sa\u00fade mental para identificar as altera\u00e7\u00f5es provocadas pela ansiedade, al\u00e9m de profissionais especialistas em Psicologia que possam orientar o aluno e a sua fam\u00edlia sobre a melhor forma de lidar com o problema.<\/p>\n<p>\u00c0 primeira vista considerado um sentimento normal, a ansiedade pode se converter em uma patologia e, se n\u00e3o for tratada, acaba desencadeando outras doen\u00e7as que danificam a sa\u00fade mental e o desempenho dos alunos. Com o uso de estrat\u00e9gias para diminuir a ansiedade, a escola pode criar um ambiente saud\u00e1vel e seguro para todos.<\/p>\n<p>Essas medidas podem ser \u00fateis para reduzir a ansiedade em crian\u00e7as e adolescentes na sua escola? Compartilhe o conte\u00fado nas suas redes sociais para que mais pessoas entendam como lidar com a ansiedade dos alunos!<\/p>","protected":false},"excerpt":{"rendered":"<p>Sentir ansiedade em algumas situa\u00e7\u00f5es \u00e9 comum, como no primeiro dia de aula ou no momento de apresentar um trabalho [&hellip;]<\/p>\n","protected":false},"author":1,"featured_media":4701,"comment_status":"open","ping_status":"open","sticky":false,"template":"","format":"standard","meta":{"site-sidebar-layout":"default","site-content-layout":"","ast-site-content-layout":"default","site-content-style":"default","site-sidebar-style":"default","ast-global-header-display":"","ast-banner-title-visibility":"","ast-main-header-display":"","ast-hfb-above-header-display":"","ast-hfb-below-header-display":"","ast-hfb-mobile-header-display":"","site-post-title":"","ast-breadcrumbs-content":"","ast-featured-img":"","footer-sml-layout":"","ast-disable-related-posts":"","theme-transparent-header-meta":"","adv-header-id-meta":"","stick-header-meta":"","header-above-stick-meta":"","header-main-stick-meta":"","header-below-stick-meta":"","astra-migrate-meta-layouts":"default","ast-page-background-enabled":"default","ast-page-background-meta":{"desktop":{"background-color":"var(--ast-global-color-5)","background-image":"","background-repeat":"repeat","background-position":"center center","background-size":"auto","background-attachment":"scroll","background-type":"","background-media":"","overlay-type":"","overlay-color":"","overlay-opacity":"","overlay-gradient":""},"tablet":{"background-color":"","background-image":"","background-repeat":"repeat","background-position":"center center","background-size":"auto","background-attachment":"scroll","background-type":"","background-media":"","overlay-type":"","overlay-color":"","overlay-opacity":"","overlay-gradient":""},"mobile":{"background-color":"","background-image":"","background-repeat":"repeat","background-position":"center center","background-size":"auto","background-attachment":"scroll","background-type":"","background-media":"","overlay-type":"","overlay-color":"","overlay-opacity":"","overlay-gradient":""}},"ast-content-background-meta":{"desktop":{"background-color":"var(--ast-global-color-4)","background-image":"","background-repeat":"repeat","background-position":"center center","background-size":"auto","background-attachment":"scroll","background-type":"","background-media":"","overlay-type":"","overlay-color":"","overlay-opacity":"","overlay-gradient":""},"tablet":{"background-color":"var(--ast-global-color-4)","background-image":"","background-repeat":"repeat","background-position":"center center","background-size":"auto","background-attachment":"scroll","background-type":"","background-media":"","overlay-type":"","overlay-color":"","overlay-opacity":"","overlay-gradient":""},"mobile":{"background-color":"var(--ast-global-color-4)","background-image":"","background-repeat":"repeat","background-position":"center center","background-size":"auto","background-attachment":"scroll","background-type":"","background-media":"","overlay-type":"","overlay-color":"","overlay-opacity":"","overlay-gradient":""}},"footnotes":""},"categories":[8,9],"tags":[],"class_list":["post-4700","post","type-post","status-publish","format-standard","has-post-thumbnail","hentry","category-blog","category-gestao-escolar"],"_links":{"self":[{"href":"https:\/\/www.redeinspiraeducadores.com.br\/en\/wp-json\/wp\/v2\/posts\/4700","targetHints":{"allow":["GET"]}}],"collection":[{"href":"https:\/\/www.redeinspiraeducadores.com.br\/en\/wp-json\/wp\/v2\/posts"}],"about":[{"href":"https:\/\/www.redeinspiraeducadores.com.br\/en\/wp-json\/wp\/v2\/types\/post"}],"author":[{"embeddable":true,"href":"https:\/\/www.redeinspiraeducadores.com.br\/en\/wp-json\/wp\/v2\/users\/1"}],"replies":[{"embeddable":true,"href":"https:\/\/www.redeinspiraeducadores.com.br\/en\/wp-json\/wp\/v2\/comments?post=4700"}],"version-history":[{"count":0,"href":"https:\/\/www.redeinspiraeducadores.com.br\/en\/wp-json\/wp\/v2\/posts\/4700\/revisions"}],"wp:featuredmedia":[{"embeddable":true,"href":"https:\/\/www.redeinspiraeducadores.com.br\/en\/wp-json\/wp\/v2\/media\/4701"}],"wp:attachment":[{"href":"https:\/\/www.redeinspiraeducadores.com.br\/en\/wp-json\/wp\/v2\/media?parent=4700"}],"wp:term":[{"taxonomy":"category","embeddable":true,"href":"https:\/\/www.redeinspiraeducadores.com.br\/en\/wp-json\/wp\/v2\/categories?post=4700"},{"taxonomy":"post_tag","embeddable":true,"href":"https:\/\/www.redeinspiraeducadores.com.br\/en\/wp-json\/wp\/v2\/tags?post=4700"}],"curies":[{"name":"wp","href":"https:\/\/api.w.org\/{rel}","templated":true}]}}