{"id":4641,"date":"2021-12-10T19:00:48","date_gmt":"2021-12-10T19:00:48","guid":{"rendered":"https:\/\/www.redeinspiraeducadores.com.br\/?p=4641"},"modified":"2021-12-10T19:00:48","modified_gmt":"2021-12-10T19:00:48","slug":"educacao-basica-no-brasil","status":"publish","type":"post","link":"https:\/\/www.redeinspiraeducadores.com.br\/en\/educacao-basica-no-brasil\/","title":{"rendered":"Confira as principais etapas e desafios da educa\u00e7\u00e3o b\u00e1sica no Brasil"},"content":{"rendered":"<p>A educa\u00e7\u00e3o b\u00e1sica no Brasil \u00e9 composta por tr\u00eas grandes ciclos formativos: educa\u00e7\u00e3o infantil, ensino fundamental anos iniciais e finais e ensino m\u00e9dio. Cada um deles apresenta estrutura, caracter\u00edsticas, metodologia e, consequentemente, desafios pr\u00f3prios.<\/p>\n<p>As discuss\u00f5es acerca dos caminhos para que a educa\u00e7\u00e3o brasileira seja capaz de superar seus principais obst\u00e1culos s\u00e3o frequentes entre os especialistas no assunto. Gestores, professores, respons\u00e1veis e alunos (tanto das escolas p\u00fablicas quanto das privadas) parecem concordar no que diz respeito \u00e0 crise educacional a qual estamos atravessando.<\/p>\n<p>Conforme apontado pela Constitui\u00e7\u00e3o Federal de 1988 (e reafirmado pelos principais documentos normativos direcionados ao tema \u2014 Lei de Diretrizes e Bases e Base Nacional Comum Curricular), a educa\u00e7\u00e3o b\u00e1sica \u00e9 uma etapa fundamental para a forma\u00e7\u00e3o das crian\u00e7as e jovens, uma vez que visa prepar\u00e1-los para o exerc\u00edcio da cidadania e para a atua\u00e7\u00e3o no mercado de trabalho.<\/p>\n<p>Dessa forma, torna-se necess\u00e1rio que todos os envolvidos no processo educativo compreendam como a educa\u00e7\u00e3o b\u00e1sica brasileira \u00e9 formada e quais s\u00e3o os seus desafios, de modo que consigam encontrar coletivamente solu\u00e7\u00f5es para enfrent\u00e1-los.<\/p>\n<p>Criamos este post com o intuito de colaborar nessa tarefa. Prossiga a leitura e confira alguns t\u00f3picos importantes sobre o tema!<\/p>\n<h2>Como \u00e9 composta a educa\u00e7\u00e3o b\u00e1sica no Brasil?<\/h2>\n<p>Como citado anteriormente, a educa\u00e7\u00e3o b\u00e1sica no Brasil \u00e9 constitu\u00edda de tr\u00eas grandes etapas, quais sejam a educa\u00e7\u00e3o infantil, o ensino fundamental &#8211; dividido em anos iniciais e finais &#8211; e o ensino m\u00e9dio. Ela \u00e9 obrigat\u00f3ria a partir dos 5 anos de idade e h\u00e1 permiss\u00e3o do Estado para iniciativas privadas, desde que atendam aos crit\u00e9rios estabelecidos em lei.<\/p>\n<p>No que tange \u00e0 Base Nacional Comum Curricular (BNCC), vale dizer que \u00e9 um documento normativo formulado com o intuito de orientar institui\u00e7\u00f5es de ensino e professores sobre os conte\u00fados, as compet\u00eancias e as habilidades consideradas elementares na forma\u00e7\u00e3o das crian\u00e7as e jovens. Para tanto, sugere conceitos, estrat\u00e9gias e situa\u00e7\u00f5es de aprendizagem direcionadas a cada per\u00edodo da educa\u00e7\u00e3o b\u00e1sica.<\/p>\n<p>A seguir, entenda um pouco mais sobre essas etapas!<\/p>\n<h3>Educa\u00e7\u00e3o infantil<\/h3>\n<p>A educa\u00e7\u00e3o infantil \u00e9 direcionada para crian\u00e7as de 0 a 5 anos de idade. Por se tratar de um primeiro contato delas com uma institui\u00e7\u00e3o escolar, a fase mostra-se muito importante para estimular a socializa\u00e7\u00e3o e o desenvolvimento integral dos pequenos.<\/p>\n<p>Desse modo, nesse momento s\u00e3o trabalhados os aspectos motores, f\u00edsicos, psicol\u00f3gicos, cognitivos, culturais e sociais, por meio de atividades l\u00fadicas que impulsionam a imagina\u00e7\u00e3o e a criatividade.<\/p>\n<h3>Ensino fundamental<\/h3>\n<p>O ensino fundamental \u00e9 dividido em dois per\u00edodos: anos iniciais e anos finais. Recebe alunos de 6 a 14 anos de idade, sendo a etapa mais longa de forma\u00e7\u00e3o, com nove anos de dura\u00e7\u00e3o.<\/p>\n<p>Os anos iniciais compreendem do 1\u00ba ao 5\u00ba ano. O per\u00edodo marca o come\u00e7o do processo de alfabetiza\u00e7\u00e3o, al\u00e9m de estar voltado \u00e0 introdu\u00e7\u00e3o de conceitos educativos que seguir\u00e3o por toda a vida escolar das crian\u00e7as.<\/p>\n<p>J\u00e1 os anos finais abrange do 6\u00ba ao 9\u00ba ano e neles, os professores dedicam-se a introduzir os estudantes em problemas mais complexos de aprendizagem, ampliando gradativamente os seus repert\u00f3rios. Somado a isso, habilidades como autonomia, cidadania e responsabilidade s\u00e3o trabalhadas de maneira mais aprofundada.<\/p>\n<h3>Ensino m\u00e9dio<\/h3>\n<p>O ensino m\u00e9dio \u00e9 a etapa final da educa\u00e7\u00e3o b\u00e1sica, recebendo os jovens de 15 a 17 anos de idade. Em geral, a fase \u00e9 relacionada com a prepara\u00e7\u00e3o dos estudantes para os vestibulares, o ENEM, assim como para o ingresso no mercado de trabalho.<\/p>\n<p>Esse est\u00e1gio escolar procura desenvolver a autonomia intelectual, o pensamento reflexivo e cr\u00edtico, o autoconhecimento, entre outras habilidades consideradas fundamentais para que o aluno consiga atuar na sociedade de forma consciente e colaborativa.<\/p>\n<h2>Quais s\u00e3o os seus principais desafios?<\/h2>\n<p>A educa\u00e7\u00e3o brasileira precisa avan\u00e7ar em in\u00fameros pontos, bem como se adequar \u00e0s exig\u00eancias dos novos tempos, de forma a conseguir proporcionar \u00e0s crian\u00e7as e aos jovens um ensino de qualidade. Dessa maneira, \u00e9 necess\u00e1rio que os agentes educacionais estejam cientes dos principais desafios a serem enfrentados. Veja abaixo!<\/p>\n<h3>Alfabetiza\u00e7\u00e3o<\/h3>\n<p>Ainda que a taxa de brasileiros alfabetizados tenha aumentado nos \u00faltimos anos, o analfabetismo e, principalmente, o analfabetismo funcional ainda s\u00e3o uma realidade em nosso pa\u00eds.<\/p>\n<p>Vale enfatizar que o processo de alfabetiza\u00e7\u00e3o \u00e9 aquele que oferece as bases para o aprendizado dos estudantes durante toda a sua vida escolar. Por outro lado, quando ele \u00e9 defasado, as dificuldades s\u00e3o acumuladas ao longo do tempo, podendo provocar intensa desmotiva\u00e7\u00e3o e at\u00e9 abandono dos estudos.<\/p>\n<p>Sendo assim, os professores alfabetizadores t\u00eam um papel crucial na forma\u00e7\u00e3o dos alunos. Cabe a eles constru\u00edrem estrat\u00e9gias eficientes e acompanharem, ao lado da equipe pedag\u00f3gica, o progresso escolar das crian\u00e7as, colaborando para reduzir os d\u00e9ficits de aprendizagem.<\/p>\n<h3>Falta de infraestrutura<\/h3>\n<p>Est\u00e1 comprovado que a falta de infraestrutura escolar afeta, de maneira direta, a qualidade do aprendizado dos estudantes. Ambientes como bibliotecas, salas de leitura, laborat\u00f3rios, quadras de esporte, cantinas e p\u00e1tios s\u00e3o tamb\u00e9m espa\u00e7os de constru\u00e7\u00e3o do conhecimento e de socializa\u00e7\u00e3o.<\/p>\n<p>Junto a isso, \u00e9 importante estar atento ao n\u00famero de alunos dentro de uma mesma sala de aula, \u00e0s condi\u00e7\u00f5es de higiene, manuten\u00e7\u00e3o constante dos equipamentos pedag\u00f3gicos e aos investimentos em tecnologia.<\/p>\n<h3>Baixa participa\u00e7\u00e3o das fam\u00edlias e da comunidade escolar<\/h3>\n<p>As institui\u00e7\u00f5es de ensino devem ser espa\u00e7os abertos \u00e0 comunidade. Mais do que isso, \u00e9 necess\u00e1rio que haja uma parceria efetiva entre os familiares e a escola. Para tanto, gestores e professores devem se esfor\u00e7ar para promover eventos e projetos que incentivem a participa\u00e7\u00e3o dos respons\u00e1veis e de toda a comunidade na vida escolar.<\/p>\n<p>Tais a\u00e7\u00f5es colaboram para que os alunos adquiram senso de coletividade e responsabilidade social, ou seja, aprendam sobre cidadania na pr\u00e1tica!<\/p>\n<h3>Valoriza\u00e7\u00e3o e forma\u00e7\u00e3o docente<\/h3>\n<p>Ningu\u00e9m tem d\u00favidas de que a profiss\u00e3o de docente tem uma fun\u00e7\u00e3o essencial na constru\u00e7\u00e3o de uma sociedade mais avan\u00e7ada em termos econ\u00f4micos, pol\u00edticos e sociais. Contudo, a realidade \u00e9 que os professores ainda s\u00e3o muito desvalorizados no Brasil.<\/p>\n<p>A falta de incentivo salarial, de plano de carreira atrativo e de investimento em capacita\u00e7\u00e3o cont\u00ednua, somados ao ac\u00famulo de aulas (e, muitas vezes, de fun\u00e7\u00f5es) tornam a tarefa de ensinar \u00e1rdua, cansativa e desestimulante. Al\u00e9m disso, um cen\u00e1rio assim torna os melhores alunos receosos em rela\u00e7\u00e3o a se tornarem professores.<\/p>\n<p>Os problemas s\u00e3o grandes e in\u00fameros, mas ao lado de pessoas experientes no assunto e dispostas a darem o melhor de si, a solu\u00e7\u00e3o para eles torna-se poss\u00edvel e alcan\u00e7\u00e1vel. A Inspira Rede de Educadores nasce justamente com essa miss\u00e3o: somar esfor\u00e7os para melhorar a educa\u00e7\u00e3o b\u00e1sica no Brasil.<\/p>\n<p>Quer saber mais sobre o nosso trabalho? <a href=\"https:\/\/www.redeinspiraeducadores.com.br\/en\/?page_id=4044\" target=\"_blank\" rel=\"noopener\">Entre em contato conosco!<\/a> \u00c9 sempre um prazer conversar com pessoas que tamb\u00e9m se dedicam pela educa\u00e7\u00e3o!<\/p>","protected":false},"excerpt":{"rendered":"<p>A educa\u00e7\u00e3o b\u00e1sica no Brasil \u00e9 composta por tr\u00eas grandes ciclos formativos: educa\u00e7\u00e3o infantil, ensino fundamental anos iniciais e finais [&hellip;]<\/p>\n","protected":false},"author":1,"featured_media":4642,"comment_status":"open","ping_status":"open","sticky":false,"template":"","format":"standard","meta":{"site-sidebar-layout":"default","site-content-layout":"","ast-site-content-layout":"default","site-content-style":"default","site-sidebar-style":"default","ast-global-header-display":"","ast-banner-title-visibility":"","ast-main-header-display":"","ast-hfb-above-header-display":"","ast-hfb-below-header-display":"","ast-hfb-mobile-header-display":"","site-post-title":"","ast-breadcrumbs-content":"","ast-featured-img":"","footer-sml-layout":"","ast-disable-related-posts":"","theme-transparent-header-meta":"","adv-header-id-meta":"","stick-header-meta":"","header-above-stick-meta":"","header-main-stick-meta":"","header-below-stick-meta":"","astra-migrate-meta-layouts":"default","ast-page-background-enabled":"default","ast-page-background-meta":{"desktop":{"background-color":"var(--ast-global-color-5)","background-image":"","background-repeat":"repeat","background-position":"center center","background-size":"auto","background-attachment":"scroll","background-type":"","background-media":"","overlay-type":"","overlay-color":"","overlay-opacity":"","overlay-gradient":""},"tablet":{"background-color":"","background-image":"","background-repeat":"repeat","background-position":"center center","background-size":"auto","background-attachment":"scroll","background-type":"","background-media":"","overlay-type":"","overlay-color":"","overlay-opacity":"","overlay-gradient":""},"mobile":{"background-color":"","background-image":"","background-repeat":"repeat","background-position":"center center","background-size":"auto","background-attachment":"scroll","background-type":"","background-media":"","overlay-type":"","overlay-color":"","overlay-opacity":"","overlay-gradient":""}},"ast-content-background-meta":{"desktop":{"background-color":"var(--ast-global-color-4)","background-image":"","background-repeat":"repeat","background-position":"center center","background-size":"auto","background-attachment":"scroll","background-type":"","background-media":"","overlay-type":"","overlay-color":"","overlay-opacity":"","overlay-gradient":""},"tablet":{"background-color":"var(--ast-global-color-4)","background-image":"","background-repeat":"repeat","background-position":"center center","background-size":"auto","background-attachment":"scroll","background-type":"","background-media":"","overlay-type":"","overlay-color":"","overlay-opacity":"","overlay-gradient":""},"mobile":{"background-color":"var(--ast-global-color-4)","background-image":"","background-repeat":"repeat","background-position":"center center","background-size":"auto","background-attachment":"scroll","background-type":"","background-media":"","overlay-type":"","overlay-color":"","overlay-opacity":"","overlay-gradient":""}},"footnotes":""},"categories":[8],"tags":[],"class_list":["post-4641","post","type-post","status-publish","format-standard","has-post-thumbnail","hentry","category-blog"],"_links":{"self":[{"href":"https:\/\/www.redeinspiraeducadores.com.br\/en\/wp-json\/wp\/v2\/posts\/4641","targetHints":{"allow":["GET"]}}],"collection":[{"href":"https:\/\/www.redeinspiraeducadores.com.br\/en\/wp-json\/wp\/v2\/posts"}],"about":[{"href":"https:\/\/www.redeinspiraeducadores.com.br\/en\/wp-json\/wp\/v2\/types\/post"}],"author":[{"embeddable":true,"href":"https:\/\/www.redeinspiraeducadores.com.br\/en\/wp-json\/wp\/v2\/users\/1"}],"replies":[{"embeddable":true,"href":"https:\/\/www.redeinspiraeducadores.com.br\/en\/wp-json\/wp\/v2\/comments?post=4641"}],"version-history":[{"count":0,"href":"https:\/\/www.redeinspiraeducadores.com.br\/en\/wp-json\/wp\/v2\/posts\/4641\/revisions"}],"wp:featuredmedia":[{"embeddable":true,"href":"https:\/\/www.redeinspiraeducadores.com.br\/en\/wp-json\/wp\/v2\/media\/4642"}],"wp:attachment":[{"href":"https:\/\/www.redeinspiraeducadores.com.br\/en\/wp-json\/wp\/v2\/media?parent=4641"}],"wp:term":[{"taxonomy":"category","embeddable":true,"href":"https:\/\/www.redeinspiraeducadores.com.br\/en\/wp-json\/wp\/v2\/categories?post=4641"},{"taxonomy":"post_tag","embeddable":true,"href":"https:\/\/www.redeinspiraeducadores.com.br\/en\/wp-json\/wp\/v2\/tags?post=4641"}],"curies":[{"name":"wp","href":"https:\/\/api.w.org\/{rel}","templated":true}]}}