{"id":4566,"date":"2021-11-18T19:58:31","date_gmt":"2021-11-18T19:58:31","guid":{"rendered":"https:\/\/www.redeinspiraeducadores.com.br\/?p=4566"},"modified":"2021-11-18T19:58:31","modified_gmt":"2021-11-18T19:58:31","slug":"saude-mental-dos-estudantes","status":"publish","type":"post","link":"https:\/\/www.redeinspiraeducadores.com.br\/en\/saude-mental-dos-estudantes\/","title":{"rendered":"Qual \u00e9 o papel de uma escola na sa\u00fade mental dos estudantes?"},"content":{"rendered":"<p>A sa\u00fade mental \u00e9 uma parte fundamental para o equil\u00edbrio da vida como um todo. Sem ela, fica dif\u00edcil exercer qualquer outro tipo de atividade cotidiana. Por isso, quando se trata de educa\u00e7\u00e3o, \u00e9 responsabilidade das <a href=\"https:\/\/www.redeinspiraeducadores.com.br\/en\/?p=1011\" target=\"_blank\" rel=\"noopener\">escolas<\/a> zelar pela sa\u00fade mental dos estudantes.<\/p>\n<p>Ainda mais no per\u00edodo da pandemia, os problemas psicol\u00f3gicos se intensificaram, exigindo uma aten\u00e7\u00e3o especial dos educadores. Assim, \u00e9 papel das institui\u00e7\u00f5es de ensino oferecer apoio e suporte nesse momento t\u00e3o delicado da vida dos alunos.<\/p>\n<p>Acompanhe o conte\u00fado a seguir e entenda como a escola pode contribuir com a sa\u00fade mental dos estudantes. Confira!<\/p>\n<h2>Qual a responsabilidade da escola?<\/h2>\n<p>Nos \u00faltimos anos, cada vez mais os estudantes t\u00eam enfrentado dificuldades em rela\u00e7\u00e3o \u00e0 sa\u00fade mental. Seja por conta das press\u00f5es em casa, seja pela falta de expectativa com o futuro, os sintomas do problema podem prejudicar o rendimento do aluno, os professores e impactar significativamente o aprendizado.<\/p>\n<p>Neste sentido, as in\u00fameras press\u00f5es vivenciadas cotidianamente acabam amea\u00e7ando a pr\u00f3pria <a href=\"https:\/\/www.redeinspiraeducadores.com.br\/en\/?p=1016\" target=\"_blank\" rel=\"noopener\">qualidade da educa\u00e7\u00e3o<\/a>, fazendo com que os estudantes se sintam desmotivados para dar continuidade \u00e0s tarefas do dia a dia.<\/p>\n<p>A escola, como principal agente educador, tem uma responsabilidade consider\u00e1vel para manter o bom desempenho dos alunos. Al\u00e9m do suporte psicol\u00f3gico, ela deve estar sempre atenta a observar quais s\u00e3o as maiores dificuldades apresentadas pelos alunos. Em alguns casos, ser\u00e1 necess\u00e1rio intervir e buscar por outros profissionais especializados em sa\u00fade mental para ajudar.<\/p>\n<h2>Como a escola pode ajudar os estudantes nesse sentido?<\/h2>\n<p>A vida acad\u00eamica \u00e9 cheia de desafios e, por isso, todos os estudantes devem ser tratados com muito cuidado, at\u00e9 mesmo para n\u00e3o terem o desempenho escolar comprometido. A escola tem o papel de reconhecer os pequenos sinais di\u00e1rios que podem estar causando o desequil\u00edbrio emocional.<\/p>\n<p>Sem uma aten\u00e7\u00e3o especial sobre a sa\u00fade mental do corpo acad\u00eamico, a institui\u00e7\u00e3o de ensino tamb\u00e9m pode sofrer abalos em seu n\u00edvel de qualidade a longo prazo. Assim, se poss\u00edvel, a gest\u00e3o escolar deve se antecipar e buscar adotar pr\u00e1ticas e a\u00e7\u00f5es estrat\u00e9gicas para contornar o problema.<\/p>\n<p>Acompanhe a seguir o que pode ser feito para auxiliar os alunos no cuidado com a sa\u00fade mental.<\/p>\n<h3>Ofere\u00e7a a ajuda de especialistas<\/h3>\n<p>\u00c9 importante que a escola conte com uma equipe capacitada, como psiquiatras, psic\u00f3logos, entre outros profissionais especializados no assunto. Desta forma, os estudantes podem cuidar melhor de si mesmos e ter o bem-estar favorecido. Por esse motivo, perceber os sinais nos alunos antes mesmo que o problema se intensifique \u00e9 crucial.<\/p>\n<h3>Ajude na organiza\u00e7\u00e3o do tempo<\/h3>\n<p>A falta de organiza\u00e7\u00e3o e planejamento pode levar os alunos a terem a sa\u00fade mental abalada, seja pelo ac\u00famulo de tarefas, seja pela ansiedade de n\u00e3o conseguir fazer todas as atividades. \u00c9 importante que os educadores orientem os estudantes a terem hor\u00e1rios para cada uma das tarefas cotidianas. A institui\u00e7\u00e3o de ensino tamb\u00e9m pode distribuir agendas para auxiliar nesse sentido.<\/p>\n<h3>Tenha um espa\u00e7o de descanso e lazer<\/h3>\n<p>Da mesma forma, a escola deve oferecer espa\u00e7os de lazer e descanso para que os estudantes consigam se expressar e se relacionar uns com os outros. Na hora do recreio, por exemplo, a institui\u00e7\u00e3o pode organizar atividades para se aproximar ainda mais da realidade educativa.<\/p>\n<p>A sa\u00fade mental dos estudantes \u00e9 um assunto cada vez mais em alta, ainda mais com a determina\u00e7\u00e3o de isolamento social devido \u00e0 pandemia. Sendo assim, \u00e9 papel da escola colocar em pr\u00e1tica as dicas citadas, uma vez que a aprendizagem pode ser seriamente impactada.<\/p>\n<p>Gostou do conte\u00fado? Ent\u00e3o deixe o seu coment\u00e1rio e contribua para o debate sobre o tema!<\/p>","protected":false},"excerpt":{"rendered":"<p>A sa\u00fade mental \u00e9 uma parte fundamental para o equil\u00edbrio da vida como um todo. Sem ela, fica dif\u00edcil exercer [&hellip;]<\/p>\n","protected":false},"author":1,"featured_media":4577,"comment_status":"open","ping_status":"open","sticky":false,"template":"","format":"standard","meta":{"site-sidebar-layout":"default","site-content-layout":"","ast-site-content-layout":"default","site-content-style":"default","site-sidebar-style":"default","ast-global-header-display":"","ast-banner-title-visibility":"","ast-main-header-display":"","ast-hfb-above-header-display":"","ast-hfb-below-header-display":"","ast-hfb-mobile-header-display":"","site-post-title":"","ast-breadcrumbs-content":"","ast-featured-img":"","footer-sml-layout":"","ast-disable-related-posts":"","theme-transparent-header-meta":"","adv-header-id-meta":"","stick-header-meta":"","header-above-stick-meta":"","header-main-stick-meta":"","header-below-stick-meta":"","astra-migrate-meta-layouts":"default","ast-page-background-enabled":"default","ast-page-background-meta":{"desktop":{"background-color":"var(--ast-global-color-5)","background-image":"","background-repeat":"repeat","background-position":"center center","background-size":"auto","background-attachment":"scroll","background-type":"","background-media":"","overlay-type":"","overlay-color":"","overlay-opacity":"","overlay-gradient":""},"tablet":{"background-color":"","background-image":"","background-repeat":"repeat","background-position":"center center","background-size":"auto","background-attachment":"scroll","background-type":"","background-media":"","overlay-type":"","overlay-color":"","overlay-opacity":"","overlay-gradient":""},"mobile":{"background-color":"","background-image":"","background-repeat":"repeat","background-position":"center center","background-size":"auto","background-attachment":"scroll","background-type":"","background-media":"","overlay-type":"","overlay-color":"","overlay-opacity":"","overlay-gradient":""}},"ast-content-background-meta":{"desktop":{"background-color":"var(--ast-global-color-4)","background-image":"","background-repeat":"repeat","background-position":"center center","background-size":"auto","background-attachment":"scroll","background-type":"","background-media":"","overlay-type":"","overlay-color":"","overlay-opacity":"","overlay-gradient":""},"tablet":{"background-color":"var(--ast-global-color-4)","background-image":"","background-repeat":"repeat","background-position":"center center","background-size":"auto","background-attachment":"scroll","background-type":"","background-media":"","overlay-type":"","overlay-color":"","overlay-opacity":"","overlay-gradient":""},"mobile":{"background-color":"var(--ast-global-color-4)","background-image":"","background-repeat":"repeat","background-position":"center center","background-size":"auto","background-attachment":"scroll","background-type":"","background-media":"","overlay-type":"","overlay-color":"","overlay-opacity":"","overlay-gradient":""}},"footnotes":""},"categories":[8,9],"tags":[],"class_list":["post-4566","post","type-post","status-publish","format-standard","has-post-thumbnail","hentry","category-blog","category-gestao-escolar"],"_links":{"self":[{"href":"https:\/\/www.redeinspiraeducadores.com.br\/en\/wp-json\/wp\/v2\/posts\/4566","targetHints":{"allow":["GET"]}}],"collection":[{"href":"https:\/\/www.redeinspiraeducadores.com.br\/en\/wp-json\/wp\/v2\/posts"}],"about":[{"href":"https:\/\/www.redeinspiraeducadores.com.br\/en\/wp-json\/wp\/v2\/types\/post"}],"author":[{"embeddable":true,"href":"https:\/\/www.redeinspiraeducadores.com.br\/en\/wp-json\/wp\/v2\/users\/1"}],"replies":[{"embeddable":true,"href":"https:\/\/www.redeinspiraeducadores.com.br\/en\/wp-json\/wp\/v2\/comments?post=4566"}],"version-history":[{"count":0,"href":"https:\/\/www.redeinspiraeducadores.com.br\/en\/wp-json\/wp\/v2\/posts\/4566\/revisions"}],"wp:featuredmedia":[{"embeddable":true,"href":"https:\/\/www.redeinspiraeducadores.com.br\/en\/wp-json\/wp\/v2\/media\/4577"}],"wp:attachment":[{"href":"https:\/\/www.redeinspiraeducadores.com.br\/en\/wp-json\/wp\/v2\/media?parent=4566"}],"wp:term":[{"taxonomy":"category","embeddable":true,"href":"https:\/\/www.redeinspiraeducadores.com.br\/en\/wp-json\/wp\/v2\/categories?post=4566"},{"taxonomy":"post_tag","embeddable":true,"href":"https:\/\/www.redeinspiraeducadores.com.br\/en\/wp-json\/wp\/v2\/tags?post=4566"}],"curies":[{"name":"wp","href":"https:\/\/api.w.org\/{rel}","templated":true}]}}