{"id":4551,"date":"2021-11-09T14:53:36","date_gmt":"2021-11-09T14:53:36","guid":{"rendered":"https:\/\/www.redeinspiraeducadores.com.br\/?p=4551"},"modified":"2021-11-09T14:53:36","modified_gmt":"2021-11-09T14:53:36","slug":"medalhas-oba-colegioportinari","status":"publish","type":"post","link":"https:\/\/www.redeinspiraeducadores.com.br\/en\/medalhas-oba-colegioportinari\/","title":{"rendered":"Estudantes de Salvador conquistam 10 medalhas em Olimp\u00edada Nacional de Astronomia"},"content":{"rendered":"<p>Os estudantes do <a href=\"http:\/\/www.portinari-ba.com.br\/\" target=\"_blank\" rel=\"noreferrer noopener\">Col\u00e9gio C\u00e2ndido Portinari <\/a>conquistaram 5 medalhas de ouro, 2 de prata e 3 de bronze.<\/p>\n\n\n\n<p><\/p>\n\n\n\n<p>A 24\u00aa edi\u00e7\u00e3o da Olimp\u00edada Brasileira de Astronomia e Astron\u00e1utica \u2013 OBA \u2013 anunciou os resultados finais e 10 medalhas foram trazidas para Salvador por alunos com idade entre 9 e 15 anos. Os estudantes do Col\u00e9gio C\u00e2ndido Portinari conquistaram 5 medalhas de ouro, 2 de prata e 3 de bronze.&nbsp;<\/p>\n\n\n\n<p>A competi\u00e7\u00e3o reuniu escolas p\u00fablicas e privadas de todo o Brasil. Foram ao lugar mais alto do p\u00f3dio, conquistando a medalha de ouro, Enzo Moreira, da 1\u00aa s\u00e9rie do ensino m\u00e9dio; Guilherme Nunes, do 4\u00b0 ano do Fundamental Anos Inicias; Ingrid Sena, do 9\u00b0 ano do Fundamental Anos Finais; Isadora Hernandez, da 1\u00aa s\u00e9rie do Ensino M\u00e9dio; e J\u00falia de Araujo, do 5\u00b0 ano Fundamental Anos Inicias.<\/p>\n\n\n\n<p>O professor de Biologia, Luiz Amorim, representante do Portinari na olimp\u00edada, conta que entre os destaques de ouro, Enzo Moreira, de apenas 14 anos, participou pela 1\u00aa vez de uma competi\u00e7\u00e3o nacional, e j\u00e1 estreou com pontua\u00e7\u00e3o m\u00e1xima. Os demais medalhistas s\u00e3o veteranos em competi\u00e7\u00f5es. &#8220;Muito feliz em ver a conquista desses alunos. Todos eles se dedicaram muito. O col\u00e9gio \u00e9 um grande incentivador, inscreve todos e d\u00e1 suporte, porque acredita muito no potencial de desenvolvimento que esses eventos proporcionam para eles&#8221;, explica.<\/p>\n\n\n\n<p>As medalhas de prata foram para as alunas Clara Beatriz Costa, do 9\u00b0 ano do Fundamental Anos Finais; e Paola Sena, do 6\u00b0 ano Fundamental Anos Finais. Conquistaram o bronze: Manuela Lobo, do 4\u00b0 ano do Fundamental Anos Inicias; Ana Luiza Amorim, do 7\u00b0 ano do Fundamental Anos Finais; e Guilherme Andrade, do 9\u00b0 ano do Fundamental Anos Finais.<\/p>\n\n\n\n<p>Organizada pela Sociedade Astron\u00f4mica Brasileira \u2013 SAB \u2013 em parceria com a Ag\u00eancia Espacial Brasileira \u2013 AEB, a OBA foi criada em 1998 tem como objetivo difundir entre os jovens o interesse pela astronomia, astron\u00e1utica e ci\u00eancias afins. Dividido em quatro n\u00edveis, de acordo com as s\u00e9ries dos participantes, o projeto re\u00fane alunos do 1\u00ba ano do ensino fundamental at\u00e9 a 3\u00aa s\u00e9rie do ensino m\u00e9dio. Outras informa\u00e7\u00f5es est\u00e3o dispon\u00edveis no site oficial&nbsp;<a href=\"http:\/\/www.oba.org.br\/\" target=\"_blank\" rel=\"noreferrer noopener\">www.oba.org.br<\/a>.<\/p>\n\n\n\n<p><strong>Lista de alunos medalhistas<\/strong><\/p>\n\n\n\n<p><strong>Ouro<\/strong><\/p>\n\n\n\n<p>Enzo Moreira &#8211; 1\u00aa s\u00e9rie ensino m\u00e9dio<\/p>\n\n\n\n<p>Guilherme Nunes &#8211; 4\u00b0 ano fundamental anos iniciais<\/p>\n\n\n\n<p>Ingrid Sena &#8211; 9\u00b0 ano fundamental anos finais<\/p>\n\n\n\n<p>Isadora Hernandez &#8211; 1\u00aa s\u00e9rie ensino m\u00e9dio<\/p>\n\n\n\n<p>J\u00falia de Araujo &#8211; 5\u00b0 ano fundamental anos iniciais<\/p>\n\n\n\n<p><strong>Prata<\/strong><\/p>\n\n\n\n<p>Clara Beatriz Costa &#8211; 9\u00b0 ano fundamental anos finais<\/p>\n\n\n\n<p>Paola Sena &#8211; 6\u00b0 ano fundamental anos finais<\/p>\n\n\n\n<p><strong>Bronze<\/strong><\/p>\n\n\n\n<p>Manuela Lobo &#8211; 4\u00b0 ano fundamental anos iniciais<\/p>\n\n\n\n<p>Ana Luiza Amorim &#8211; 7\u00b0 ano fundamental anos finais<\/p>\n\n\n\n<p>Guilherme Andrade &#8211; 9\u00b0 ano fundamental anos finais<\/p>\n\n\n\n<p>Fonte: <a href=\"https:\/\/www.bahiajornal.com.br\/noticia\/28113\/estudantes-de-salvador-conquistam-10-medalhas-em-olimpiada-nacional-de-astronomia\" target=\"_blank\" rel=\"noreferrer noopener\">Bahia.jornal<\/a><\/p>","protected":false},"excerpt":{"rendered":"<p>Os estudantes do Col\u00e9gio C\u00e2ndido Portinari conquistaram 5 medalhas de ouro, 2 de prata e 3 de bronze. A 24\u00aa [&hellip;]<\/p>\n","protected":false},"author":1,"featured_media":4552,"comment_status":"open","ping_status":"open","sticky":false,"template":"","format":"standard","meta":{"site-sidebar-layout":"default","site-content-layout":"","ast-site-content-layout":"default","site-content-style":"default","site-sidebar-style":"default","ast-global-header-display":"","ast-banner-title-visibility":"","ast-main-header-display":"","ast-hfb-above-header-display":"","ast-hfb-below-header-display":"","ast-hfb-mobile-header-display":"","site-post-title":"","ast-breadcrumbs-content":"","ast-featured-img":"","footer-sml-layout":"","ast-disable-related-posts":"","theme-transparent-header-meta":"","adv-header-id-meta":"","stick-header-meta":"","header-above-stick-meta":"","header-main-stick-meta":"","header-below-stick-meta":"","astra-migrate-meta-layouts":"default","ast-page-background-enabled":"default","ast-page-background-meta":{"desktop":{"background-color":"var(--ast-global-color-5)","background-image":"","background-repeat":"repeat","background-position":"center center","background-size":"auto","background-attachment":"scroll","background-type":"","background-media":"","overlay-type":"","overlay-color":"","overlay-opacity":"","overlay-gradient":""},"tablet":{"background-color":"","background-image":"","background-repeat":"repeat","background-position":"center center","background-size":"auto","background-attachment":"scroll","background-type":"","background-media":"","overlay-type":"","overlay-color":"","overlay-opacity":"","overlay-gradient":""},"mobile":{"background-color":"","background-image":"","background-repeat":"repeat","background-position":"center center","background-size":"auto","background-attachment":"scroll","background-type":"","background-media":"","overlay-type":"","overlay-color":"","overlay-opacity":"","overlay-gradient":""}},"ast-content-background-meta":{"desktop":{"background-color":"var(--ast-global-color-4)","background-image":"","background-repeat":"repeat","background-position":"center center","background-size":"auto","background-attachment":"scroll","background-type":"","background-media":"","overlay-type":"","overlay-color":"","overlay-opacity":"","overlay-gradient":""},"tablet":{"background-color":"var(--ast-global-color-4)","background-image":"","background-repeat":"repeat","background-position":"center center","background-size":"auto","background-attachment":"scroll","background-type":"","background-media":"","overlay-type":"","overlay-color":"","overlay-opacity":"","overlay-gradient":""},"mobile":{"background-color":"var(--ast-global-color-4)","background-image":"","background-repeat":"repeat","background-position":"center center","background-size":"auto","background-attachment":"scroll","background-type":"","background-media":"","overlay-type":"","overlay-color":"","overlay-opacity":"","overlay-gradient":""}},"footnotes":""},"categories":[12],"tags":[],"class_list":["post-4551","post","type-post","status-publish","format-standard","has-post-thumbnail","hentry","category-noticias"],"_links":{"self":[{"href":"https:\/\/www.redeinspiraeducadores.com.br\/en\/wp-json\/wp\/v2\/posts\/4551","targetHints":{"allow":["GET"]}}],"collection":[{"href":"https:\/\/www.redeinspiraeducadores.com.br\/en\/wp-json\/wp\/v2\/posts"}],"about":[{"href":"https:\/\/www.redeinspiraeducadores.com.br\/en\/wp-json\/wp\/v2\/types\/post"}],"author":[{"embeddable":true,"href":"https:\/\/www.redeinspiraeducadores.com.br\/en\/wp-json\/wp\/v2\/users\/1"}],"replies":[{"embeddable":true,"href":"https:\/\/www.redeinspiraeducadores.com.br\/en\/wp-json\/wp\/v2\/comments?post=4551"}],"version-history":[{"count":0,"href":"https:\/\/www.redeinspiraeducadores.com.br\/en\/wp-json\/wp\/v2\/posts\/4551\/revisions"}],"wp:featuredmedia":[{"embeddable":true,"href":"https:\/\/www.redeinspiraeducadores.com.br\/en\/wp-json\/wp\/v2\/media\/4552"}],"wp:attachment":[{"href":"https:\/\/www.redeinspiraeducadores.com.br\/en\/wp-json\/wp\/v2\/media?parent=4551"}],"wp:term":[{"taxonomy":"category","embeddable":true,"href":"https:\/\/www.redeinspiraeducadores.com.br\/en\/wp-json\/wp\/v2\/categories?post=4551"},{"taxonomy":"post_tag","embeddable":true,"href":"https:\/\/www.redeinspiraeducadores.com.br\/en\/wp-json\/wp\/v2\/tags?post=4551"}],"curies":[{"name":"wp","href":"https:\/\/api.w.org\/{rel}","templated":true}]}}