{"id":4535,"date":"2021-11-04T16:14:44","date_gmt":"2021-11-04T16:14:44","guid":{"rendered":"https:\/\/www.redeinspiraeducadores.com.br\/?p=4535"},"modified":"2021-11-04T16:14:44","modified_gmt":"2021-11-04T16:14:44","slug":"sindrome-de-burnout-em-professores","status":"publish","type":"post","link":"https:\/\/www.redeinspiraeducadores.com.br\/en\/sindrome-de-burnout-em-professores\/","title":{"rendered":"S\u00edndrome de Burnout em professores: quais os sintomas e como evitar?"},"content":{"rendered":"<p>Voc\u00ea sabia que a S\u00edndrome de <em>Burnout<\/em> \u00e9 uma condi\u00e7\u00e3o bastante comum entre os professores? Basicamente, ela representa o esgotamento f\u00edsico e mental dos profissionais, podendo impactar diretamente o processo de ensino.<\/p>\n<p>Nos \u00faltimos anos, cada vez mais educadores s\u00e3o afetados pelos sintomas da condi\u00e7\u00e3o. O problema foi intensificado no per\u00edodo da pandemia, uma vez que os docentes passaram a enfrentar uma s\u00e9rie de desafios relacionados \u00e0s pr\u00e1ticas pedag\u00f3gicas e \u00e0 metodologia.<\/p>\n<p>A seguir, fa\u00e7a a leitura do post e entenda quais s\u00e3o as principais causas da S\u00edndrome de <em>Burnout <\/em>em professores!<\/p>\n<h2>O que \u00e9 a S\u00edndrome de <em>Burnout<\/em>?<\/h2>\n<p>A S\u00edndrome de <em>Burnout<\/em>, tamb\u00e9m conhecida como esgotamento f\u00edsico, mental e psicol\u00f3gico, consiste em um dist\u00farbio que afeta diretamente a autoestima das pessoas. Com isso, elas passam a ser menos produtivas e a ter menos motiva\u00e7\u00e3o para exercer as suas fun\u00e7\u00f5es profissionais.<\/p>\n<p>Em geral, as causas s\u00e3o associadas a cargas excessivas de trabalho, que geram grande estresse. A condi\u00e7\u00e3o pode comprometer a vida do educador significativamente, por isso, a <a href=\"https:\/\/www.redeinspiraeducadores.com.br\/en\/?p=1011\" target=\"_blank\" rel=\"noopener\">gest\u00e3o escolar<\/a> deve estar bastante atenta com o bem-estar do corpo docente.<\/p>\n<p>As demandas e a burocracia que envolvem o desenvolvimento das atividades dos profissionais, como planejamentos, relat\u00f3rios e planos de aula, podem refletir no quadro geral da sa\u00fade do indiv\u00edduo. Sem um tratamento adequado, os sintomas podem acabar por influenciar negativamente o processo de aprendizagem, gerando grandes preju\u00edzos at\u00e9 para os alunos.<\/p>\n<h2>Como a S\u00edndrome de <em>Burnout<\/em> impacta os professores?<\/h2>\n<p>A S\u00edndrome de <em>Burnout<\/em> se manifesta a longo prazo e pode ser percebida por meio de alguns sinais. Os sintomas variam de pessoa para pessoa e podem surgir com intensidades diferenciadas, por meio de fadiga f\u00edsica, ansiedade, depress\u00e3o, falta de motiva\u00e7\u00e3o, entre outros.<\/p>\n<p>A seguir, confira outros sintomas caracter\u00edsticos da condi\u00e7\u00e3o aos quais se deve ficar de olho!<\/p>\n<h3>Falta de motiva\u00e7\u00e3o<\/h3>\n<p>Um dos principais sinais da S\u00edndrome de <em>Burnout<\/em> \u00e9 a falta de motiva\u00e7\u00e3o. Ela pode se manifestar de in\u00fameras formas e, em geral, o profissional acaba n\u00e3o encontrando mais motivos para realizar e se dedicar ao trabalho.<\/p>\n<h3>Baixo desempenho<\/h3>\n<p>A S\u00edndrome de <em>Burnout<\/em> pode se estabelecer por um longo per\u00edodo, acabando por levar os professores a terem um baixo desempenho. Para entender se a queda no desempenho \u00e9 apenas uma fase, a indica\u00e7\u00e3o \u00e9 que a gest\u00e3o escolar compare os resultados anteriores com a atual atua\u00e7\u00e3o do educador.<\/p>\n<h3>Ansiedade<\/h3>\n<p>A ansiedade \u00e9 outro sintoma bastante caracter\u00edstico da condi\u00e7\u00e3o, pois o profissional acaba por ter maior preocupa\u00e7\u00e3o com a sua produtividade e com o rendimento em sala de aula.<\/p>\n<h3>Altera\u00e7\u00f5es de humor<\/h3>\n<p>As altera\u00e7\u00f5es de humor tamb\u00e9m ocorrem, uma vez que a S\u00edndrome de <em>Burnout<\/em> acaba gerando insatisfa\u00e7\u00f5es e sensa\u00e7\u00f5es de fracasso. Isso leva \u00e0 frustra\u00e7\u00e3o e, nos piores casos, a uma vis\u00e3o mais pessimista da vida.<\/p>\n<h3>Sentimento de insatisfa\u00e7\u00e3o<\/h3>\n<p>A tend\u00eancia \u00e9 de que o educador se sinta cada vez mais infeliz e insatisfeito com a sua carreira, o que leva \u00e0 falta de motiva\u00e7\u00e3o e \u00e0 dificuldade de se relacionar de forma saud\u00e1vel com os colegas de trabalho.<\/p>\n<p>Quando a S\u00edndrome de <em>Burnout<\/em> em professores ocorre, como visto, \u00e9 fundamental que a escola ajude e ofere\u00e7a apoio para os profissionais. A institui\u00e7\u00e3o sempre deve zelar pela qualidade do processo de ensino, por isso, \u00e9 imprescind\u00edvel que a gest\u00e3o atue para manter a produtividade, sem, \u00e9 claro, deixar de lado o bem-estar e a qualidade de vida dos educadores.<\/p>\n<h2>Como auxiliar os professores com S\u00edndrome de<em> Burnout<\/em>?<\/h2>\n<p>A S\u00edndrome de Burnout afeta, al\u00e9m do ambiente escolar, a qualidade de vida do educador. Isso acaba interferindo na sa\u00fade e no quesito emocional, levando o profissional a uma situa\u00e7\u00e3o de apatia, absente\u00edsmo e vontade de abandonar a profiss\u00e3o.<\/p>\n<p>Para contornar o problema, a escola deve sempre oferecer condi\u00e7\u00f5es de trabalho adequadas e buscar organizar eventos de apoio para melhorar o relacionamento e a motiva\u00e7\u00e3o dos professores.<\/p>\n<p>Outra recomenda\u00e7\u00e3o \u00e9 disponibilizar um psic\u00f3logo para atender especialmente o corpo docente, pois o especialista tem mais chances de compreender as insatisfa\u00e7\u00f5es e as dificuldades enfrentadas pelos educadores.<\/p>\n<p>Este material foi \u00fatil? Aproveite a visita ao blog e compartilhe-o nas suas redes sociais para que as informa\u00e7\u00f5es cheguem a mais pessoas!<\/p>","protected":false},"excerpt":{"rendered":"<p>Voc\u00ea sabia que a S\u00edndrome de Burnout \u00e9 uma condi\u00e7\u00e3o bastante comum entre os professores? Basicamente, ela representa o esgotamento [&hellip;]<\/p>\n","protected":false},"author":1,"featured_media":4536,"comment_status":"open","ping_status":"open","sticky":false,"template":"","format":"standard","meta":{"site-sidebar-layout":"default","site-content-layout":"","ast-site-content-layout":"default","site-content-style":"default","site-sidebar-style":"default","ast-global-header-display":"","ast-banner-title-visibility":"","ast-main-header-display":"","ast-hfb-above-header-display":"","ast-hfb-below-header-display":"","ast-hfb-mobile-header-display":"","site-post-title":"","ast-breadcrumbs-content":"","ast-featured-img":"","footer-sml-layout":"","ast-disable-related-posts":"","theme-transparent-header-meta":"","adv-header-id-meta":"","stick-header-meta":"","header-above-stick-meta":"","header-main-stick-meta":"","header-below-stick-meta":"","astra-migrate-meta-layouts":"default","ast-page-background-enabled":"default","ast-page-background-meta":{"desktop":{"background-color":"var(--ast-global-color-5)","background-image":"","background-repeat":"repeat","background-position":"center center","background-size":"auto","background-attachment":"scroll","background-type":"","background-media":"","overlay-type":"","overlay-color":"","overlay-opacity":"","overlay-gradient":""},"tablet":{"background-color":"","background-image":"","background-repeat":"repeat","background-position":"center center","background-size":"auto","background-attachment":"scroll","background-type":"","background-media":"","overlay-type":"","overlay-color":"","overlay-opacity":"","overlay-gradient":""},"mobile":{"background-color":"","background-image":"","background-repeat":"repeat","background-position":"center center","background-size":"auto","background-attachment":"scroll","background-type":"","background-media":"","overlay-type":"","overlay-color":"","overlay-opacity":"","overlay-gradient":""}},"ast-content-background-meta":{"desktop":{"background-color":"var(--ast-global-color-4)","background-image":"","background-repeat":"repeat","background-position":"center center","background-size":"auto","background-attachment":"scroll","background-type":"","background-media":"","overlay-type":"","overlay-color":"","overlay-opacity":"","overlay-gradient":""},"tablet":{"background-color":"var(--ast-global-color-4)","background-image":"","background-repeat":"repeat","background-position":"center center","background-size":"auto","background-attachment":"scroll","background-type":"","background-media":"","overlay-type":"","overlay-color":"","overlay-opacity":"","overlay-gradient":""},"mobile":{"background-color":"var(--ast-global-color-4)","background-image":"","background-repeat":"repeat","background-position":"center center","background-size":"auto","background-attachment":"scroll","background-type":"","background-media":"","overlay-type":"","overlay-color":"","overlay-opacity":"","overlay-gradient":""}},"footnotes":""},"categories":[8,9],"tags":[],"class_list":["post-4535","post","type-post","status-publish","format-standard","has-post-thumbnail","hentry","category-blog","category-gestao-escolar"],"_links":{"self":[{"href":"https:\/\/www.redeinspiraeducadores.com.br\/en\/wp-json\/wp\/v2\/posts\/4535","targetHints":{"allow":["GET"]}}],"collection":[{"href":"https:\/\/www.redeinspiraeducadores.com.br\/en\/wp-json\/wp\/v2\/posts"}],"about":[{"href":"https:\/\/www.redeinspiraeducadores.com.br\/en\/wp-json\/wp\/v2\/types\/post"}],"author":[{"embeddable":true,"href":"https:\/\/www.redeinspiraeducadores.com.br\/en\/wp-json\/wp\/v2\/users\/1"}],"replies":[{"embeddable":true,"href":"https:\/\/www.redeinspiraeducadores.com.br\/en\/wp-json\/wp\/v2\/comments?post=4535"}],"version-history":[{"count":0,"href":"https:\/\/www.redeinspiraeducadores.com.br\/en\/wp-json\/wp\/v2\/posts\/4535\/revisions"}],"wp:featuredmedia":[{"embeddable":true,"href":"https:\/\/www.redeinspiraeducadores.com.br\/en\/wp-json\/wp\/v2\/media\/4536"}],"wp:attachment":[{"href":"https:\/\/www.redeinspiraeducadores.com.br\/en\/wp-json\/wp\/v2\/media?parent=4535"}],"wp:term":[{"taxonomy":"category","embeddable":true,"href":"https:\/\/www.redeinspiraeducadores.com.br\/en\/wp-json\/wp\/v2\/categories?post=4535"},{"taxonomy":"post_tag","embeddable":true,"href":"https:\/\/www.redeinspiraeducadores.com.br\/en\/wp-json\/wp\/v2\/tags?post=4535"}],"curies":[{"name":"wp","href":"https:\/\/api.w.org\/{rel}","templated":true}]}}