{"id":4366,"date":"2021-05-03T17:07:00","date_gmt":"2021-05-03T17:07:00","guid":{"rendered":"http:\/\/www.redeinspiraeducadores.com.br\/?p=4316"},"modified":"2021-05-03T17:07:00","modified_gmt":"2021-05-03T17:07:00","slug":"escolas-idaam-entram-para-a-inspira-rede-de-educadores","status":"publish","type":"post","link":"https:\/\/www.redeinspiraeducadores.com.br\/en\/escolas-idaam-entram-para-a-inspira-rede-de-educadores\/","title":{"rendered":"Escolas IDAAM entram para a Inspira Rede de Educadores"},"content":{"rendered":"<p>Com 14 anos de tradi\u00e7\u00e3o no mercado de Manaus, as Escolas IDAAM se associaram \u00e0 Inspira Rede de Educadores, uma das maiores operadoras de escola do Brasil que, com pouco mais de tr\u00eas anos de funda\u00e7\u00e3o, opera 60 escolas, impactando mais de 32 mil alunos de Norte a Sul do pa\u00eds.&nbsp;<\/p>\n\n\n\n<p>A uni\u00e3o com a Inspira n\u00e3o modifica os valores, projeto pedag\u00f3gico e gest\u00e3o das escolas, a associa\u00e7\u00e3o tem por objetivo o aumento em investimentos, tecnologia e desenvolvimento de pessoas, al\u00e9m da refor\u00e7ar as diretrizes pedag\u00f3gicas j\u00e1 desenvolvidas na institui\u00e7\u00e3o. A manuten\u00e7\u00e3o e fortalecimento da proposta de valor das escolas que se associam \u00e0 rede \u00e9 um diferencial da companhia, que acredita na liberdade metodol\u00f3gica e na regionalidade como for\u00e7as para transforma\u00e7\u00e3o do ensino e do pa\u00eds.<\/p>\n\n\n\n<p>\u201cA associa\u00e7\u00e3o de uma institui\u00e7\u00e3o tradicional como as Escolas IDAAM \u00e0 Inspira \u00e9 em favor da educa\u00e7\u00e3o de qualidade. Nosso foco \u00e9 reunir escolas de excel\u00eancia de todo o pa\u00eds, mantendo o legado pedag\u00f3gico e oportunizar investimentos em tecnologia, desenvolvimento de pessoas e expans\u00e3o\u201d, afirma Andr\u00e9 Aguiar, fundador e CEO da Inspira Rede de Educadores, que est\u00e1 presente em 13 estados brasileiros.<\/p>","protected":false},"excerpt":{"rendered":"<p>Com 14 anos de tradi\u00e7\u00e3o no mercado de Manaus, as Escolas IDAAM se associaram \u00e0 Inspira Rede de Educadores, uma [&hellip;]<\/p>\n","protected":false},"author":1,"featured_media":4317,"comment_status":"open","ping_status":"open","sticky":false,"template":"","format":"standard","meta":{"site-sidebar-layout":"default","site-content-layout":"","ast-site-content-layout":"default","site-content-style":"default","site-sidebar-style":"default","ast-global-header-display":"","ast-banner-title-visibility":"","ast-main-header-display":"","ast-hfb-above-header-display":"","ast-hfb-below-header-display":"","ast-hfb-mobile-header-display":"","site-post-title":"","ast-breadcrumbs-content":"","ast-featured-img":"","footer-sml-layout":"","ast-disable-related-posts":"","theme-transparent-header-meta":"","adv-header-id-meta":"","stick-header-meta":"","header-above-stick-meta":"","header-main-stick-meta":"","header-below-stick-meta":"","astra-migrate-meta-layouts":"default","ast-page-background-enabled":"default","ast-page-background-meta":{"desktop":{"background-color":"var(--ast-global-color-5)","background-image":"","background-repeat":"repeat","background-position":"center center","background-size":"auto","background-attachment":"scroll","background-type":"","background-media":"","overlay-type":"","overlay-color":"","overlay-opacity":"","overlay-gradient":""},"tablet":{"background-color":"","background-image":"","background-repeat":"repeat","background-position":"center center","background-size":"auto","background-attachment":"scroll","background-type":"","background-media":"","overlay-type":"","overlay-color":"","overlay-opacity":"","overlay-gradient":""},"mobile":{"background-color":"","background-image":"","background-repeat":"repeat","background-position":"center center","background-size":"auto","background-attachment":"scroll","background-type":"","background-media":"","overlay-type":"","overlay-color":"","overlay-opacity":"","overlay-gradient":""}},"ast-content-background-meta":{"desktop":{"background-color":"var(--ast-global-color-4)","background-image":"","background-repeat":"repeat","background-position":"center center","background-size":"auto","background-attachment":"scroll","background-type":"","background-media":"","overlay-type":"","overlay-color":"","overlay-opacity":"","overlay-gradient":""},"tablet":{"background-color":"var(--ast-global-color-4)","background-image":"","background-repeat":"repeat","background-position":"center center","background-size":"auto","background-attachment":"scroll","background-type":"","background-media":"","overlay-type":"","overlay-color":"","overlay-opacity":"","overlay-gradient":""},"mobile":{"background-color":"var(--ast-global-color-4)","background-image":"","background-repeat":"repeat","background-position":"center center","background-size":"auto","background-attachment":"scroll","background-type":"","background-media":"","overlay-type":"","overlay-color":"","overlay-opacity":"","overlay-gradient":""}},"footnotes":""},"categories":[12],"tags":[],"class_list":["post-4366","post","type-post","status-publish","format-standard","has-post-thumbnail","hentry","category-noticias"],"_links":{"self":[{"href":"https:\/\/www.redeinspiraeducadores.com.br\/en\/wp-json\/wp\/v2\/posts\/4366","targetHints":{"allow":["GET"]}}],"collection":[{"href":"https:\/\/www.redeinspiraeducadores.com.br\/en\/wp-json\/wp\/v2\/posts"}],"about":[{"href":"https:\/\/www.redeinspiraeducadores.com.br\/en\/wp-json\/wp\/v2\/types\/post"}],"author":[{"embeddable":true,"href":"https:\/\/www.redeinspiraeducadores.com.br\/en\/wp-json\/wp\/v2\/users\/1"}],"replies":[{"embeddable":true,"href":"https:\/\/www.redeinspiraeducadores.com.br\/en\/wp-json\/wp\/v2\/comments?post=4366"}],"version-history":[{"count":0,"href":"https:\/\/www.redeinspiraeducadores.com.br\/en\/wp-json\/wp\/v2\/posts\/4366\/revisions"}],"wp:featuredmedia":[{"embeddable":true,"href":"https:\/\/www.redeinspiraeducadores.com.br\/en\/wp-json\/wp\/v2\/media\/4317"}],"wp:attachment":[{"href":"https:\/\/www.redeinspiraeducadores.com.br\/en\/wp-json\/wp\/v2\/media?parent=4366"}],"wp:term":[{"taxonomy":"category","embeddable":true,"href":"https:\/\/www.redeinspiraeducadores.com.br\/en\/wp-json\/wp\/v2\/categories?post=4366"},{"taxonomy":"post_tag","embeddable":true,"href":"https:\/\/www.redeinspiraeducadores.com.br\/en\/wp-json\/wp\/v2\/tags?post=4366"}],"curies":[{"name":"wp","href":"https:\/\/api.w.org\/{rel}","templated":true}]}}