{"id":4365,"date":"2021-04-08T01:52:00","date_gmt":"2021-04-08T01:52:00","guid":{"rendered":"http:\/\/www.redeinspiraeducadores.com.br\/?p=4273"},"modified":"2021-04-08T01:52:00","modified_gmt":"2021-04-08T01:52:00","slug":"projeto-de-psicoterapia-estudantil-proporciona-acolhimento-gratuito-para-os-alunos","status":"publish","type":"post","link":"https:\/\/www.redeinspiraeducadores.com.br\/en\/projeto-de-psicoterapia-estudantil-proporciona-acolhimento-gratuito-para-os-alunos\/","title":{"rendered":"Projeto de psicoterapia estudantil proporciona acolhimento gratuito para os alunos"},"content":{"rendered":"<p><em><strong>A educa\u00e7\u00e3o foi uma das \u00e1reas mais atingidas e as mudan\u00e7as no formato de ensino aumentaram casos de ansiedade e estresse entre os alunos<\/strong><\/em><\/p>\n\n\n\n<p>A pandemia causada pelo novo coronav\u00edrus alterou rotinas e impactou diretamente na sa\u00fade mental das pessoas. Pouco mais de um ano, o Brasil vive o pior momento desde o in\u00edcio da pandemia, com o aumento dos casos em uma segunda onda totalmente estabelecida.&nbsp;<\/p>\n\n\n\n<p>Com isso, a educa\u00e7\u00e3o foi uma das \u00e1reas mais atingidas e as mudan\u00e7as no formato de ensino aumentaram casos de ansiedade e estresse entre os alunos, que passaram a enfrentar problemas como o medo, a saudade dos amigos e a preocupa\u00e7\u00e3o com o futuro acad\u00eamico.&nbsp;<\/p>\n\n\n\n<p>Algumas escolas buscam formas de ajudar os discentes a enfrentar o momento da melhor forma poss\u00edvel, como o projeto de Psicoterapia Estudantil do <a href=\"https:\/\/www.portalphysics.com.br\/\">Col\u00e9gio&nbsp;Physics<\/a>, voltado para o acompanhamento psicol\u00f3gico dos alunos, que atende de forma gratuita, individual e personalizada, os alunos da rede. Dessa forma, pode-se avaliar o tempo que cada aluno precisa para se reestruturar.&nbsp;<\/p>\n\n\n\n<p>Karina Coelho, psic\u00f3loga do&nbsp;Physics, explica que o objetivo do programa \u00e9 apoiar o envolvimento emocional dos alunos no processo de aprendizagem e acolh\u00ea-los neste momento de incertezas, \u201co v\u00edrus trouxe muita fragilidade para as pessoas, com isso, alguns alunos est\u00e3o sofrendo com o adoecimento, f\u00edsico e emocional. Muitos dos nossos jovens n\u00e3o t\u00eam a maturidade para lidar com este cen\u00e1rio, para manter a aten\u00e7\u00e3o e a compreens\u00e3o no processo pedag\u00f3gico. O aluno, como qualquer outra pessoa, tem seu processo de fragilidade emocional. Muitos chegam desorientados e precisando de acolhimento, o nosso papel \u00e9 dar apoio, sem julgar ou cobrar, al\u00e9m de ajudar o aluno, da melhor forma poss\u00edvel, a cumprir o programa pedag\u00f3gico.\u201d&nbsp;<\/p>\n\n\n\n<p>A psic\u00f3loga orienta que a comunidade escolar, de professores at\u00e9 familiares, se eduque para entender a perspectiva e as dores que os alunos est\u00e3o enfrentando com a mudan\u00e7a radical do estilo de vida, \u201co momento de pandemia \u00e9, acima de tudo, um per\u00edodo de constante adapta\u00e7\u00e3o para os pais, alunos, professores e gestores escolares. Cuidar da sa\u00fade mental \u00e9 fundamental para que possamos superar todos esses desafios\u201d, completa.&nbsp;<\/p>\n\n\n\n<p>A especialista d\u00e1 algumas dicas de como os pais podem promover um ambiente mais acolhedor para os filhos, neste momento:&nbsp;<\/p>\n\n\n\n<p>\u2013 Para manter a rotina de estudos em casa e dar continuidade ao processo pedag\u00f3gico da escola, os pais devem ajudar os filhos a organizar o tempo, deve haver o m\u00ednimo de monitoramento nos estudos dos filhos, para que n\u00e3o se percam ou atrasem conte\u00fados; estar de olho no boletim escolar, se observar que o filho n\u00e3o foi bem em alguma disciplina, buscar entender os motivos, que podem ser desde n\u00e3o ter compreendido a mat\u00e9ria, algum problema pessoal ou simplesmente n\u00e3o ter entregado trabalhos e provas.&nbsp;<\/p>\n\n\n\n<p>\u2013 Para toda a fam\u00edlia, buscar por momentos de lazer juntos, seja com jogos em casa ou assistindo a um filme; procurar relaxar e meditar sempre que poss\u00edvel, tamb\u00e9m ajudam a diminuir a ansiedade e o estresse.&nbsp;<\/p>\n\n\n\n<p>\u2013 Os pais devem observar o comportamento dos filhos, por isso, conversar \u00e9 a melhor sa\u00edda para conseguir identificar se h\u00e1 algum problema. E, acima de tudo, demonstrar para esta crian\u00e7a ou jovem, que est\u00e1 presente e dispon\u00edvel para ouvi-lo. Buscar criar um ambiente sem julgamentos para que este momento aconte\u00e7a, \u00e9 essencial para que a pessoa tenha confian\u00e7a em se abrir.<\/p>","protected":false},"excerpt":{"rendered":"<p>A educa\u00e7\u00e3o foi uma das \u00e1reas mais atingidas e as mudan\u00e7as no formato de ensino aumentaram casos de ansiedade e [&hellip;]<\/p>\n","protected":false},"author":1,"featured_media":4274,"comment_status":"open","ping_status":"open","sticky":false,"template":"","format":"standard","meta":{"site-sidebar-layout":"default","site-content-layout":"","ast-site-content-layout":"default","site-content-style":"default","site-sidebar-style":"default","ast-global-header-display":"","ast-banner-title-visibility":"","ast-main-header-display":"","ast-hfb-above-header-display":"","ast-hfb-below-header-display":"","ast-hfb-mobile-header-display":"","site-post-title":"","ast-breadcrumbs-content":"","ast-featured-img":"","footer-sml-layout":"","ast-disable-related-posts":"","theme-transparent-header-meta":"","adv-header-id-meta":"","stick-header-meta":"","header-above-stick-meta":"","header-main-stick-meta":"","header-below-stick-meta":"","astra-migrate-meta-layouts":"default","ast-page-background-enabled":"default","ast-page-background-meta":{"desktop":{"background-color":"var(--ast-global-color-5)","background-image":"","background-repeat":"repeat","background-position":"center center","background-size":"auto","background-attachment":"scroll","background-type":"","background-media":"","overlay-type":"","overlay-color":"","overlay-opacity":"","overlay-gradient":""},"tablet":{"background-color":"","background-image":"","background-repeat":"repeat","background-position":"center center","background-size":"auto","background-attachment":"scroll","background-type":"","background-media":"","overlay-type":"","overlay-color":"","overlay-opacity":"","overlay-gradient":""},"mobile":{"background-color":"","background-image":"","background-repeat":"repeat","background-position":"center center","background-size":"auto","background-attachment":"scroll","background-type":"","background-media":"","overlay-type":"","overlay-color":"","overlay-opacity":"","overlay-gradient":""}},"ast-content-background-meta":{"desktop":{"background-color":"var(--ast-global-color-4)","background-image":"","background-repeat":"repeat","background-position":"center center","background-size":"auto","background-attachment":"scroll","background-type":"","background-media":"","overlay-type":"","overlay-color":"","overlay-opacity":"","overlay-gradient":""},"tablet":{"background-color":"var(--ast-global-color-4)","background-image":"","background-repeat":"repeat","background-position":"center center","background-size":"auto","background-attachment":"scroll","background-type":"","background-media":"","overlay-type":"","overlay-color":"","overlay-opacity":"","overlay-gradient":""},"mobile":{"background-color":"var(--ast-global-color-4)","background-image":"","background-repeat":"repeat","background-position":"center center","background-size":"auto","background-attachment":"scroll","background-type":"","background-media":"","overlay-type":"","overlay-color":"","overlay-opacity":"","overlay-gradient":""}},"footnotes":""},"categories":[12],"tags":[],"class_list":["post-4365","post","type-post","status-publish","format-standard","has-post-thumbnail","hentry","category-noticias"],"_links":{"self":[{"href":"https:\/\/www.redeinspiraeducadores.com.br\/en\/wp-json\/wp\/v2\/posts\/4365","targetHints":{"allow":["GET"]}}],"collection":[{"href":"https:\/\/www.redeinspiraeducadores.com.br\/en\/wp-json\/wp\/v2\/posts"}],"about":[{"href":"https:\/\/www.redeinspiraeducadores.com.br\/en\/wp-json\/wp\/v2\/types\/post"}],"author":[{"embeddable":true,"href":"https:\/\/www.redeinspiraeducadores.com.br\/en\/wp-json\/wp\/v2\/users\/1"}],"replies":[{"embeddable":true,"href":"https:\/\/www.redeinspiraeducadores.com.br\/en\/wp-json\/wp\/v2\/comments?post=4365"}],"version-history":[{"count":0,"href":"https:\/\/www.redeinspiraeducadores.com.br\/en\/wp-json\/wp\/v2\/posts\/4365\/revisions"}],"wp:featuredmedia":[{"embeddable":true,"href":"https:\/\/www.redeinspiraeducadores.com.br\/en\/wp-json\/"}],"wp:attachment":[{"href":"https:\/\/www.redeinspiraeducadores.com.br\/en\/wp-json\/wp\/v2\/media?parent=4365"}],"wp:term":[{"taxonomy":"category","embeddable":true,"href":"https:\/\/www.redeinspiraeducadores.com.br\/en\/wp-json\/wp\/v2\/categories?post=4365"},{"taxonomy":"post_tag","embeddable":true,"href":"https:\/\/www.redeinspiraeducadores.com.br\/en\/wp-json\/wp\/v2\/tags?post=4365"}],"curies":[{"name":"wp","href":"https:\/\/api.w.org\/{rel}","templated":true}]}}