{"id":4362,"date":"2021-04-01T15:36:32","date_gmt":"2021-04-01T15:36:32","guid":{"rendered":"http:\/\/wptest.io\/demo\/?p=1016"},"modified":"2021-04-01T15:36:32","modified_gmt":"2021-04-01T15:36:32","slug":"get-news-course-photography-to-start-beautiful-images","status":"publish","type":"post","link":"https:\/\/www.redeinspiraeducadores.com.br\/en\/get-news-course-photography-to-start-beautiful-images\/","title":{"rendered":"Entenda como \u00e9 formada a educa\u00e7\u00e3o b\u00e1sica brasileira!"},"content":{"rendered":"<p><strong>A Educa\u00e7\u00e3o B\u00e1sica Brasileira \u00e9 crucial para a forma\u00e7\u00e3o de jovens cidad\u00e3os. Por este motivo, ela \u00e9 dividida em ciclos que possuem objetivos pr\u00f3prios e metodologias que cont\u00eam caracter\u00edsticas espec\u00edficas para um ensino eficiente.<\/strong><\/p>\n<p>Com o tempo, algumas mudan\u00e7as foram implementadas no sistema educacional a fim de corrigir as defasagens dos modelos anteriores. Pensando nesse cen\u00e1rio, vamos explicar neste texto como a <a href=\"https:\/\/www.redeinspiraeducadores.com.br\/en\/educacao-basica-no-brasil\/\"><strong>Educa\u00e7\u00e3o B\u00e1sica Brasileira<\/strong><\/a> \u00e9 formada. Al\u00e9m disso, vamos abordar quais foram as atualiza\u00e7\u00f5es feitas recentemente.<\/p>\n<p>Boa leitura!<\/p>\n<h2><strong>As etapas da educa\u00e7\u00e3o b\u00e1sica\u00a0\u00a0<\/strong><\/h2>\n<p>Conforme a Lei de Diretrizes e Bases da Educa\u00e7\u00e3o, a educa\u00e7\u00e3o b\u00e1sica \u00e9 obrigat\u00f3ria a partir dos 4 anos de idade. Nas institui\u00e7\u00f5es privadas, o Estado libera o ensino desde que as condi\u00e7\u00f5es estabelecidas pela legisla\u00e7\u00e3o sejam respeitadas.<\/p>\n<p>Formado por tr\u00eas segmentos \u2013 educa\u00e7\u00e3o infantil, ensino fundamental e ensino m\u00e9dio \u2013 o sistema educacional b\u00e1sico \u00e9 norteado pela Base Nacional Comum Curricular (BNCC). Este documento tem como objetivo auxiliar as escolas e os educadores com os conhecimentos essenciais para o desenvolvimento de crian\u00e7as e jovens. Al\u00e9m disso, a BNCC prop\u00f5e estrat\u00e9gias e conceitos que devem ser implementados em cada etapa da educa\u00e7\u00e3o.<\/p>\n<p>Veja como funciona cada segmento:<\/p>\n<h2><strong>Educa\u00e7\u00e3o Infantil\u00a0<\/strong><\/h2>\n<p>A <strong>Educa\u00e7\u00e3o Infantil<\/strong> acontece principalmente nas creches e pr\u00e9-escolas para crian\u00e7as de at\u00e9 5 anos de idade. Nessa etapa, os aspectos f\u00edsicos, psicol\u00f3gicos, intelectuais, culturais e sociais s\u00e3o aprofundados em um primeiro contato com a escola. Por este motivo, \u00e9 uma fase fundamental para o desenvolvimento global dos alunos.<\/p>\n<p>Segundo Raquel Calil, diretora do <a href=\"https:\/\/www.cursouniversitario.com.br\/\">Col\u00e9gio Universit\u00e1rio<\/a>, os estudiosos trazem um olhar diferenciado para a Educa\u00e7\u00e3o Infantil desde os anos 1980. Antes, o modelo era focado apenas no cuidar da crian\u00e7a pequena e, hoje, enfatiza esse per\u00edodo como crucial para a evolu\u00e7\u00e3o da escolariza\u00e7\u00e3o na Educa\u00e7\u00e3o B\u00e1sica.<\/p>\n<blockquote class=\"wp-block-quote\"><p>\u201cEsse segmento passa a ter uma proposta pedag\u00f3gica que vai muito al\u00e9m do cuidado. Traz em si o entendimento da inf\u00e2ncia escolarizada, constru\u00edda por est\u00edmulos educativos formais e com intencionalidade pedag\u00f3gica.\u201d<\/p>\n<p><cite>Raquel Calil, diretora do Col\u00e9gio Universit\u00e1rio<\/cite><\/p><\/blockquote>\n<h2><strong>Ensino Fundamental<\/strong><\/h2>\n<p>O <strong>Ensino Fundamental<\/strong> envolve dois ciclos que t\u00eam dura\u00e7\u00e3o total de 9 anos. Nessa etapa da educa\u00e7\u00e3o b\u00e1sica, o estudante \u00e9 preparado para obter o pleno desenvolvimento da leitura, escrita e c\u00e1lculo. Do mesmo modo, o aluno se capacita para compreender o ambiente social e formar o pensamento cr\u00edtico.<\/p>\n<p>Susana Prado, diretora do <a href=\"https:\/\/www.colegioitamarati.com.br\/\">Col\u00e9gio Itamarati<\/a>, ressalta que essa \u00e9 \u201ca fase mais longa da educa\u00e7\u00e3o b\u00e1sica, na qual o estudante ter\u00e1 a oportunidade de ampliar sua rela\u00e7\u00e3o com o mundo, construir sua identidade e fortalecer sua singularidade\u201d. Ela ainda completa que, nesse momento, a crian\u00e7a n\u00e3o aprende apenas a decodificar letras e n\u00fameros:<\/p>\n<blockquote class=\"wp-block-quote\"><p>\u201c(\u2026) mas tamb\u00e9m a fazer uma leitura de mundo, de si mesmo e do outro de maneira mais complexa e integral, a partir da rica conviv\u00eancia que acontece no cotidiano escolar e no processo de aprimoramento da aten\u00e7\u00e3o, reflex\u00e3o e a\u00e7\u00e3o.\u201d<\/p>\n<p><cite>Susana Prado, diretoria do Col\u00e9gio Itamarati<\/cite><\/p><\/blockquote>\n<p>O ensino fundamental se divide em:<\/p>\n<h3><strong>Anos iniciais<\/strong><\/h3>\n<p>\u00c9 o in\u00edcio do processo de alfabetiza\u00e7\u00e3o. Come\u00e7a no 1\u00ba e se encerra no 5\u00ba ano. Os conte\u00fados introduzidos envolvem conceitos educacionais que estar\u00e3o presentes durante toda a educa\u00e7\u00e3o b\u00e1sica. Crian\u00e7as de 6 a 10 anos formam as turmas do ensino fundamental anos iniciais.<\/p>\n<h3><strong>Anos finais\u00a0<\/strong><\/h3>\n<p>Nesse per\u00edodo, que engloba jovens de 11 a 14 anos, do 6\u00ba ao 9\u00ba ano, a escola aumenta o repert\u00f3rio de conte\u00fados e conhecimentos. Durante essa fase, os estudantes trabalham quest\u00f5es de independ\u00eancia e responsabilidade. Igualmente, a institui\u00e7\u00e3o passa a apresentar ao aluno desafios ainda mais complexos de aprendizagem.<\/p>\n<h2><strong>Ensino M\u00e9dio<\/strong><\/h2>\n<p>O ensino m\u00e9dio encerra o ciclo da educa\u00e7\u00e3o b\u00e1sica e tem dura\u00e7\u00e3o de 3 anos, com foco em alunos de 15 a 17 anos. Geralmente, \u00e9 o per\u00edodo associado \u00e0 prepara\u00e7\u00e3o dos jovens para ingressar nas universidades por meio do ENEM ou demais vestibulares.<\/p>\n<p>Por este motivo, a consolida\u00e7\u00e3o dos conhecimentos adquiridos anteriormente \u00e9 crucial na prepara\u00e7\u00e3o dos alunos para o ensino superior e para o mercado de trabalho.\u00a0 Ademais, essa etapa tamb\u00e9m trabalha a autonomia intelectual, o aprimoramento do pensamento cr\u00edtico e os processos de autoconhecimento.<\/p>\n<p>Para Ivo Lessa, diretor do <a href=\"https:\/\/www.cursoacesso.com.br\/\">Curso e Col\u00e9gio Acesso<\/a>, o Ensino M\u00e9dio \u00e9 uma fase extremamente importante para qualquer jovem:<\/p>\n<p>\u201cNesse segmento, o aluno termina de moldar sua personalidade, pois \u00e9 um per\u00edodo de amadurecimento do autoconhecimento. Isso o deixa preparado, n\u00e3o s\u00f3 academicamente, mas tamb\u00e9m pessoalmente, para a pr\u00f3xima fase da vida: a fase universit\u00e1ria, academicamente falando, e a fase adulta, pessoalmente falando.\u201d, pontua o diretor.<\/p>\n<blockquote class=\"wp-block-quote\"><p>\u201c\u00c9 a hora em que a escola mostra seu papel final \u00e0 sociedade. Ela entregar\u00e1 um jovem preparado para a vida acad\u00eamica, profissional e pessoal com a qualidade que ela, escola, ajudou a moldar, e poder ajudar nessa moldagem final \u00e9 algo maravilhoso e comovente.\u201d<\/p>\n<p><cite>Ivo Lessa, diretor do Curso e Col\u00e9gio Acesso<\/cite><\/p><\/blockquote>\n<h2><strong>Novo ensino m\u00e9dio: mudan\u00e7as na educa\u00e7\u00e3o b\u00e1sica brasileira<\/strong><\/h2>\n<p>Recentemente, a Educa\u00e7\u00e3o B\u00e1sica Brasileira passou por uma mudan\u00e7a no Ensino M\u00e9dio. O novo modelo prev\u00ea o aumento da carga hor\u00e1ria, o desenvolvimento do projeto de vida dos estudantes e a implementa\u00e7\u00e3o de uma parte flex\u00edvel no curr\u00edculo.<\/p>\n<p>Este cen\u00e1rio reflete as mudan\u00e7as previstas na Lei de Diretrizes e Bases da Educa\u00e7\u00e3o (LBD) e no Plano Nacional de Educa\u00e7\u00e3o (PNE). Da mesma forma, a Base Nacional Comum Curricular (BNCC) orienta essas modifica\u00e7\u00f5es. Logo, o Novo Ensino M\u00e9dio busca reduzir os baixos n\u00edveis de aprendizagem e, consequentemente, a evas\u00e3o escolar.<\/p>\n<p>Este processo ser\u00e1 realizado de forma gradual e, por isso, algumas institui\u00e7\u00f5es j\u00e1 adotaram as diretrizes dessa nova metodologia educacional.<\/p>\n<p><strong>Refer\u00eancias:<\/strong><\/p>\n<p><a href=\"https:\/\/www.mundovestibular.com.br\/escola\/educacao-basica\">Veja tudo o que voc\u00ea precisa saber sobre Educa\u00e7\u00e3o B\u00e1sica <\/a><\/p>\n<p><a href=\"https:\/\/www.educamaisbrasil.com.br\/educacao\/escolas\/como-e-formada-a-educacao-basica-brasileira\">Como \u00e9 formada a Educa\u00e7\u00e3o B\u00e1sica Brasileira?<\/a><\/p>\n<p><a href=\"https:\/\/www.sistemadeensinoph.com.br\/blog\/perguntas-e-respostas-sobre-o-novo-ensino-medio\/?utm_campaign=19032021_-_infografico_raio-x_da_reforma_do_ensino_medio__post_ph_perguntas_e_respostas_sobre_o_novo_ensino_medio_-_restante_da_base&amp;utm_medium=email&amp;utm_source=RD+Station\">Perguntas e respostas sobre o novo ensino m\u00e9dio<\/a><\/p>","protected":false},"excerpt":{"rendered":"<p>A Educa\u00e7\u00e3o B\u00e1sica Brasileira \u00e9 crucial para a forma\u00e7\u00e3o de jovens cidad\u00e3os. Por este motivo, ela \u00e9 dividida em ciclos [&hellip;]<\/p>\n","protected":false},"author":1,"featured_media":3990,"comment_status":"open","ping_status":"closed","sticky":false,"template":"","format":"standard","meta":{"site-sidebar-layout":"default","site-content-layout":"","ast-site-content-layout":"default","site-content-style":"default","site-sidebar-style":"default","ast-global-header-display":"","ast-banner-title-visibility":"","ast-main-header-display":"","ast-hfb-above-header-display":"","ast-hfb-below-header-display":"","ast-hfb-mobile-header-display":"","site-post-title":"","ast-breadcrumbs-content":"","ast-featured-img":"","footer-sml-layout":"","ast-disable-related-posts":"","theme-transparent-header-meta":"","adv-header-id-meta":"","stick-header-meta":"","header-above-stick-meta":"","header-main-stick-meta":"","header-below-stick-meta":"","astra-migrate-meta-layouts":"default","ast-page-background-enabled":"default","ast-page-background-meta":{"desktop":{"background-color":"var(--ast-global-color-5)","background-image":"","background-repeat":"repeat","background-position":"center center","background-size":"auto","background-attachment":"scroll","background-type":"","background-media":"","overlay-type":"","overlay-color":"","overlay-opacity":"","overlay-gradient":""},"tablet":{"background-color":"","background-image":"","background-repeat":"repeat","background-position":"center center","background-size":"auto","background-attachment":"scroll","background-type":"","background-media":"","overlay-type":"","overlay-color":"","overlay-opacity":"","overlay-gradient":""},"mobile":{"background-color":"","background-image":"","background-repeat":"repeat","background-position":"center center","background-size":"auto","background-attachment":"scroll","background-type":"","background-media":"","overlay-type":"","overlay-color":"","overlay-opacity":"","overlay-gradient":""}},"ast-content-background-meta":{"desktop":{"background-color":"var(--ast-global-color-4)","background-image":"","background-repeat":"repeat","background-position":"center center","background-size":"auto","background-attachment":"scroll","background-type":"","background-media":"","overlay-type":"","overlay-color":"","overlay-opacity":"","overlay-gradient":""},"tablet":{"background-color":"var(--ast-global-color-4)","background-image":"","background-repeat":"repeat","background-position":"center center","background-size":"auto","background-attachment":"scroll","background-type":"","background-media":"","overlay-type":"","overlay-color":"","overlay-opacity":"","overlay-gradient":""},"mobile":{"background-color":"var(--ast-global-color-4)","background-image":"","background-repeat":"repeat","background-position":"center center","background-size":"auto","background-attachment":"scroll","background-type":"","background-media":"","overlay-type":"","overlay-color":"","overlay-opacity":"","overlay-gradient":""}},"footnotes":""},"categories":[8,11],"tags":[],"class_list":["post-4362","post","type-post","status-publish","format-standard","has-post-thumbnail","hentry","category-blog","category-segmentos-educacionais"],"_links":{"self":[{"href":"https:\/\/www.redeinspiraeducadores.com.br\/en\/wp-json\/wp\/v2\/posts\/4362","targetHints":{"allow":["GET"]}}],"collection":[{"href":"https:\/\/www.redeinspiraeducadores.com.br\/en\/wp-json\/wp\/v2\/posts"}],"about":[{"href":"https:\/\/www.redeinspiraeducadores.com.br\/en\/wp-json\/wp\/v2\/types\/post"}],"author":[{"embeddable":true,"href":"https:\/\/www.redeinspiraeducadores.com.br\/en\/wp-json\/wp\/v2\/users\/1"}],"replies":[{"embeddable":true,"href":"https:\/\/www.redeinspiraeducadores.com.br\/en\/wp-json\/wp\/v2\/comments?post=4362"}],"version-history":[{"count":0,"href":"https:\/\/www.redeinspiraeducadores.com.br\/en\/wp-json\/wp\/v2\/posts\/4362\/revisions"}],"wp:featuredmedia":[{"embeddable":true,"href":"https:\/\/www.redeinspiraeducadores.com.br\/en\/wp-json\/"}],"wp:attachment":[{"href":"https:\/\/www.redeinspiraeducadores.com.br\/en\/wp-json\/wp\/v2\/media?parent=4362"}],"wp:term":[{"taxonomy":"category","embeddable":true,"href":"https:\/\/www.redeinspiraeducadores.com.br\/en\/wp-json\/wp\/v2\/categories?post=4362"},{"taxonomy":"post_tag","embeddable":true,"href":"https:\/\/www.redeinspiraeducadores.com.br\/en\/wp-json\/wp\/v2\/tags?post=4362"}],"curies":[{"name":"wp","href":"https:\/\/api.w.org\/{rel}","templated":true}]}}