{"id":2032,"date":"2026-03-01T16:13:51","date_gmt":"2026-03-01T16:13:51","guid":{"rendered":"https:\/\/www.redeinspiraeducadores.com.br\/?p=2032"},"modified":"2026-03-01T16:13:51","modified_gmt":"2026-03-01T16:13:51","slug":"colegio-sao-paulo-celebra-aprovacao-de-estudantes-na-escola-bahiana-de-medicina","status":"publish","type":"post","link":"https:\/\/www.redeinspiraeducadores.com.br\/en\/colegio-sao-paulo-celebra-aprovacao-de-estudantes-na-escola-bahiana-de-medicina\/","title":{"rendered":"Col\u00e9gio S\u00e3o Paulo celebra aprova\u00e7\u00e3o de estudantes na Escola Bahiana de Medicina"},"content":{"rendered":"<p>O Col\u00e9gio S\u00e3o Paulo, em Salvador, celebra a aprova\u00e7\u00e3o de alunos da 3\u00aa s\u00e9rie do Ensino M\u00e9dio na Escola Bahiana de Medicina e Sa\u00fade P\u00fablica (EBMSP). Para al\u00e9m da conquista acad\u00eamica, o momento representa a realiza\u00e7\u00e3o de sonhos constru\u00eddos ao longo de uma trajet\u00f3ria marcada por esfor\u00e7o, amadurecimento e escolhas conscientes. Segundo a professora Maria do Socorro, diretora do Col\u00e9gio S\u00e3o Paulo, essa conquista reflete a dedica\u00e7\u00e3o e o compromisso do col\u00e9gio em oferecer uma forma\u00e7\u00e3o s\u00f3lida, humana e transformadora. \u201cMais do que preparar para processos seletivos, o Col\u00e9gio S\u00e3o Paulo refor\u00e7a a miss\u00e3o de educar para a vida, apoiando sonhos e formando jovens preparados para escrever suas pr\u00f3prias hist\u00f3rias com responsabilidade, empatia e prop\u00f3sito\u201d, afirma.<\/p>\n\n\n\n<p><br>No Col\u00e9gio S\u00e3o Paulo, a prepara\u00e7\u00e3o para a universidade acontece de forma integrada \u00e0 forma\u00e7\u00e3o humana. O cotidiano escolar estimula o desenvolvimento da autonomia, da responsabilidade emocional e da confian\u00e7a, compet\u00eancias essenciais para enfrentar os desafios do ensino superior e da vida adulta.<\/p>\n\n\n\n<p>Ao celebrar essas conquistas, o Col\u00e9gio S\u00e3o Paulo segue de portas abertas para fam\u00edlias que desejam conhecer de perto seu projeto pedag\u00f3gico e a proposta de forma\u00e7\u00e3o que acompanha os estudantes em cada etapa da vida escolar. Informa\u00e7\u00f5es sobre matr\u00edculas e sobre o trabalho desenvolvido pela institui\u00e7\u00e3o podem ser acessadas atrav\u00e9s do https:\/\/www.cspba.com.br\/, ou entrar em contato via WhatsApp (71) 98667-5353.<\/p>","protected":false},"excerpt":{"rendered":"<p>O Col\u00e9gio S\u00e3o Paulo, em Salvador, celebra a aprova\u00e7\u00e3o de alunos da 3\u00aa s\u00e9rie do Ensino M\u00e9dio na Escola Bahiana [&hellip;]<\/p>\n","protected":false},"author":1,"featured_media":2033,"comment_status":"open","ping_status":"open","sticky":false,"template":"","format":"standard","meta":{"site-sidebar-layout":"default","site-content-layout":"","ast-site-content-layout":"default","site-content-style":"default","site-sidebar-style":"default","ast-global-header-display":"","ast-banner-title-visibility":"","ast-main-header-display":"","ast-hfb-above-header-display":"","ast-hfb-below-header-display":"","ast-hfb-mobile-header-display":"","site-post-title":"","ast-breadcrumbs-content":"","ast-featured-img":"","footer-sml-layout":"","ast-disable-related-posts":"","theme-transparent-header-meta":"","adv-header-id-meta":"","stick-header-meta":"","header-above-stick-meta":"","header-main-stick-meta":"","header-below-stick-meta":"","astra-migrate-meta-layouts":"default","ast-page-background-enabled":"default","ast-page-background-meta":{"desktop":{"background-color":"var(--ast-global-color-5)","background-image":"","background-repeat":"repeat","background-position":"center center","background-size":"auto","background-attachment":"scroll","background-type":"","background-media":"","overlay-type":"","overlay-color":"","overlay-opacity":"","overlay-gradient":""},"tablet":{"background-color":"","background-image":"","background-repeat":"repeat","background-position":"center center","background-size":"auto","background-attachment":"scroll","background-type":"","background-media":"","overlay-type":"","overlay-color":"","overlay-opacity":"","overlay-gradient":""},"mobile":{"background-color":"","background-image":"","background-repeat":"repeat","background-position":"center center","background-size":"auto","background-attachment":"scroll","background-type":"","background-media":"","overlay-type":"","overlay-color":"","overlay-opacity":"","overlay-gradient":""}},"ast-content-background-meta":{"desktop":{"background-color":"var(--ast-global-color-4)","background-image":"","background-repeat":"repeat","background-position":"center center","background-size":"auto","background-attachment":"scroll","background-type":"","background-media":"","overlay-type":"","overlay-color":"","overlay-opacity":"","overlay-gradient":""},"tablet":{"background-color":"var(--ast-global-color-4)","background-image":"","background-repeat":"repeat","background-position":"center center","background-size":"auto","background-attachment":"scroll","background-type":"","background-media":"","overlay-type":"","overlay-color":"","overlay-opacity":"","overlay-gradient":""},"mobile":{"background-color":"var(--ast-global-color-4)","background-image":"","background-repeat":"repeat","background-position":"center center","background-size":"auto","background-attachment":"scroll","background-type":"","background-media":"","overlay-type":"","overlay-color":"","overlay-opacity":"","overlay-gradient":""}},"footnotes":""},"categories":[1],"tags":[],"class_list":["post-2032","post","type-post","status-publish","format-standard","has-post-thumbnail","hentry","category-uncategorized"],"_links":{"self":[{"href":"https:\/\/www.redeinspiraeducadores.com.br\/en\/wp-json\/wp\/v2\/posts\/2032","targetHints":{"allow":["GET"]}}],"collection":[{"href":"https:\/\/www.redeinspiraeducadores.com.br\/en\/wp-json\/wp\/v2\/posts"}],"about":[{"href":"https:\/\/www.redeinspiraeducadores.com.br\/en\/wp-json\/wp\/v2\/types\/post"}],"author":[{"embeddable":true,"href":"https:\/\/www.redeinspiraeducadores.com.br\/en\/wp-json\/wp\/v2\/users\/1"}],"replies":[{"embeddable":true,"href":"https:\/\/www.redeinspiraeducadores.com.br\/en\/wp-json\/wp\/v2\/comments?post=2032"}],"version-history":[{"count":1,"href":"https:\/\/www.redeinspiraeducadores.com.br\/en\/wp-json\/wp\/v2\/posts\/2032\/revisions"}],"predecessor-version":[{"id":2034,"href":"https:\/\/www.redeinspiraeducadores.com.br\/en\/wp-json\/wp\/v2\/posts\/2032\/revisions\/2034"}],"wp:featuredmedia":[{"embeddable":true,"href":"https:\/\/www.redeinspiraeducadores.com.br\/en\/wp-json\/wp\/v2\/media\/2033"}],"wp:attachment":[{"href":"https:\/\/www.redeinspiraeducadores.com.br\/en\/wp-json\/wp\/v2\/media?parent=2032"}],"wp:term":[{"taxonomy":"category","embeddable":true,"href":"https:\/\/www.redeinspiraeducadores.com.br\/en\/wp-json\/wp\/v2\/categories?post=2032"},{"taxonomy":"post_tag","embeddable":true,"href":"https:\/\/www.redeinspiraeducadores.com.br\/en\/wp-json\/wp\/v2\/tags?post=2032"}],"curies":[{"name":"wp","href":"https:\/\/api.w.org\/{rel}","templated":true}]}}